{"id":12065,"date":"2024-04-24T15:06:15","date_gmt":"2024-04-24T13:06:15","guid":{"rendered":"https:\/\/www.pictofoundation.fr\/lancement-de-lappel-a-candidatures-de-la-bourse-du-talent-2024\/"},"modified":"2024-07-08T12:02:08","modified_gmt":"2024-07-08T10:02:08","slug":"call-for-applications-bourse-du-talent-2024","status":"publish","type":"post","link":"https:\/\/www.pictofoundation.fr\/en\/call-for-applications-bourse-du-talent-2024\/","title":{"rendered":"Call for applications Bourse du Talent 2024"},"content":{"rendered":"<p>Since 1998, <strong>Bourse du Talent<\/strong> rewards emerging photographers. This event was developed and tirelessly supported by <strong>Didier de Fa\u00ffs<\/strong>, also founder of Photographie.com. His sudden disappearance leaves this program partly orphaned. With his daughter A\u00ffa, we wanted to preserve its continuity, particularly for the springboard it represents for photographers..<\/p>\n<p>A\u00ffa de Fa\u00ffs and Philippe Gassmann have agreed to entrust the organization of <strong>Bourse du Talent<\/strong> to Picto Foundation, following Didier de Fa\u00ffs\u2019s attention to emerging artists.<\/p>\n<p>Since 2023, after 25 editions, Bourse du Talent has evolved in a desire to remain close to the proposals of contemporary photographers. Bourse du Talent is today interested in <strong>new documentary writings<\/strong> used by photographers to tell our world. At a time when press photography tends to be projected on screen rather than printed on paper, when emerging photographers largely make their projects coincide in a plurality of mediums and writings, Bourse du Talent still aims to be a megaphone listening to these new documentary expressions.<\/p>\n<figure id=\"attachment_12046\" aria-describedby=\"caption-attachment-12046\" style=\"width: 1331px\" class=\"wp-caption aligncenter\"><img loading=\"lazy\" decoding=\"async\" class=\"size-full wp-image-12047\" src=\"https:\/\/www.pictofoundation.fr\/wp-content\/uploads\/2024\/04\/kamila-copie.jpg\" alt=\"\" width=\"1331\" height=\"2000\" srcset=\"https:\/\/www.pictofoundation.fr\/wp-content\/uploads\/2024\/04\/kamila-copie.jpg 1331w, https:\/\/www.pictofoundation.fr\/wp-content\/uploads\/2024\/04\/kamila-copie-200x300.jpg 200w, https:\/\/www.pictofoundation.fr\/wp-content\/uploads\/2024\/04\/kamila-copie-681x1024.jpg 681w, https:\/\/www.pictofoundation.fr\/wp-content\/uploads\/2024\/04\/kamila-copie-768x1154.jpg 768w, https:\/\/www.pictofoundation.fr\/wp-content\/uploads\/2024\/04\/kamila-copie-1022x1536.jpg 1022w, https:\/\/www.pictofoundation.fr\/wp-content\/uploads\/2024\/04\/kamila-copie-500x751.jpg 500w, https:\/\/www.pictofoundation.fr\/wp-content\/uploads\/2024\/04\/kamila-copie-800x1202.jpg 800w, https:\/\/www.pictofoundation.fr\/wp-content\/uploads\/2024\/04\/kamila-copie-1280x1923.jpg 1280w\" sizes=\"auto, (max-width: 1331px) 100vw, 1331px\" \/><figcaption id=\"caption-attachment-12046\" class=\"wp-caption-text\">\u00a9 Kamila K. Stanley, laureate Bourse du Talent 2023<\/figcaption><\/figure>\n<p>Bourse du Talent also continues to fully play its role as a springboard towards the professionalization of photographers, keen to encourage their careers in the photography market.<\/p>\n<p>Each year, three Bourses du Talent are awarded to photographers whose projects are deployed around new documentary approaches, whether it is a plastic, scientific, literary approach, or any other transversality put forward in the story\u2019s service, or the use of new technologies to support narrative expression.<\/p>\n<p>Bourse du Talent is open to <strong>photographers of all nationalities, attentive to all subjects and all expressions <\/strong>and encourages eco-responsible and committed approaches.<\/p>\n<p>The <strong>Biblioth\u00e8que Nationale de France<\/strong> will exhibit the winning photographs of Bourse du Talent alongside other prestigious prizes, as part of the <em>La Photographie \u00e0 tout Prix<\/em> exhibition.<\/p>\n<p>After the laureates nomination, the organizers will choose alongside Saif one of them, who will benefit from the Bourse du Talent Saif (Society of Authors of Visual Arts and Still Images) worth 4000\u20ac, for the production of a documentary project.<\/p>\n<p>&gt; <a href=\"https:\/\/www.pictofoundation.fr\/wp-content\/uploads\/2024\/04\/CALL_FOR_APPLICATIONS_BDT_2024_EN.pdf\"><strong>Download call for application.<\/strong><\/a><\/p>\n<p>&nbsp;<\/p>\n","protected":false},"excerpt":{"rendered":"<p>Since 1998, Bourse du Talent rewards emerging photographers. This event was developed and tirelessly supported by Didier de Fa\u00ffs, also founder of Photographie.com. His sudden disappearance leaves this program partly orphaned. With his daughter A\u00ffa, we wanted to preserve its continuity, particularly for the springboard it represents for photographers.. A\u00ffa de Fa\u00ffs and Philippe Gassmann [&hellip;]<\/p>\n","protected":false},"author":3,"featured_media":12058,"comment_status":"closed","ping_status":"closed","sticky":false,"template":"single-post-style-2.php","format":"standard","meta":{"_acf_changed":false,"_vp_format_video_url":"","_vp_image_focal_point":[],"footnotes":""},"categories":[132],"tags":[133,108],"class_list":["post-12065","post","type-post","status-publish","format-standard","has-post-thumbnail","hentry","category-prix-en","tag-bourse-du-talent-en","tag-jeunes-talents-en"],"acf":[],"yoast_head":"<!-- This site is optimized with the Yoast SEO plugin v25.4 - https:\/\/yoast.com\/wordpress\/plugins\/seo\/ -->\n<title>Call for applications Bourse du Talent 2024 - Picto Foundation<\/title>\n<meta name=\"robots\" content=\"index, follow, max-snippet:-1, max-image-preview:large, max-video-preview:-1\" \/>\n<link rel=\"canonical\" href=\"https:\/\/www.pictofoundation.fr\/en\/call-for-applications-bourse-du-talent-2024\/\" \/>\n<meta property=\"og:locale\" content=\"en_US\" \/>\n<meta property=\"og:type\" content=\"article\" \/>\n<meta property=\"og:title\" content=\"Call for applications Bourse du Talent 2024 - Picto Foundation\" \/>\n<meta property=\"og:description\" content=\"Since 1998, Bourse du Talent rewards emerging photographers. This event was developed and tirelessly supported by Didier de Fa\u00ffs, also founder of Photographie.com. His sudden disappearance leaves this program partly orphaned. With his daughter A\u00ffa, we wanted to preserve its continuity, particularly for the springboard it represents for photographers.. A\u00ffa de Fa\u00ffs and Philippe Gassmann [&hellip;]\" \/>\n<meta property=\"og:url\" content=\"https:\/\/www.pictofoundation.fr\/en\/call-for-applications-bourse-du-talent-2024\/\" \/>\n<meta property=\"og:site_name\" content=\"Picto Foundation\" \/>\n<meta property=\"article:published_time\" content=\"2024-04-24T13:06:15+00:00\" \/>\n<meta property=\"article:modified_time\" content=\"2024-07-08T10:02:08+00:00\" \/>\n<meta property=\"og:image\" content=\"https:\/\/www.pictofoundation.fr\/wp-content\/uploads\/2024\/04\/APPEL-A-CANDIDATURES_BDT_2024_VF-copie-2.jpg\" \/>\n\t<meta property=\"og:image:width\" content=\"734\" \/>\n\t<meta property=\"og:image:height\" content=\"1100\" \/>\n\t<meta property=\"og:image:type\" content=\"image\/jpeg\" \/>\n<meta name=\"author\" content=\"Ericka Weidmann\" \/>\n<meta name=\"twitter:card\" content=\"summary_large_image\" \/>\n<meta name=\"twitter:label1\" content=\"Written by\" \/>\n\t<meta name=\"twitter:data1\" content=\"Ericka Weidmann\" \/>\n\t<meta name=\"twitter:label2\" content=\"Est. reading time\" \/>\n\t<meta name=\"twitter:data2\" content=\"12 minutes\" \/>\n<script type=\"application\/ld+json\" class=\"yoast-schema-graph\">{\"@context\":\"https:\/\/schema.org\",\"@graph\":[{\"@type\":\"WebPage\",\"@id\":\"https:\/\/www.pictofoundation.fr\/en\/call-for-applications-bourse-du-talent-2024\/\",\"url\":\"https:\/\/www.pictofoundation.fr\/en\/call-for-applications-bourse-du-talent-2024\/\",\"name\":\"Call for applications Bourse du Talent 2024 - Picto Foundation\",\"isPartOf\":{\"@id\":\"https:\/\/www.pictofoundation.fr\/en\/#website\"},\"primaryImageOfPage\":{\"@id\":\"https:\/\/www.pictofoundation.fr\/en\/call-for-applications-bourse-du-talent-2024\/#primaryimage\"},\"image\":{\"@id\":\"https:\/\/www.pictofoundation.fr\/en\/call-for-applications-bourse-du-talent-2024\/#primaryimage\"},\"thumbnailUrl\":\"https:\/\/www.pictofoundation.fr\/wp-content\/uploads\/2024\/04\/APPEL-A-CANDIDATURES_BDT_2024_VF-copie-2.jpg\",\"datePublished\":\"2024-04-24T13:06:15+00:00\",\"dateModified\":\"2024-07-08T10:02:08+00:00\",\"author\":{\"@id\":\"https:\/\/www.pictofoundation.fr\/en\/#\/schema\/person\/b80b86e5bfdeda634261a6b76495817c\"},\"breadcrumb\":{\"@id\":\"https:\/\/www.pictofoundation.fr\/en\/call-for-applications-bourse-du-talent-2024\/#breadcrumb\"},\"inLanguage\":\"en-US\",\"potentialAction\":[{\"@type\":\"ReadAction\",\"target\":[\"https:\/\/www.pictofoundation.fr\/en\/call-for-applications-bourse-du-talent-2024\/\"]}]},{\"@type\":\"ImageObject\",\"inLanguage\":\"en-US\",\"@id\":\"https:\/\/www.pictofoundation.fr\/en\/call-for-applications-bourse-du-talent-2024\/#primaryimage\",\"url\":\"https:\/\/www.pictofoundation.fr\/wp-content\/uploads\/2024\/04\/APPEL-A-CANDIDATURES_BDT_2024_VF-copie-2.jpg\",\"contentUrl\":\"https:\/\/www.pictofoundation.fr\/wp-content\/uploads\/2024\/04\/APPEL-A-CANDIDATURES_BDT_2024_VF-copie-2.jpg\",\"width\":734,\"height\":1100},{\"@type\":\"BreadcrumbList\",\"@id\":\"https:\/\/www.pictofoundation.fr\/en\/call-for-applications-bourse-du-talent-2024\/#breadcrumb\",\"itemListElement\":[{\"@type\":\"ListItem\",\"position\":1,\"name\":\"Accueil\",\"item\":\"https:\/\/www.pictofoundation.fr\/en\/\"},{\"@type\":\"ListItem\",\"position\":2,\"name\":\"Call for applications Bourse du Talent 2024\"}]},{\"@type\":\"WebSite\",\"@id\":\"https:\/\/www.pictofoundation.fr\/en\/#website\",\"url\":\"https:\/\/www.pictofoundation.fr\/en\/\",\"name\":\"Picto Foundation\",\"description\":\"Site de la fondation Picto, Groupe Picto\",\"potentialAction\":[{\"@type\":\"SearchAction\",\"target\":{\"@type\":\"EntryPoint\",\"urlTemplate\":\"https:\/\/www.pictofoundation.fr\/en\/?s={search_term_string}\"},\"query-input\":{\"@type\":\"PropertyValueSpecification\",\"valueRequired\":true,\"valueName\":\"search_term_string\"}}],\"inLanguage\":\"en-US\"},{\"@type\":\"Person\",\"@id\":\"https:\/\/www.pictofoundation.fr\/en\/#\/schema\/person\/b80b86e5bfdeda634261a6b76495817c\",\"name\":\"Ericka Weidmann\",\"url\":\"https:\/\/www.pictofoundation.fr\/en\/author\/ericka\/\"}]}<\/script>\n<!-- \/ Yoast SEO plugin. -->","yoast_head_json":{"title":"Call for applications Bourse du Talent 2024 - Picto Foundation","robots":{"index":"index","follow":"follow","max-snippet":"max-snippet:-1","max-image-preview":"max-image-preview:large","max-video-preview":"max-video-preview:-1"},"canonical":"https:\/\/www.pictofoundation.fr\/en\/call-for-applications-bourse-du-talent-2024\/","og_locale":"en_US","og_type":"article","og_title":"Call for applications Bourse du Talent 2024 - Picto Foundation","og_description":"Since 1998, Bourse du Talent rewards emerging photographers. This event was developed and tirelessly supported by Didier de Fa\u00ffs, also founder of Photographie.com. His sudden disappearance leaves this program partly orphaned. With his daughter A\u00ffa, we wanted to preserve its continuity, particularly for the springboard it represents for photographers.. A\u00ffa de Fa\u00ffs and Philippe Gassmann [&hellip;]","og_url":"https:\/\/www.pictofoundation.fr\/en\/call-for-applications-bourse-du-talent-2024\/","og_site_name":"Picto Foundation","article_published_time":"2024-04-24T13:06:15+00:00","article_modified_time":"2024-07-08T10:02:08+00:00","og_image":[{"width":734,"height":1100,"url":"https:\/\/www.pictofoundation.fr\/wp-content\/uploads\/2024\/04\/APPEL-A-CANDIDATURES_BDT_2024_VF-copie-2.jpg","type":"image\/jpeg"}],"author":"Ericka Weidmann","twitter_card":"summary_large_image","twitter_misc":{"Written by":"Ericka Weidmann","Est. reading time":"12 minutes"},"schema":{"@context":"https:\/\/schema.org","@graph":[{"@type":"WebPage","@id":"https:\/\/www.pictofoundation.fr\/en\/call-for-applications-bourse-du-talent-2024\/","url":"https:\/\/www.pictofoundation.fr\/en\/call-for-applications-bourse-du-talent-2024\/","name":"Call for applications Bourse du Talent 2024 - Picto Foundation","isPartOf":{"@id":"https:\/\/www.pictofoundation.fr\/en\/#website"},"primaryImageOfPage":{"@id":"https:\/\/www.pictofoundation.fr\/en\/call-for-applications-bourse-du-talent-2024\/#primaryimage"},"image":{"@id":"https:\/\/www.pictofoundation.fr\/en\/call-for-applications-bourse-du-talent-2024\/#primaryimage"},"thumbnailUrl":"https:\/\/www.pictofoundation.fr\/wp-content\/uploads\/2024\/04\/APPEL-A-CANDIDATURES_BDT_2024_VF-copie-2.jpg","datePublished":"2024-04-24T13:06:15+00:00","dateModified":"2024-07-08T10:02:08+00:00","author":{"@id":"https:\/\/www.pictofoundation.fr\/en\/#\/schema\/person\/b80b86e5bfdeda634261a6b76495817c"},"breadcrumb":{"@id":"https:\/\/www.pictofoundation.fr\/en\/call-for-applications-bourse-du-talent-2024\/#breadcrumb"},"inLanguage":"en-US","potentialAction":[{"@type":"ReadAction","target":["https:\/\/www.pictofoundation.fr\/en\/call-for-applications-bourse-du-talent-2024\/"]}]},{"@type":"ImageObject","inLanguage":"en-US","@id":"https:\/\/www.pictofoundation.fr\/en\/call-for-applications-bourse-du-talent-2024\/#primaryimage","url":"https:\/\/www.pictofoundation.fr\/wp-content\/uploads\/2024\/04\/APPEL-A-CANDIDATURES_BDT_2024_VF-copie-2.jpg","contentUrl":"https:\/\/www.pictofoundation.fr\/wp-content\/uploads\/2024\/04\/APPEL-A-CANDIDATURES_BDT_2024_VF-copie-2.jpg","width":734,"height":1100},{"@type":"BreadcrumbList","@id":"https:\/\/www.pictofoundation.fr\/en\/call-for-applications-bourse-du-talent-2024\/#breadcrumb","itemListElement":[{"@type":"ListItem","position":1,"name":"Accueil","item":"https:\/\/www.pictofoundation.fr\/en\/"},{"@type":"ListItem","position":2,"name":"Call for applications Bourse du Talent 2024"}]},{"@type":"WebSite","@id":"https:\/\/www.pictofoundation.fr\/en\/#website","url":"https:\/\/www.pictofoundation.fr\/en\/","name":"Picto Foundation","description":"Site de la fondation Picto, Groupe Picto","potentialAction":[{"@type":"SearchAction","target":{"@type":"EntryPoint","urlTemplate":"https:\/\/www.pictofoundation.fr\/en\/?s={search_term_string}"},"query-input":{"@type":"PropertyValueSpecification","valueRequired":true,"valueName":"search_term_string"}}],"inLanguage":"en-US"},{"@type":"Person","@id":"https:\/\/www.pictofoundation.fr\/en\/#\/schema\/person\/b80b86e5bfdeda634261a6b76495817c","name":"Ericka Weidmann","url":"https:\/\/www.pictofoundation.fr\/en\/author\/ericka\/"}]}},"_links":{"self":[{"href":"https:\/\/www.pictofoundation.fr\/en\/wp-json\/wp\/v2\/posts\/12065","targetHints":{"allow":["GET"]}}],"collection":[{"href":"https:\/\/www.pictofoundation.fr\/en\/wp-json\/wp\/v2\/posts"}],"about":[{"href":"https:\/\/www.pictofoundation.fr\/en\/wp-json\/wp\/v2\/types\/post"}],"author":[{"embeddable":true,"href":"https:\/\/www.pictofoundation.fr\/en\/wp-json\/wp\/v2\/users\/3"}],"replies":[{"embeddable":true,"href":"https:\/\/www.pictofoundation.fr\/en\/wp-json\/wp\/v2\/comments?post=12065"}],"version-history":[{"count":0,"href":"https:\/\/www.pictofoundation.fr\/en\/wp-json\/wp\/v2\/posts\/12065\/revisions"}],"wp:featuredmedia":[{"embeddable":true,"href":"https:\/\/www.pictofoundation.fr\/en\/wp-json\/wp\/v2\/media\/12058"}],"wp:attachment":[{"href":"https:\/\/www.pictofoundation.fr\/en\/wp-json\/wp\/v2\/media?parent=12065"}],"wp:term":[{"taxonomy":"category","embeddable":true,"href":"https:\/\/www.pictofoundation.fr\/en\/wp-json\/wp\/v2\/categories?post=12065"},{"taxonomy":"post_tag","embeddable":true,"href":"https:\/\/www.pictofoundation.fr\/en\/wp-json\/wp\/v2\/tags?post=12065"}],"curies":[{"name":"wp","href":"https:\/\/api.w.org\/{rel}","templated":true}]}}