{"id":12119,"date":"2023-03-08T06:00:42","date_gmt":"2023-03-08T05:00:42","guid":{"rendered":"https:\/\/www.pictofoundation.fr\/laureat-picto-lab-2023-thomas-paquet\/"},"modified":"2024-05-09T11:09:18","modified_gmt":"2024-05-09T09:09:18","slug":"laureat-picto-lab-2023-thomas-paquet","status":"publish","type":"post","link":"https:\/\/www.pictofoundation.fr\/en\/laureat-picto-lab-2023-thomas-paquet\/","title":{"rendered":"PICTO LAB 2023 LAUREATE: Thomas Paquet"},"content":{"rendered":"<h2>The jury for the third edition of the PICTO LAB \/ EXPERIMENTER L&#8217;IMAGE residency met and chose Thomas Paquet&#8217;s project, for its systematized and artisanal approach to luminous variations, which he develops with meticulous devices, always pushing further the encounter between light, space and time.<\/h2>\n<p><figure id=\"attachment_8288\" aria-describedby=\"caption-attachment-8288\" style=\"width: 1772px\" class=\"wp-caption aligncenter\"><img loading=\"lazy\" decoding=\"async\" class=\"size-full wp-image-8289\" src=\"https:\/\/www.pictofoundation.fr\/wp-content\/uploads\/2023\/03\/instal1-copie.jpg\" alt=\"\" width=\"1772\" height=\"1328\" srcset=\"https:\/\/www.pictofoundation.fr\/wp-content\/uploads\/2023\/03\/instal1-copie.jpg 1772w, https:\/\/www.pictofoundation.fr\/wp-content\/uploads\/2023\/03\/instal1-copie-300x225.jpg 300w, https:\/\/www.pictofoundation.fr\/wp-content\/uploads\/2023\/03\/instal1-copie-1024x767.jpg 1024w, https:\/\/www.pictofoundation.fr\/wp-content\/uploads\/2023\/03\/instal1-copie-768x576.jpg 768w, https:\/\/www.pictofoundation.fr\/wp-content\/uploads\/2023\/03\/instal1-copie-1536x1151.jpg 1536w, https:\/\/www.pictofoundation.fr\/wp-content\/uploads\/2023\/03\/instal1-copie-500x375.jpg 500w, https:\/\/www.pictofoundation.fr\/wp-content\/uploads\/2023\/03\/instal1-copie-800x600.jpg 800w, https:\/\/www.pictofoundation.fr\/wp-content\/uploads\/2023\/03\/instal1-copie-1280x959.jpg 1280w\" sizes=\"auto, (max-width: 1772px) 100vw, 1772px\" \/><figcaption id=\"caption-attachment-8288\" class=\"wp-caption-text\">\u00a9 Thomas Paquet<\/figcaption><\/figure><br \/>\n\u201cThrough a series of light devices, I aim to create a series of works inspired by ancient scaphes and gnomons, the first measuring instruments made by mankind. This work of capturing light by creating sundials refers to humanity&#8217;s primitive need to measure time. It also demonstrates a poetic and meditative approach to the passing of time, a vital movement, an encounter with light. Finally, for me, it is a question of continuing to question photography as its own subject by creating a mise en abyme between the insolation device, the camera, and the result, the sculpture, itself an insolation device. \u00bb<\/p>\n<figure id=\"attachment_8290\" aria-describedby=\"caption-attachment-8290\" style=\"width: 1407px\" class=\"wp-caption aligncenter\"><img loading=\"lazy\" decoding=\"async\" class=\"size-full wp-image-8291\" src=\"https:\/\/www.pictofoundation.fr\/wp-content\/uploads\/2023\/03\/ldh-20juin19-13h58-copie.jpg\" alt=\"\" width=\"1407\" height=\"1500\" srcset=\"https:\/\/www.pictofoundation.fr\/wp-content\/uploads\/2023\/03\/ldh-20juin19-13h58-copie.jpg 1407w, https:\/\/www.pictofoundation.fr\/wp-content\/uploads\/2023\/03\/ldh-20juin19-13h58-copie-281x300.jpg 281w, https:\/\/www.pictofoundation.fr\/wp-content\/uploads\/2023\/03\/ldh-20juin19-13h58-copie-961x1024.jpg 961w, https:\/\/www.pictofoundation.fr\/wp-content\/uploads\/2023\/03\/ldh-20juin19-13h58-copie-768x819.jpg 768w, https:\/\/www.pictofoundation.fr\/wp-content\/uploads\/2023\/03\/ldh-20juin19-13h58-copie-500x533.jpg 500w, https:\/\/www.pictofoundation.fr\/wp-content\/uploads\/2023\/03\/ldh-20juin19-13h58-copie-800x853.jpg 800w, https:\/\/www.pictofoundation.fr\/wp-content\/uploads\/2023\/03\/ldh-20juin19-13h58-copie-1280x1365.jpg 1280w\" sizes=\"auto, (max-width: 1407px) 100vw, 1407px\" \/><figcaption id=\"caption-attachment-8290\" class=\"wp-caption-text\">S\u00e9rie \u00ab L\u2019ombre des heures \u00bb &#8211; \u00a9 Thomas Paquet<\/figcaption><\/figure>\n<p>Franco-Canadian artist born in 1979, Thomas Paquet questions the nature of time, the structure of its uninterrupted flow, and the dynamics of its movement. For several years, in a construction game to paint a sensitive experience of the world, Thomas Paquet has undertaken photographic study work around its fundamental characteristics: light, space, and time.<br \/>\nRepresented by Galerie Bigaignon, Thomas Paquet&#8217;s work has been the subject of several personal exhibitions and has also been presented at exhibitions and fairs such as Paris Photo or a ppr oc he. He is also a finalist for the Swiss Life \u00e0 4 Mains and BMW Art Makers prizes in 2022. Thomas Paquet lives and works in Paris.<\/p>\n<p>Thomas Paquet is sponsored by Galerie Le Lieu.<\/p>\n<p>The jury was composed of: :<\/p>\n<p>&#8211; H\u00e9lo\u00efse Con\u00e9sa, <strong> Biblioth\u00e8que Nationale de France, heritage curator in charge of the contemporary photography collection <\/strong><br \/>\n&#8211; Thierry Bigaignon, <strong> Director of Bigaignon Gallery <\/strong><br \/>\n&#8211; Audrey Hoareau, <strong> Director of the regional photography center <\/strong><br \/>\n&#8211; Christophe Batifoulier, <strong> printer at PICTO <\/strong><br \/>\n&#8211; Emilia Genuardi, <strong> Director of  a ppr oc he salon <\/strong><br \/>\n&#8211; La Fab. &#8211; <strong> agn\u00e8s b endowment funds <\/strong><br \/>\n&#8211; B\u00e9n\u00e9dicte Alliot, <strong> CEO of la Cit\u00e9 internationale des arts <\/strong><br \/>\n-Guillaume Dethan, <strong> Dream Big and Grow Fast Foundation <\/strong><br \/>\n&#8211; Lucas Leffler, <strong> laureate 2022<\/strong><br \/>\n&#8211; Victor Gassmann, <strong> CAO of PICTO <\/strong><\/p>\n<p><img loading=\"lazy\" decoding=\"async\" class=\"aligncenter size-full wp-image-7129\" src=\"https:\/\/www.pictofoundation.fr\/wp-content\/uploads\/2022\/03\/logo.jpg\" alt=\"\" width=\"1200\" height=\"233\" \/><\/p>\n","protected":false},"excerpt":{"rendered":"<p>The jury for the third edition of the PICTO LAB \/ EXPERIMENTER L&#8217;IMAGE residency met and chose Thomas Paquet&#8217;s project, for its systematized and artisanal approach to luminous variations, which he develops with meticulous devices, always pushing further the encounter between light, space and time. \u201cThrough a series of light devices, I aim to create [&hellip;]<\/p>\n","protected":false},"author":3,"featured_media":8285,"comment_status":"closed","ping_status":"closed","sticky":false,"template":"","format":"video","meta":{"_acf_changed":false,"_vp_format_video_url":"https:\/\/youtu.be\/b5qGjS6KEvw","_vp_image_focal_point":[],"footnotes":""},"categories":[109],"tags":[],"class_list":["post-12119","post","type-post","status-publish","format-video","has-post-thumbnail","hentry","category-residence-en","post_format-post-format-video"],"acf":[],"yoast_head":"<!-- This site is optimized with the Yoast SEO plugin v25.4 - https:\/\/yoast.com\/wordpress\/plugins\/seo\/ -->\n<title>PICTO LAB 2023 LAUREATE: Thomas Paquet - Picto Foundation<\/title>\n<meta name=\"robots\" content=\"index, follow, max-snippet:-1, max-image-preview:large, max-video-preview:-1\" \/>\n<link rel=\"canonical\" href=\"https:\/\/www.pictofoundation.fr\/en\/laureat-picto-lab-2023-thomas-paquet\/\" \/>\n<meta property=\"og:locale\" content=\"en_US\" \/>\n<meta property=\"og:type\" content=\"article\" \/>\n<meta property=\"og:title\" content=\"PICTO LAB 2023 LAUREATE: Thomas Paquet - Picto Foundation\" \/>\n<meta property=\"og:description\" content=\"The jury for the third edition of the PICTO LAB \/ EXPERIMENTER L&#8217;IMAGE residency met and chose Thomas Paquet&#8217;s project, for its systematized and artisanal approach to luminous variations, which he develops with meticulous devices, always pushing further the encounter between light, space and time. \u201cThrough a series of light devices, I aim to create [&hellip;]\" \/>\n<meta property=\"og:url\" content=\"https:\/\/www.pictofoundation.fr\/en\/laureat-picto-lab-2023-thomas-paquet\/\" \/>\n<meta property=\"og:site_name\" content=\"Picto Foundation\" \/>\n<meta property=\"article:published_time\" content=\"2023-03-08T05:00:42+00:00\" \/>\n<meta property=\"article:modified_time\" content=\"2024-05-09T09:09:18+00:00\" \/>\n<meta property=\"og:image\" content=\"https:\/\/www.pictofoundation.fr\/wp-content\/uploads\/2023\/03\/thomas-paquet-picto-and-guest-copie-2.jpg\" \/>\n\t<meta property=\"og:image:width\" content=\"1500\" \/>\n\t<meta property=\"og:image:height\" content=\"861\" \/>\n\t<meta property=\"og:image:type\" content=\"image\/jpeg\" \/>\n<meta name=\"author\" content=\"Ericka Weidmann\" \/>\n<meta name=\"twitter:card\" content=\"summary_large_image\" \/>\n<meta name=\"twitter:label1\" content=\"Written by\" \/>\n\t<meta name=\"twitter:data1\" content=\"Ericka Weidmann\" \/>\n\t<meta name=\"twitter:label2\" content=\"Est. reading time\" \/>\n\t<meta name=\"twitter:data2\" content=\"2 minutes\" \/>\n<script type=\"application\/ld+json\" class=\"yoast-schema-graph\">{\"@context\":\"https:\/\/schema.org\",\"@graph\":[{\"@type\":\"WebPage\",\"@id\":\"https:\/\/www.pictofoundation.fr\/en\/laureat-picto-lab-2023-thomas-paquet\/\",\"url\":\"https:\/\/www.pictofoundation.fr\/en\/laureat-picto-lab-2023-thomas-paquet\/\",\"name\":\"PICTO LAB 2023 LAUREATE: Thomas Paquet - Picto Foundation\",\"isPartOf\":{\"@id\":\"https:\/\/www.pictofoundation.fr\/en\/#website\"},\"primaryImageOfPage\":{\"@id\":\"https:\/\/www.pictofoundation.fr\/en\/laureat-picto-lab-2023-thomas-paquet\/#primaryimage\"},\"image\":{\"@id\":\"https:\/\/www.pictofoundation.fr\/en\/laureat-picto-lab-2023-thomas-paquet\/#primaryimage\"},\"thumbnailUrl\":\"https:\/\/www.pictofoundation.fr\/wp-content\/uploads\/2023\/03\/thomas-paquet-picto-and-guest-copie-2.jpg\",\"datePublished\":\"2023-03-08T05:00:42+00:00\",\"dateModified\":\"2024-05-09T09:09:18+00:00\",\"author\":{\"@id\":\"https:\/\/www.pictofoundation.fr\/en\/#\/schema\/person\/b80b86e5bfdeda634261a6b76495817c\"},\"breadcrumb\":{\"@id\":\"https:\/\/www.pictofoundation.fr\/en\/laureat-picto-lab-2023-thomas-paquet\/#breadcrumb\"},\"inLanguage\":\"en-US\",\"potentialAction\":[{\"@type\":\"ReadAction\",\"target\":[\"https:\/\/www.pictofoundation.fr\/en\/laureat-picto-lab-2023-thomas-paquet\/\"]}]},{\"@type\":\"ImageObject\",\"inLanguage\":\"en-US\",\"@id\":\"https:\/\/www.pictofoundation.fr\/en\/laureat-picto-lab-2023-thomas-paquet\/#primaryimage\",\"url\":\"https:\/\/www.pictofoundation.fr\/wp-content\/uploads\/2023\/03\/thomas-paquet-picto-and-guest-copie-2.jpg\",\"contentUrl\":\"https:\/\/www.pictofoundation.fr\/wp-content\/uploads\/2023\/03\/thomas-paquet-picto-and-guest-copie-2.jpg\",\"width\":1500,\"height\":861},{\"@type\":\"BreadcrumbList\",\"@id\":\"https:\/\/www.pictofoundation.fr\/en\/laureat-picto-lab-2023-thomas-paquet\/#breadcrumb\",\"itemListElement\":[{\"@type\":\"ListItem\",\"position\":1,\"name\":\"Accueil\",\"item\":\"https:\/\/www.pictofoundation.fr\/en\/\"},{\"@type\":\"ListItem\",\"position\":2,\"name\":\"PICTO LAB 2023 LAUREATE: Thomas Paquet\"}]},{\"@type\":\"WebSite\",\"@id\":\"https:\/\/www.pictofoundation.fr\/en\/#website\",\"url\":\"https:\/\/www.pictofoundation.fr\/en\/\",\"name\":\"Picto Foundation\",\"description\":\"Site de la fondation Picto, Groupe Picto\",\"potentialAction\":[{\"@type\":\"SearchAction\",\"target\":{\"@type\":\"EntryPoint\",\"urlTemplate\":\"https:\/\/www.pictofoundation.fr\/en\/?s={search_term_string}\"},\"query-input\":{\"@type\":\"PropertyValueSpecification\",\"valueRequired\":true,\"valueName\":\"search_term_string\"}}],\"inLanguage\":\"en-US\"},{\"@type\":\"Person\",\"@id\":\"https:\/\/www.pictofoundation.fr\/en\/#\/schema\/person\/b80b86e5bfdeda634261a6b76495817c\",\"name\":\"Ericka Weidmann\",\"url\":\"https:\/\/www.pictofoundation.fr\/en\/author\/ericka\/\"}]}<\/script>\n<!-- \/ Yoast SEO plugin. -->","yoast_head_json":{"title":"PICTO LAB 2023 LAUREATE: Thomas Paquet - Picto Foundation","robots":{"index":"index","follow":"follow","max-snippet":"max-snippet:-1","max-image-preview":"max-image-preview:large","max-video-preview":"max-video-preview:-1"},"canonical":"https:\/\/www.pictofoundation.fr\/en\/laureat-picto-lab-2023-thomas-paquet\/","og_locale":"en_US","og_type":"article","og_title":"PICTO LAB 2023 LAUREATE: Thomas Paquet - Picto Foundation","og_description":"The jury for the third edition of the PICTO LAB \/ EXPERIMENTER L&#8217;IMAGE residency met and chose Thomas Paquet&#8217;s project, for its systematized and artisanal approach to luminous variations, which he develops with meticulous devices, always pushing further the encounter between light, space and time. \u201cThrough a series of light devices, I aim to create [&hellip;]","og_url":"https:\/\/www.pictofoundation.fr\/en\/laureat-picto-lab-2023-thomas-paquet\/","og_site_name":"Picto Foundation","article_published_time":"2023-03-08T05:00:42+00:00","article_modified_time":"2024-05-09T09:09:18+00:00","og_image":[{"width":1500,"height":861,"url":"https:\/\/www.pictofoundation.fr\/wp-content\/uploads\/2023\/03\/thomas-paquet-picto-and-guest-copie-2.jpg","type":"image\/jpeg"}],"author":"Ericka Weidmann","twitter_card":"summary_large_image","twitter_misc":{"Written by":"Ericka Weidmann","Est. reading time":"2 minutes"},"schema":{"@context":"https:\/\/schema.org","@graph":[{"@type":"WebPage","@id":"https:\/\/www.pictofoundation.fr\/en\/laureat-picto-lab-2023-thomas-paquet\/","url":"https:\/\/www.pictofoundation.fr\/en\/laureat-picto-lab-2023-thomas-paquet\/","name":"PICTO LAB 2023 LAUREATE: Thomas Paquet - Picto Foundation","isPartOf":{"@id":"https:\/\/www.pictofoundation.fr\/en\/#website"},"primaryImageOfPage":{"@id":"https:\/\/www.pictofoundation.fr\/en\/laureat-picto-lab-2023-thomas-paquet\/#primaryimage"},"image":{"@id":"https:\/\/www.pictofoundation.fr\/en\/laureat-picto-lab-2023-thomas-paquet\/#primaryimage"},"thumbnailUrl":"https:\/\/www.pictofoundation.fr\/wp-content\/uploads\/2023\/03\/thomas-paquet-picto-and-guest-copie-2.jpg","datePublished":"2023-03-08T05:00:42+00:00","dateModified":"2024-05-09T09:09:18+00:00","author":{"@id":"https:\/\/www.pictofoundation.fr\/en\/#\/schema\/person\/b80b86e5bfdeda634261a6b76495817c"},"breadcrumb":{"@id":"https:\/\/www.pictofoundation.fr\/en\/laureat-picto-lab-2023-thomas-paquet\/#breadcrumb"},"inLanguage":"en-US","potentialAction":[{"@type":"ReadAction","target":["https:\/\/www.pictofoundation.fr\/en\/laureat-picto-lab-2023-thomas-paquet\/"]}]},{"@type":"ImageObject","inLanguage":"en-US","@id":"https:\/\/www.pictofoundation.fr\/en\/laureat-picto-lab-2023-thomas-paquet\/#primaryimage","url":"https:\/\/www.pictofoundation.fr\/wp-content\/uploads\/2023\/03\/thomas-paquet-picto-and-guest-copie-2.jpg","contentUrl":"https:\/\/www.pictofoundation.fr\/wp-content\/uploads\/2023\/03\/thomas-paquet-picto-and-guest-copie-2.jpg","width":1500,"height":861},{"@type":"BreadcrumbList","@id":"https:\/\/www.pictofoundation.fr\/en\/laureat-picto-lab-2023-thomas-paquet\/#breadcrumb","itemListElement":[{"@type":"ListItem","position":1,"name":"Accueil","item":"https:\/\/www.pictofoundation.fr\/en\/"},{"@type":"ListItem","position":2,"name":"PICTO LAB 2023 LAUREATE: Thomas Paquet"}]},{"@type":"WebSite","@id":"https:\/\/www.pictofoundation.fr\/en\/#website","url":"https:\/\/www.pictofoundation.fr\/en\/","name":"Picto Foundation","description":"Site de la fondation Picto, Groupe Picto","potentialAction":[{"@type":"SearchAction","target":{"@type":"EntryPoint","urlTemplate":"https:\/\/www.pictofoundation.fr\/en\/?s={search_term_string}"},"query-input":{"@type":"PropertyValueSpecification","valueRequired":true,"valueName":"search_term_string"}}],"inLanguage":"en-US"},{"@type":"Person","@id":"https:\/\/www.pictofoundation.fr\/en\/#\/schema\/person\/b80b86e5bfdeda634261a6b76495817c","name":"Ericka Weidmann","url":"https:\/\/www.pictofoundation.fr\/en\/author\/ericka\/"}]}},"_links":{"self":[{"href":"https:\/\/www.pictofoundation.fr\/en\/wp-json\/wp\/v2\/posts\/12119","targetHints":{"allow":["GET"]}}],"collection":[{"href":"https:\/\/www.pictofoundation.fr\/en\/wp-json\/wp\/v2\/posts"}],"about":[{"href":"https:\/\/www.pictofoundation.fr\/en\/wp-json\/wp\/v2\/types\/post"}],"author":[{"embeddable":true,"href":"https:\/\/www.pictofoundation.fr\/en\/wp-json\/wp\/v2\/users\/3"}],"replies":[{"embeddable":true,"href":"https:\/\/www.pictofoundation.fr\/en\/wp-json\/wp\/v2\/comments?post=12119"}],"version-history":[{"count":0,"href":"https:\/\/www.pictofoundation.fr\/en\/wp-json\/wp\/v2\/posts\/12119\/revisions"}],"wp:featuredmedia":[{"embeddable":true,"href":"https:\/\/www.pictofoundation.fr\/en\/wp-json\/wp\/v2\/media\/8285"}],"wp:attachment":[{"href":"https:\/\/www.pictofoundation.fr\/en\/wp-json\/wp\/v2\/media?parent=12119"}],"wp:term":[{"taxonomy":"category","embeddable":true,"href":"https:\/\/www.pictofoundation.fr\/en\/wp-json\/wp\/v2\/categories?post=12119"},{"taxonomy":"post_tag","embeddable":true,"href":"https:\/\/www.pictofoundation.fr\/en\/wp-json\/wp\/v2\/tags?post=12119"}],"curies":[{"name":"wp","href":"https:\/\/api.w.org\/{rel}","templated":true}]}}