{"id":12139,"date":"2024-05-16T20:00:35","date_gmt":"2024-05-16T18:00:35","guid":{"rendered":"https:\/\/www.pictofoundation.fr\/prix-niepce-2024-anne-lise-broyer\/"},"modified":"2024-05-20T19:09:20","modified_gmt":"2024-05-20T17:09:20","slug":"prix-niepce-2024-anne-lise-broyer","status":"publish","type":"post","link":"https:\/\/www.pictofoundation.fr\/en\/prix-niepce-2024-anne-lise-broyer\/","title":{"rendered":"Ni\u00e9pce prize 2024: Anne-Lise Broyer"},"content":{"rendered":"<p>Since 2016, Picto Foundation, PICTO laboratories\u2019 endowment fund, has been pleased to partner with Gens d\u2019images to celebrate and support the Ni\u00e9pce Prize. The 69th edition of the Ni\u00e9pce Gens d\u2019images Prize has just been awarded to French photographer Anne-Lise Broyer. Emmanuelle Kouchner, editorial director at Delpire\/Libella, submitted her application. The exhibition of the 2023 winner, Juliette Agnel, will open its doors on June 14 at the Jeu de Paume \u2013 Tours.<\/p>\n<figure id=\"attachment_12129\" aria-describedby=\"caption-attachment-12129\" style=\"width: 1342px\" class=\"wp-caption aligncenter\"><img loading=\"lazy\" decoding=\"async\" class=\"size-full wp-image-12130\" src=\"https:\/\/www.pictofoundation.fr\/wp-content\/uploads\/2024\/05\/Bayaux_2021_\u252c\u00aeALBROYER.jpg\" alt=\"\" width=\"1342\" height=\"2000\" srcset=\"https:\/\/www.pictofoundation.fr\/wp-content\/uploads\/2024\/05\/Bayaux_2021_\u252c\u00aeALBROYER.jpg 1342w, https:\/\/www.pictofoundation.fr\/wp-content\/uploads\/2024\/05\/Bayaux_2021_\u252c\u00aeALBROYER-201x300.jpg 201w, https:\/\/www.pictofoundation.fr\/wp-content\/uploads\/2024\/05\/Bayaux_2021_\u252c\u00aeALBROYER-687x1024.jpg 687w, https:\/\/www.pictofoundation.fr\/wp-content\/uploads\/2024\/05\/Bayaux_2021_\u252c\u00aeALBROYER-768x1145.jpg 768w, https:\/\/www.pictofoundation.fr\/wp-content\/uploads\/2024\/05\/Bayaux_2021_\u252c\u00aeALBROYER-1031x1536.jpg 1031w, https:\/\/www.pictofoundation.fr\/wp-content\/uploads\/2024\/05\/Bayaux_2021_\u252c\u00aeALBROYER-500x745.jpg 500w, https:\/\/www.pictofoundation.fr\/wp-content\/uploads\/2024\/05\/Bayaux_2021_\u252c\u00aeALBROYER-800x1192.jpg 800w, https:\/\/www.pictofoundation.fr\/wp-content\/uploads\/2024\/05\/Bayaux_2021_\u252c\u00aeALBROYER-1280x1908.jpg 1280w\" sizes=\"auto, (max-width: 1342px) 100vw, 1342px\" \/><figcaption id=\"caption-attachment-12129\" class=\"wp-caption-text\">Bayeux, 2021 \u00a9 Anne-Lise Broyer<\/figcaption><\/figure>\n<p>A graduate of the \u00c9cole Nationale Sup\u00e9rieure des Arts D\u00e9coratifs in Paris and the Atelier National de Recherches Typgraphiques, Anne-Lise Broyer has been pursuing a singular photographic work for more than 20 years, that can be summed up as an experience of literature through the gaze, by knotting very intimately reading and image emergence, writing and photography, as showed by her numerous editions shared with Pierre Michon, Bernard No\u00ebl, Colette Fellous, Yannick Haenel, Jean-Luc Nancy, Suzanne Doppelt, Mathilde Girard, L\u00e9a Bismuth, Muriel Pic, Jean-Luc Germain, Colin Lemoine\u2026<\/p>\n<p>She works on her series like a writer wielding language, but in a language spoken and heard through the eye. The use of a graphic pencil drawing directly on the silver print creates visual situations that refer to the specificity of the photographic image and its technical history (photogenic drawing, daguerreotype, etc\u2026) This process is a journey between two sensitive worlds, the world of sight (photography), and the world of the hand (writing). The eye gently welcomes the images, before letting them descend into the hand. The spectator wanders through the image, from one technique to another, as in a forest where the eye gets lost, stumbles upon a trunk, and finds the opening of a path again: the full frame.<\/p>\n<figure id=\"attachment_12131\" aria-describedby=\"caption-attachment-12131\" style=\"width: 1342px\" class=\"wp-caption aligncenter\"><img loading=\"lazy\" decoding=\"async\" class=\"size-full wp-image-12132\" src=\"https:\/\/www.pictofoundation.fr\/wp-content\/uploads\/2024\/05\/Paris_2021_\u252c\u00aeALBROYER.jpg\" alt=\"\" width=\"1342\" height=\"2000\" srcset=\"https:\/\/www.pictofoundation.fr\/wp-content\/uploads\/2024\/05\/Paris_2021_\u252c\u00aeALBROYER.jpg 1342w, https:\/\/www.pictofoundation.fr\/wp-content\/uploads\/2024\/05\/Paris_2021_\u252c\u00aeALBROYER-201x300.jpg 201w, https:\/\/www.pictofoundation.fr\/wp-content\/uploads\/2024\/05\/Paris_2021_\u252c\u00aeALBROYER-687x1024.jpg 687w, https:\/\/www.pictofoundation.fr\/wp-content\/uploads\/2024\/05\/Paris_2021_\u252c\u00aeALBROYER-768x1145.jpg 768w, https:\/\/www.pictofoundation.fr\/wp-content\/uploads\/2024\/05\/Paris_2021_\u252c\u00aeALBROYER-1031x1536.jpg 1031w, https:\/\/www.pictofoundation.fr\/wp-content\/uploads\/2024\/05\/Paris_2021_\u252c\u00aeALBROYER-500x745.jpg 500w, https:\/\/www.pictofoundation.fr\/wp-content\/uploads\/2024\/05\/Paris_2021_\u252c\u00aeALBROYER-800x1192.jpg 800w, https:\/\/www.pictofoundation.fr\/wp-content\/uploads\/2024\/05\/Paris_2021_\u252c\u00aeALBROYER-1280x1908.jpg 1280w\" sizes=\"auto, (max-width: 1342px) 100vw, 1342px\" \/><figcaption id=\"caption-attachment-12131\" class=\"wp-caption-text\">Paris, 2021 \u00a9 Anne-Lise Broyer<\/figcaption><\/figure>\n<p>In 2024, the Ni\u00e9pce Gens d\u2019images Prize has be given \u20ac15,000 by ADAGP and PICTO Foundation. The winner will also benefit from a Gens d&#8217;images Workshop with a conference organized in Paris on Wednesday, June 19, 2024, at the ADAGP auditorium, an exhibition at the French National Library Fran\u00e7ois Mitterrand from December 2024 to February 2025, and an exhibition at the Jeu de Paume Tours during the summer of 2025, supported by the Ministry of Culture. They will also benefit from an exhibition from January to March 2026, under copyright of \u20ac2,000, organized by the Galerie Dityvon \u2013 University of Angers, as well as the acquisition of prints by the Prints and Photography department of the BnF.<\/p>\n<figure id=\"attachment_12133\" aria-describedby=\"caption-attachment-12133\" style=\"width: 2126px\" class=\"wp-caption aligncenter\"><img loading=\"lazy\" decoding=\"async\" class=\"size-full wp-image-12134\" src=\"https:\/\/www.pictofoundation.fr\/wp-content\/uploads\/2024\/05\/Nogen-sur-Marne_2016_\u252c\u00aeALBROYER-copie.jpg\" alt=\"\" width=\"2126\" height=\"1417\" srcset=\"https:\/\/www.pictofoundation.fr\/wp-content\/uploads\/2024\/05\/Nogen-sur-Marne_2016_\u252c\u00aeALBROYER-copie.jpg 2126w, https:\/\/www.pictofoundation.fr\/wp-content\/uploads\/2024\/05\/Nogen-sur-Marne_2016_\u252c\u00aeALBROYER-copie-300x200.jpg 300w, https:\/\/www.pictofoundation.fr\/wp-content\/uploads\/2024\/05\/Nogen-sur-Marne_2016_\u252c\u00aeALBROYER-copie-1024x683.jpg 1024w, https:\/\/www.pictofoundation.fr\/wp-content\/uploads\/2024\/05\/Nogen-sur-Marne_2016_\u252c\u00aeALBROYER-copie-768x512.jpg 768w, https:\/\/www.pictofoundation.fr\/wp-content\/uploads\/2024\/05\/Nogen-sur-Marne_2016_\u252c\u00aeALBROYER-copie-1536x1024.jpg 1536w, https:\/\/www.pictofoundation.fr\/wp-content\/uploads\/2024\/05\/Nogen-sur-Marne_2016_\u252c\u00aeALBROYER-copie-2048x1365.jpg 2048w, https:\/\/www.pictofoundation.fr\/wp-content\/uploads\/2024\/05\/Nogen-sur-Marne_2016_\u252c\u00aeALBROYER-copie-500x333.jpg 500w, https:\/\/www.pictofoundation.fr\/wp-content\/uploads\/2024\/05\/Nogen-sur-Marne_2016_\u252c\u00aeALBROYER-copie-800x533.jpg 800w, https:\/\/www.pictofoundation.fr\/wp-content\/uploads\/2024\/05\/Nogen-sur-Marne_2016_\u252c\u00aeALBROYER-copie-1280x853.jpg 1280w, https:\/\/www.pictofoundation.fr\/wp-content\/uploads\/2024\/05\/Nogen-sur-Marne_2016_\u252c\u00aeALBROYER-copie-1920x1280.jpg 1920w\" sizes=\"auto, (max-width: 2126px) 100vw, 2126px\" \/><figcaption id=\"caption-attachment-12133\" class=\"wp-caption-text\">Nogent sur Marne, 2016 \u00a9 Anne-Lise Broyer<\/figcaption><\/figure>\n","protected":false},"excerpt":{"rendered":"<p>Since 2016, Picto Foundation, PICTO laboratories\u2019 endowment fund, has been pleased to partner with Gens d\u2019images to celebrate and support the Ni\u00e9pce Prize. The 69th edition of the Ni\u00e9pce Gens d\u2019images Prize has just been awarded to French photographer Anne-Lise Broyer. Emmanuelle Kouchner, editorial director at Delpire\/Libella, submitted her application. The exhibition of the 2023 [&hellip;]<\/p>\n","protected":false},"author":3,"featured_media":12134,"comment_status":"closed","ping_status":"open","sticky":false,"template":"single-post-style-2.php","format":"standard","meta":{"_acf_changed":false,"_vp_format_video_url":"https:\/\/www.youtube.com\/watch?v=YgOGI87LUIY","_vp_image_focal_point":[],"footnotes":""},"categories":[113],"tags":[102],"class_list":["post-12139","post","type-post","status-publish","format-standard","has-post-thumbnail","hentry","category-prix-niepce-en","tag-prize-niepce"],"acf":[],"yoast_head":"<!-- This site is optimized with the Yoast SEO plugin v25.4 - https:\/\/yoast.com\/wordpress\/plugins\/seo\/ -->\n<title>Ni\u00e9pce prize 2024: Anne-Lise Broyer - Picto Foundation<\/title>\n<meta name=\"robots\" content=\"index, follow, max-snippet:-1, max-image-preview:large, max-video-preview:-1\" \/>\n<link rel=\"canonical\" href=\"https:\/\/www.pictofoundation.fr\/en\/prix-niepce-2024-anne-lise-broyer\/\" \/>\n<meta property=\"og:locale\" content=\"en_US\" \/>\n<meta property=\"og:type\" content=\"article\" \/>\n<meta property=\"og:title\" content=\"Ni\u00e9pce prize 2024: Anne-Lise Broyer - Picto Foundation\" \/>\n<meta property=\"og:description\" content=\"Since 2016, Picto Foundation, PICTO laboratories\u2019 endowment fund, has been pleased to partner with Gens d\u2019images to celebrate and support the Ni\u00e9pce Prize. The 69th edition of the Ni\u00e9pce Gens d\u2019images Prize has just been awarded to French photographer Anne-Lise Broyer. Emmanuelle Kouchner, editorial director at Delpire\/Libella, submitted her application. The exhibition of the 2023 [&hellip;]\" \/>\n<meta property=\"og:url\" content=\"https:\/\/www.pictofoundation.fr\/en\/prix-niepce-2024-anne-lise-broyer\/\" \/>\n<meta property=\"og:site_name\" content=\"Picto Foundation\" \/>\n<meta property=\"article:published_time\" content=\"2024-05-16T18:00:35+00:00\" \/>\n<meta property=\"article:modified_time\" content=\"2024-05-20T17:09:20+00:00\" \/>\n<meta property=\"og:image\" content=\"https:\/\/www.pictofoundation.fr\/wp-content\/uploads\/2024\/05\/Nogen-sur-Marne_2016_\u252c\u00aeALBROYER-copie.jpg\" \/>\n\t<meta property=\"og:image:width\" content=\"2126\" \/>\n\t<meta property=\"og:image:height\" content=\"1417\" \/>\n\t<meta property=\"og:image:type\" content=\"image\/jpeg\" \/>\n<meta name=\"author\" content=\"Ericka Weidmann\" \/>\n<meta name=\"twitter:card\" content=\"summary_large_image\" \/>\n<meta name=\"twitter:label1\" content=\"Written by\" \/>\n\t<meta name=\"twitter:data1\" content=\"Ericka Weidmann\" \/>\n\t<meta name=\"twitter:label2\" content=\"Est. reading time\" \/>\n\t<meta name=\"twitter:data2\" content=\"1 minute\" \/>\n<script type=\"application\/ld+json\" class=\"yoast-schema-graph\">{\"@context\":\"https:\/\/schema.org\",\"@graph\":[{\"@type\":\"WebPage\",\"@id\":\"https:\/\/www.pictofoundation.fr\/en\/prix-niepce-2024-anne-lise-broyer\/\",\"url\":\"https:\/\/www.pictofoundation.fr\/en\/prix-niepce-2024-anne-lise-broyer\/\",\"name\":\"Ni\u00e9pce prize 2024: Anne-Lise Broyer - Picto Foundation\",\"isPartOf\":{\"@id\":\"https:\/\/www.pictofoundation.fr\/en\/#website\"},\"primaryImageOfPage\":{\"@id\":\"https:\/\/www.pictofoundation.fr\/en\/prix-niepce-2024-anne-lise-broyer\/#primaryimage\"},\"image\":{\"@id\":\"https:\/\/www.pictofoundation.fr\/en\/prix-niepce-2024-anne-lise-broyer\/#primaryimage\"},\"thumbnailUrl\":\"https:\/\/www.pictofoundation.fr\/wp-content\/uploads\/2024\/05\/Nogen-sur-Marne_2016_\u252c\u00aeALBROYER-copie.jpg\",\"datePublished\":\"2024-05-16T18:00:35+00:00\",\"dateModified\":\"2024-05-20T17:09:20+00:00\",\"author\":{\"@id\":\"https:\/\/www.pictofoundation.fr\/en\/#\/schema\/person\/b80b86e5bfdeda634261a6b76495817c\"},\"breadcrumb\":{\"@id\":\"https:\/\/www.pictofoundation.fr\/en\/prix-niepce-2024-anne-lise-broyer\/#breadcrumb\"},\"inLanguage\":\"en-US\",\"potentialAction\":[{\"@type\":\"ReadAction\",\"target\":[\"https:\/\/www.pictofoundation.fr\/en\/prix-niepce-2024-anne-lise-broyer\/\"]}]},{\"@type\":\"ImageObject\",\"inLanguage\":\"en-US\",\"@id\":\"https:\/\/www.pictofoundation.fr\/en\/prix-niepce-2024-anne-lise-broyer\/#primaryimage\",\"url\":\"https:\/\/www.pictofoundation.fr\/wp-content\/uploads\/2024\/05\/Nogen-sur-Marne_2016_\u252c\u00aeALBROYER-copie.jpg\",\"contentUrl\":\"https:\/\/www.pictofoundation.fr\/wp-content\/uploads\/2024\/05\/Nogen-sur-Marne_2016_\u252c\u00aeALBROYER-copie.jpg\",\"width\":2126,\"height\":1417,\"caption\":\"Nogen sur Marne, 2016 \u00a9 Anne-Lise Broyer\"},{\"@type\":\"BreadcrumbList\",\"@id\":\"https:\/\/www.pictofoundation.fr\/en\/prix-niepce-2024-anne-lise-broyer\/#breadcrumb\",\"itemListElement\":[{\"@type\":\"ListItem\",\"position\":1,\"name\":\"Accueil\",\"item\":\"https:\/\/www.pictofoundation.fr\/en\/\"},{\"@type\":\"ListItem\",\"position\":2,\"name\":\"Ni\u00e9pce prize 2024: Anne-Lise Broyer\"}]},{\"@type\":\"WebSite\",\"@id\":\"https:\/\/www.pictofoundation.fr\/en\/#website\",\"url\":\"https:\/\/www.pictofoundation.fr\/en\/\",\"name\":\"Picto Foundation\",\"description\":\"Site de la fondation Picto, Groupe Picto\",\"potentialAction\":[{\"@type\":\"SearchAction\",\"target\":{\"@type\":\"EntryPoint\",\"urlTemplate\":\"https:\/\/www.pictofoundation.fr\/en\/?s={search_term_string}\"},\"query-input\":{\"@type\":\"PropertyValueSpecification\",\"valueRequired\":true,\"valueName\":\"search_term_string\"}}],\"inLanguage\":\"en-US\"},{\"@type\":\"Person\",\"@id\":\"https:\/\/www.pictofoundation.fr\/en\/#\/schema\/person\/b80b86e5bfdeda634261a6b76495817c\",\"name\":\"Ericka Weidmann\",\"url\":\"https:\/\/www.pictofoundation.fr\/en\/author\/ericka\/\"}]}<\/script>\n<!-- \/ Yoast SEO plugin. -->","yoast_head_json":{"title":"Ni\u00e9pce prize 2024: Anne-Lise Broyer - Picto Foundation","robots":{"index":"index","follow":"follow","max-snippet":"max-snippet:-1","max-image-preview":"max-image-preview:large","max-video-preview":"max-video-preview:-1"},"canonical":"https:\/\/www.pictofoundation.fr\/en\/prix-niepce-2024-anne-lise-broyer\/","og_locale":"en_US","og_type":"article","og_title":"Ni\u00e9pce prize 2024: Anne-Lise Broyer - Picto Foundation","og_description":"Since 2016, Picto Foundation, PICTO laboratories\u2019 endowment fund, has been pleased to partner with Gens d\u2019images to celebrate and support the Ni\u00e9pce Prize. The 69th edition of the Ni\u00e9pce Gens d\u2019images Prize has just been awarded to French photographer Anne-Lise Broyer. Emmanuelle Kouchner, editorial director at Delpire\/Libella, submitted her application. The exhibition of the 2023 [&hellip;]","og_url":"https:\/\/www.pictofoundation.fr\/en\/prix-niepce-2024-anne-lise-broyer\/","og_site_name":"Picto Foundation","article_published_time":"2024-05-16T18:00:35+00:00","article_modified_time":"2024-05-20T17:09:20+00:00","og_image":[{"width":2126,"height":1417,"url":"https:\/\/www.pictofoundation.fr\/wp-content\/uploads\/2024\/05\/Nogen-sur-Marne_2016_\u252c\u00aeALBROYER-copie.jpg","type":"image\/jpeg"}],"author":"Ericka Weidmann","twitter_card":"summary_large_image","twitter_misc":{"Written by":"Ericka Weidmann","Est. reading time":"1 minute"},"schema":{"@context":"https:\/\/schema.org","@graph":[{"@type":"WebPage","@id":"https:\/\/www.pictofoundation.fr\/en\/prix-niepce-2024-anne-lise-broyer\/","url":"https:\/\/www.pictofoundation.fr\/en\/prix-niepce-2024-anne-lise-broyer\/","name":"Ni\u00e9pce prize 2024: Anne-Lise Broyer - Picto Foundation","isPartOf":{"@id":"https:\/\/www.pictofoundation.fr\/en\/#website"},"primaryImageOfPage":{"@id":"https:\/\/www.pictofoundation.fr\/en\/prix-niepce-2024-anne-lise-broyer\/#primaryimage"},"image":{"@id":"https:\/\/www.pictofoundation.fr\/en\/prix-niepce-2024-anne-lise-broyer\/#primaryimage"},"thumbnailUrl":"https:\/\/www.pictofoundation.fr\/wp-content\/uploads\/2024\/05\/Nogen-sur-Marne_2016_\u252c\u00aeALBROYER-copie.jpg","datePublished":"2024-05-16T18:00:35+00:00","dateModified":"2024-05-20T17:09:20+00:00","author":{"@id":"https:\/\/www.pictofoundation.fr\/en\/#\/schema\/person\/b80b86e5bfdeda634261a6b76495817c"},"breadcrumb":{"@id":"https:\/\/www.pictofoundation.fr\/en\/prix-niepce-2024-anne-lise-broyer\/#breadcrumb"},"inLanguage":"en-US","potentialAction":[{"@type":"ReadAction","target":["https:\/\/www.pictofoundation.fr\/en\/prix-niepce-2024-anne-lise-broyer\/"]}]},{"@type":"ImageObject","inLanguage":"en-US","@id":"https:\/\/www.pictofoundation.fr\/en\/prix-niepce-2024-anne-lise-broyer\/#primaryimage","url":"https:\/\/www.pictofoundation.fr\/wp-content\/uploads\/2024\/05\/Nogen-sur-Marne_2016_\u252c\u00aeALBROYER-copie.jpg","contentUrl":"https:\/\/www.pictofoundation.fr\/wp-content\/uploads\/2024\/05\/Nogen-sur-Marne_2016_\u252c\u00aeALBROYER-copie.jpg","width":2126,"height":1417,"caption":"Nogen sur Marne, 2016 \u00a9 Anne-Lise Broyer"},{"@type":"BreadcrumbList","@id":"https:\/\/www.pictofoundation.fr\/en\/prix-niepce-2024-anne-lise-broyer\/#breadcrumb","itemListElement":[{"@type":"ListItem","position":1,"name":"Accueil","item":"https:\/\/www.pictofoundation.fr\/en\/"},{"@type":"ListItem","position":2,"name":"Ni\u00e9pce prize 2024: Anne-Lise Broyer"}]},{"@type":"WebSite","@id":"https:\/\/www.pictofoundation.fr\/en\/#website","url":"https:\/\/www.pictofoundation.fr\/en\/","name":"Picto Foundation","description":"Site de la fondation Picto, Groupe Picto","potentialAction":[{"@type":"SearchAction","target":{"@type":"EntryPoint","urlTemplate":"https:\/\/www.pictofoundation.fr\/en\/?s={search_term_string}"},"query-input":{"@type":"PropertyValueSpecification","valueRequired":true,"valueName":"search_term_string"}}],"inLanguage":"en-US"},{"@type":"Person","@id":"https:\/\/www.pictofoundation.fr\/en\/#\/schema\/person\/b80b86e5bfdeda634261a6b76495817c","name":"Ericka Weidmann","url":"https:\/\/www.pictofoundation.fr\/en\/author\/ericka\/"}]}},"_links":{"self":[{"href":"https:\/\/www.pictofoundation.fr\/en\/wp-json\/wp\/v2\/posts\/12139","targetHints":{"allow":["GET"]}}],"collection":[{"href":"https:\/\/www.pictofoundation.fr\/en\/wp-json\/wp\/v2\/posts"}],"about":[{"href":"https:\/\/www.pictofoundation.fr\/en\/wp-json\/wp\/v2\/types\/post"}],"author":[{"embeddable":true,"href":"https:\/\/www.pictofoundation.fr\/en\/wp-json\/wp\/v2\/users\/3"}],"replies":[{"embeddable":true,"href":"https:\/\/www.pictofoundation.fr\/en\/wp-json\/wp\/v2\/comments?post=12139"}],"version-history":[{"count":0,"href":"https:\/\/www.pictofoundation.fr\/en\/wp-json\/wp\/v2\/posts\/12139\/revisions"}],"wp:featuredmedia":[{"embeddable":true,"href":"https:\/\/www.pictofoundation.fr\/en\/wp-json\/wp\/v2\/media\/12134"}],"wp:attachment":[{"href":"https:\/\/www.pictofoundation.fr\/en\/wp-json\/wp\/v2\/media?parent=12139"}],"wp:term":[{"taxonomy":"category","embeddable":true,"href":"https:\/\/www.pictofoundation.fr\/en\/wp-json\/wp\/v2\/categories?post=12139"},{"taxonomy":"post_tag","embeddable":true,"href":"https:\/\/www.pictofoundation.fr\/en\/wp-json\/wp\/v2\/tags?post=12139"}],"curies":[{"name":"wp","href":"https:\/\/api.w.org\/{rel}","templated":true}]}}