{"id":12148,"date":"2024-05-09T10:38:39","date_gmt":"2024-05-09T08:38:39","guid":{"rendered":"https:\/\/www.pictofoundation.fr\/7eme-edition-du-festival-les-femmes-sexposent\/"},"modified":"2024-05-28T13:32:00","modified_gmt":"2024-05-28T11:32:00","slug":"7eme-edition-du-festival-les-femmes-sexposent","status":"publish","type":"post","link":"https:\/\/www.pictofoundation.fr\/en\/7eme-edition-du-festival-les-femmes-sexposent\/","title":{"rendered":"7th Edition of The Les Femmes s\u2019exposent festival"},"content":{"rendered":"<h2>For the seventh consecutive year, the small seaside resort of Houlgate is celebrating female photography with the Les Femmes s\u2019exposent festival. From June 7, the public will be able to discover the 12 new exhibitions highlighting international contemporary women photographers, all categories combined! Among them, \u201cChemin creux\u201d is the result of Camille Brasselet\u2019s residency in Houlgate, winner of the 2022 Prix Picto de la Mode. Picto Foundation renews its support for this brand-new edition !<\/h2>\n<p>The LES FEMMES S\u2019EXPOSENT Festival proudly begins its seventh edition. The last twelve months have been marked by significant challenges and developments in the world of photography: the most notable progress is the adoption of the regulation of artificial intelligence (AI) within the European Union. This pioneering law, by regulating the use of this technology, is the first binding law in the world on AI. It opens the way to greater transparency in the handling of algorithms and aims to protect rights while respecting European rules. In particular, the copyright from which the photographer, as creator of an original work \u2013 the photo \u2013, benefits.<\/p>\n<p>The Festival&#8217;s programming remains faithful to its original vocation: intergenerational, national and international, it offers a perspective on contemporary photography and its different practices. The women photographers presented have varied origins and backgrounds, their subjects are multiple \u2013 gender equality, the birth in the 1980s of an Olympic Games discipline, breakdancing, climate change, the consequences of colonization, the challenges encountered by migrants or indigenous peoples in preserving their traditions\u2026 By watching these reports, the public must be aware of the risks sometimes faced by those who want to bear witness to the state of the world and continue their essential role in information.<\/p>\n<p>The festival also continues its development by offering a new initiative to support the creation of photographic projects while maintaining its commitment to eco-responsible practices throughout the year. Deeply anchored in contemporary concerns, the festival wishes to be a mirror of its times, and to offer a stimulating reflection on current societal issues.<\/p>\n<p>B\u00e9atrice TUPIN<br \/>\nPresident of the festival<\/p>\n<p><strong>2024 EXHIBITIONS:<\/strong><\/p>\n<p>\u2013 Boxing Queens* (Tanzanie), <strong>Delphine Blast<\/strong><br \/>\n\u2013 Bust a Move* (New York City &amp; Paris), <strong>Sophie Bramly<\/strong><br \/>\n\u2013 Chemin creux, <strong>Camille Brasselet<\/strong> (R\u00e9sidence \u00e0 Houlgate)<br \/>\n\u2013 Tapachula, ville de transit (Mexique), <strong>Mah\u00e9 Elipe<\/strong><br \/>\n\u2013 Essence nomade (Mongolie), <strong>Alessandra Meniconzi<\/strong><br \/>\n\u2013 Camo, <strong>Thandiwe Muriu<\/strong><br \/>\n\u2013 Nos campagnes (France), <strong>Janine Niepce<\/strong><br \/>\n\u2013 Un temps sans \u00e9cole (France), <strong>Camille Nivollet<\/strong><br \/>\n\u2013 Les filles du khat (\u00c9thiopie, Djibouti), <strong>Marion P\u00e9h\u00e9e<\/strong><br \/>\n\u2013 Piplantri, le paradoxe (Inde), <strong>Isabeau de Rouffignac<\/strong><br \/>\n\u2013 Odyss\u00e9e d\u2019un peuple autochtone (Panama), <strong>Isabelle Serro<\/strong> (Bourse Le climat dans tous ses \u00e9tats)<br \/>\n\u2013 La r\u00e9silience du corbeau (Japon), <strong>Lorraine Turci<\/strong><\/p>\n<p>From June 7 to September 1st, 2024<br \/>\nLes Femmes s\u2019exposent<br \/>\n7th Edition<br \/>\nHoulgate \u2013 Normandie<br \/>\n<a href=\"https:\/\/www.lesfemmessexposent.com\/\" target=\"_blank\" rel=\"noopener noreferrer\">https:\/\/www.lesfemmessexposent.com\/<\/a><\/p>\n<p>Photo : Plage de Houlgate S\u00e9rie \u00ab Chemin creux \u00bb, 2024. \u00a9 Camille Brasselet<\/p>\n","protected":false},"excerpt":{"rendered":"<p>For the seventh consecutive year, the small seaside resort of Houlgate is celebrating female photography with the Les Femmes s\u2019exposent festival. From June 7, the public will be able to discover the 12 new exhibitions highlighting international contemporary women photographers, all categories combined! Among them, \u201cChemin creux\u201d is the result of Camille Brasselet\u2019s residency in Houlgate, winner of the 2022 Prix Picto de la Mode. Picto Foundation renews its support for this brand-new edition !<\/p>\n","protected":false},"author":3,"featured_media":12105,"comment_status":"closed","ping_status":"open","sticky":false,"template":"single-post-style-2.php","format":"standard","meta":{"_acf_changed":false,"_vp_format_video_url":"","_vp_image_focal_point":[],"footnotes":""},"categories":[134],"tags":[135,136,137],"class_list":["post-12148","post","type-post","status-publish","format-standard","has-post-thumbnail","hentry","category-festival-en","tag-femmes-photographes-en","tag-festival-en","tag-les-femmes-sexposent-en"],"acf":[],"yoast_head":"<!-- This site is optimized with the Yoast SEO plugin v25.4 - https:\/\/yoast.com\/wordpress\/plugins\/seo\/ -->\n<title>7th Edition of The Les Femmes s\u2019exposent festival - Picto Foundation<\/title>\n<meta name=\"robots\" content=\"index, follow, max-snippet:-1, max-image-preview:large, max-video-preview:-1\" \/>\n<link rel=\"canonical\" href=\"https:\/\/www.pictofoundation.fr\/en\/7eme-edition-du-festival-les-femmes-sexposent\/\" \/>\n<meta property=\"og:locale\" content=\"en_US\" \/>\n<meta property=\"og:type\" content=\"article\" \/>\n<meta property=\"og:title\" content=\"7th Edition of The Les Femmes s\u2019exposent festival - Picto Foundation\" \/>\n<meta property=\"og:description\" content=\"For the seventh consecutive year, the small seaside resort of Houlgate is celebrating female photography with the Les Femmes s\u2019exposent festival. From June 7, the public will be able to discover the 12 new exhibitions highlighting international contemporary women photographers, all categories combined! Among them, \u201cChemin creux\u201d is the result of Camille Brasselet\u2019s residency in Houlgate, winner of the 2022 Prix Picto de la Mode. Picto Foundation renews its support for this brand-new edition !\" \/>\n<meta property=\"og:url\" content=\"https:\/\/www.pictofoundation.fr\/en\/7eme-edition-du-festival-les-femmes-sexposent\/\" \/>\n<meta property=\"og:site_name\" content=\"Picto Foundation\" \/>\n<meta property=\"article:published_time\" content=\"2024-05-09T08:38:39+00:00\" \/>\n<meta property=\"article:modified_time\" content=\"2024-05-28T11:32:00+00:00\" \/>\n<meta property=\"og:image\" content=\"https:\/\/www.pictofoundation.fr\/wp-content\/uploads\/2024\/05\/Capture-decran-2024-05-09-a-10.26.51-copie.jpg\" \/>\n\t<meta property=\"og:image:width\" content=\"1160\" \/>\n\t<meta property=\"og:image:height\" content=\"768\" \/>\n\t<meta property=\"og:image:type\" content=\"image\/jpeg\" \/>\n<meta name=\"author\" content=\"Ericka Weidmann\" \/>\n<meta name=\"twitter:card\" content=\"summary_large_image\" \/>\n<meta name=\"twitter:label1\" content=\"Written by\" \/>\n\t<meta name=\"twitter:data1\" content=\"Ericka Weidmann\" \/>\n\t<meta name=\"twitter:label2\" content=\"Est. reading time\" \/>\n\t<meta name=\"twitter:data2\" content=\"2 minutes\" \/>\n<script type=\"application\/ld+json\" class=\"yoast-schema-graph\">{\"@context\":\"https:\/\/schema.org\",\"@graph\":[{\"@type\":\"WebPage\",\"@id\":\"https:\/\/www.pictofoundation.fr\/en\/7eme-edition-du-festival-les-femmes-sexposent\/\",\"url\":\"https:\/\/www.pictofoundation.fr\/en\/7eme-edition-du-festival-les-femmes-sexposent\/\",\"name\":\"7th Edition of The Les Femmes s\u2019exposent festival - Picto Foundation\",\"isPartOf\":{\"@id\":\"https:\/\/www.pictofoundation.fr\/en\/#website\"},\"primaryImageOfPage\":{\"@id\":\"https:\/\/www.pictofoundation.fr\/en\/7eme-edition-du-festival-les-femmes-sexposent\/#primaryimage\"},\"image\":{\"@id\":\"https:\/\/www.pictofoundation.fr\/en\/7eme-edition-du-festival-les-femmes-sexposent\/#primaryimage\"},\"thumbnailUrl\":\"https:\/\/www.pictofoundation.fr\/wp-content\/uploads\/2024\/05\/Capture-decran-2024-05-09-a-10.26.51-copie.jpg\",\"datePublished\":\"2024-05-09T08:38:39+00:00\",\"dateModified\":\"2024-05-28T11:32:00+00:00\",\"author\":{\"@id\":\"https:\/\/www.pictofoundation.fr\/en\/#\/schema\/person\/b80b86e5bfdeda634261a6b76495817c\"},\"breadcrumb\":{\"@id\":\"https:\/\/www.pictofoundation.fr\/en\/7eme-edition-du-festival-les-femmes-sexposent\/#breadcrumb\"},\"inLanguage\":\"en-US\",\"potentialAction\":[{\"@type\":\"ReadAction\",\"target\":[\"https:\/\/www.pictofoundation.fr\/en\/7eme-edition-du-festival-les-femmes-sexposent\/\"]}]},{\"@type\":\"ImageObject\",\"inLanguage\":\"en-US\",\"@id\":\"https:\/\/www.pictofoundation.fr\/en\/7eme-edition-du-festival-les-femmes-sexposent\/#primaryimage\",\"url\":\"https:\/\/www.pictofoundation.fr\/wp-content\/uploads\/2024\/05\/Capture-decran-2024-05-09-a-10.26.51-copie.jpg\",\"contentUrl\":\"https:\/\/www.pictofoundation.fr\/wp-content\/uploads\/2024\/05\/Capture-decran-2024-05-09-a-10.26.51-copie.jpg\",\"width\":1160,\"height\":768,\"caption\":\"Screenshot\"},{\"@type\":\"BreadcrumbList\",\"@id\":\"https:\/\/www.pictofoundation.fr\/en\/7eme-edition-du-festival-les-femmes-sexposent\/#breadcrumb\",\"itemListElement\":[{\"@type\":\"ListItem\",\"position\":1,\"name\":\"Accueil\",\"item\":\"https:\/\/www.pictofoundation.fr\/en\/\"},{\"@type\":\"ListItem\",\"position\":2,\"name\":\"7th Edition of The Les Femmes s\u2019exposent festival\"}]},{\"@type\":\"WebSite\",\"@id\":\"https:\/\/www.pictofoundation.fr\/en\/#website\",\"url\":\"https:\/\/www.pictofoundation.fr\/en\/\",\"name\":\"Picto Foundation\",\"description\":\"Site de la fondation Picto, Groupe Picto\",\"potentialAction\":[{\"@type\":\"SearchAction\",\"target\":{\"@type\":\"EntryPoint\",\"urlTemplate\":\"https:\/\/www.pictofoundation.fr\/en\/?s={search_term_string}\"},\"query-input\":{\"@type\":\"PropertyValueSpecification\",\"valueRequired\":true,\"valueName\":\"search_term_string\"}}],\"inLanguage\":\"en-US\"},{\"@type\":\"Person\",\"@id\":\"https:\/\/www.pictofoundation.fr\/en\/#\/schema\/person\/b80b86e5bfdeda634261a6b76495817c\",\"name\":\"Ericka Weidmann\",\"url\":\"https:\/\/www.pictofoundation.fr\/en\/author\/ericka\/\"}]}<\/script>\n<!-- \/ Yoast SEO plugin. -->","yoast_head_json":{"title":"7th Edition of The Les Femmes s\u2019exposent festival - Picto Foundation","robots":{"index":"index","follow":"follow","max-snippet":"max-snippet:-1","max-image-preview":"max-image-preview:large","max-video-preview":"max-video-preview:-1"},"canonical":"https:\/\/www.pictofoundation.fr\/en\/7eme-edition-du-festival-les-femmes-sexposent\/","og_locale":"en_US","og_type":"article","og_title":"7th Edition of The Les Femmes s\u2019exposent festival - Picto Foundation","og_description":"For the seventh consecutive year, the small seaside resort of Houlgate is celebrating female photography with the Les Femmes s\u2019exposent festival. From June 7, the public will be able to discover the 12 new exhibitions highlighting international contemporary women photographers, all categories combined! Among them, \u201cChemin creux\u201d is the result of Camille Brasselet\u2019s residency in Houlgate, winner of the 2022 Prix Picto de la Mode. Picto Foundation renews its support for this brand-new edition !","og_url":"https:\/\/www.pictofoundation.fr\/en\/7eme-edition-du-festival-les-femmes-sexposent\/","og_site_name":"Picto Foundation","article_published_time":"2024-05-09T08:38:39+00:00","article_modified_time":"2024-05-28T11:32:00+00:00","og_image":[{"width":1160,"height":768,"url":"https:\/\/www.pictofoundation.fr\/wp-content\/uploads\/2024\/05\/Capture-decran-2024-05-09-a-10.26.51-copie.jpg","type":"image\/jpeg"}],"author":"Ericka Weidmann","twitter_card":"summary_large_image","twitter_misc":{"Written by":"Ericka Weidmann","Est. reading time":"2 minutes"},"schema":{"@context":"https:\/\/schema.org","@graph":[{"@type":"WebPage","@id":"https:\/\/www.pictofoundation.fr\/en\/7eme-edition-du-festival-les-femmes-sexposent\/","url":"https:\/\/www.pictofoundation.fr\/en\/7eme-edition-du-festival-les-femmes-sexposent\/","name":"7th Edition of The Les Femmes s\u2019exposent festival - Picto Foundation","isPartOf":{"@id":"https:\/\/www.pictofoundation.fr\/en\/#website"},"primaryImageOfPage":{"@id":"https:\/\/www.pictofoundation.fr\/en\/7eme-edition-du-festival-les-femmes-sexposent\/#primaryimage"},"image":{"@id":"https:\/\/www.pictofoundation.fr\/en\/7eme-edition-du-festival-les-femmes-sexposent\/#primaryimage"},"thumbnailUrl":"https:\/\/www.pictofoundation.fr\/wp-content\/uploads\/2024\/05\/Capture-decran-2024-05-09-a-10.26.51-copie.jpg","datePublished":"2024-05-09T08:38:39+00:00","dateModified":"2024-05-28T11:32:00+00:00","author":{"@id":"https:\/\/www.pictofoundation.fr\/en\/#\/schema\/person\/b80b86e5bfdeda634261a6b76495817c"},"breadcrumb":{"@id":"https:\/\/www.pictofoundation.fr\/en\/7eme-edition-du-festival-les-femmes-sexposent\/#breadcrumb"},"inLanguage":"en-US","potentialAction":[{"@type":"ReadAction","target":["https:\/\/www.pictofoundation.fr\/en\/7eme-edition-du-festival-les-femmes-sexposent\/"]}]},{"@type":"ImageObject","inLanguage":"en-US","@id":"https:\/\/www.pictofoundation.fr\/en\/7eme-edition-du-festival-les-femmes-sexposent\/#primaryimage","url":"https:\/\/www.pictofoundation.fr\/wp-content\/uploads\/2024\/05\/Capture-decran-2024-05-09-a-10.26.51-copie.jpg","contentUrl":"https:\/\/www.pictofoundation.fr\/wp-content\/uploads\/2024\/05\/Capture-decran-2024-05-09-a-10.26.51-copie.jpg","width":1160,"height":768,"caption":"Screenshot"},{"@type":"BreadcrumbList","@id":"https:\/\/www.pictofoundation.fr\/en\/7eme-edition-du-festival-les-femmes-sexposent\/#breadcrumb","itemListElement":[{"@type":"ListItem","position":1,"name":"Accueil","item":"https:\/\/www.pictofoundation.fr\/en\/"},{"@type":"ListItem","position":2,"name":"7th Edition of The Les Femmes s\u2019exposent festival"}]},{"@type":"WebSite","@id":"https:\/\/www.pictofoundation.fr\/en\/#website","url":"https:\/\/www.pictofoundation.fr\/en\/","name":"Picto Foundation","description":"Site de la fondation Picto, Groupe Picto","potentialAction":[{"@type":"SearchAction","target":{"@type":"EntryPoint","urlTemplate":"https:\/\/www.pictofoundation.fr\/en\/?s={search_term_string}"},"query-input":{"@type":"PropertyValueSpecification","valueRequired":true,"valueName":"search_term_string"}}],"inLanguage":"en-US"},{"@type":"Person","@id":"https:\/\/www.pictofoundation.fr\/en\/#\/schema\/person\/b80b86e5bfdeda634261a6b76495817c","name":"Ericka Weidmann","url":"https:\/\/www.pictofoundation.fr\/en\/author\/ericka\/"}]}},"_links":{"self":[{"href":"https:\/\/www.pictofoundation.fr\/en\/wp-json\/wp\/v2\/posts\/12148","targetHints":{"allow":["GET"]}}],"collection":[{"href":"https:\/\/www.pictofoundation.fr\/en\/wp-json\/wp\/v2\/posts"}],"about":[{"href":"https:\/\/www.pictofoundation.fr\/en\/wp-json\/wp\/v2\/types\/post"}],"author":[{"embeddable":true,"href":"https:\/\/www.pictofoundation.fr\/en\/wp-json\/wp\/v2\/users\/3"}],"replies":[{"embeddable":true,"href":"https:\/\/www.pictofoundation.fr\/en\/wp-json\/wp\/v2\/comments?post=12148"}],"version-history":[{"count":0,"href":"https:\/\/www.pictofoundation.fr\/en\/wp-json\/wp\/v2\/posts\/12148\/revisions"}],"wp:featuredmedia":[{"embeddable":true,"href":"https:\/\/www.pictofoundation.fr\/en\/wp-json\/wp\/v2\/media\/12105"}],"wp:attachment":[{"href":"https:\/\/www.pictofoundation.fr\/en\/wp-json\/wp\/v2\/media?parent=12148"}],"wp:term":[{"taxonomy":"category","embeddable":true,"href":"https:\/\/www.pictofoundation.fr\/en\/wp-json\/wp\/v2\/categories?post=12148"},{"taxonomy":"post_tag","embeddable":true,"href":"https:\/\/www.pictofoundation.fr\/en\/wp-json\/wp\/v2\/tags?post=12148"}],"curies":[{"name":"wp","href":"https:\/\/api.w.org\/{rel}","templated":true}]}}