{"id":12155,"date":"2023-04-14T09:00:07","date_gmt":"2023-04-14T07:00:07","guid":{"rendered":"https:\/\/www.pictofoundation.fr\/6eme-edition-du-festival-les-femmes-sexposent\/"},"modified":"2024-05-28T13:36:40","modified_gmt":"2024-05-28T11:36:40","slug":"6eme-edition-du-festival-les-femmes-sexposent","status":"publish","type":"post","link":"https:\/\/www.pictofoundation.fr\/en\/6eme-edition-du-festival-les-femmes-sexposent\/","title":{"rendered":"6th edition ot the Les Femmes s\u2019exposent festival"},"content":{"rendered":"<h2>For the sixth consecutive year, the seaside resort of Houlgate is transformed into an open-air gallery to host the Les Femmes s\u2019exposent festival. From June 7, the public will be able to discover the 14 new exhibitions highlighting international contemporary women photographers, all categories combined! Picto Foundation renews its support for this brand new edition!<\/h2>\n<p>This sixth edition of Femmes s&#8217;exposent is a continuation of an annual photography event which is also intended to be a space for reflection on the profession and, more particularly, on the status of women photographers.<\/p>\n<p>The world of photography has undergone profound changes over the last twenty years with the arrival of digital technology. The emergence of Artificial Intelligence (AI) is a major new challenge for those involved in photography. We are witnessing an acceleration of progress which will further question the veracity of information, due to the manipulation of images, which are sometimes indistinguishable. The potential repercussions on the profession of photographer, already precarious \u2013 for women, especially \u2013 are worrying. The relevance of the subjects and artistic creation will remain more than ever central to continuing to have visibility.<\/p>\n<p>This year, the Festival is dedicating an exhibition to Iranian photojournalist Forough Alaei. Her country is seeing a generation of young women who are politically engaged, who are beginning to organize themselves into a movement. Through her lens, the photographer captured these heroines who defy, at the risk of their lives, the perpetual domination of men imposed by the ultraconservative government in an Iran, now at the heart of an unprecedented economic crisis.<\/p>\n<p>The 2023 program tells the story of our era of profound upheavals: climate change, social and economic inequalities, the aging of our societies, etc. through the prism of art, reporting or documentary.<\/p>\n<p>B\u00e9atrice TUPIN<br \/>\nPresident of the festival<\/p>\n<p><strong>2023 EXHIBITIONS:<\/strong><\/p>\n<p>&#8211; H\u00e9ro\u00efnes d\u2019Iran : <strong>Forough Alaei<\/strong><br \/>\n\u2013 Le portrait mis en sc\u00e8ne R\u00e9trospective : <strong>Isabelle Chapuis<\/strong><br \/>\n\u2013 Pass\u00e9 compos\u00e9 (Bourse, R\u00e9sidence \u00e0 Houlgate) : <strong>Roxane Daumas<\/strong><br \/>\n\u2013 Manifiesto del Agua (Manifeste de l\u2019eau) : <strong>Sanne Derks<\/strong><br \/>\n\u2013 Aging Japan (Le Japon face au vieillissement) : <strong>Noriko Hayashi<\/strong><br \/>\n\u2013 Les Madjinis \u00e0 Mayotte &#8211; Des corps habit\u00e9s : <strong>B\u00e9n\u00e9dicte Kurzen<\/strong><br \/>\n\u2013 Stage of Mind : <strong>JeeYoung Lee  \uc774\uc9c0\uc601<\/strong><br \/>\n\u2013 Celles et ceux que tu ne vois pas : <strong>Ana Mendes<\/strong><br \/>\n\u2013 Twin Oaks (Bourse \u00ab Les \u00c9tats-Unis aujourd\u2019hui \u00bb du Festival Les Femmes s\u2019exposent) : <strong>Edith Roux<\/strong>.<br \/>\n\u2013 Saamis, nous vivions dans la toundra : <strong>Natalya Saprunova<\/strong><br \/>\n&#8211; Un miel au go\u00fbt amer : <strong>Margaux Senlis<\/strong><br \/>\n&#8211; Destination finale : Ghana : <strong>Isabelle Serro<\/strong><br \/>\n&#8211; Le cr\u00e9puscule des glaciers d\u2019Afrique : <strong>Adrienne Surprenant<\/strong><\/p>\n<p>From June 7 to September 3, 2023<br \/>\nLes Femmes s\u2019exposent<br \/>\n6th edition<br \/>\nHoulgate \u2013 Normandy<br \/>\n<a href=\"https:\/\/www.lesfemmessexposent.com\/\" target=\"_blank\" rel=\"noopener noreferrer\">https:\/\/www.lesfemmessexposent.com\/<\/a><\/p>\n<p>Photo de couverture : \u00a9 Forough Alaei<\/p>\n","protected":false},"excerpt":{"rendered":"<p>Cette ann\u00e9e encore, Picto Foundation renouvelle son soutien au\u00a0festival Les Femmes s\u2019exposent qui inaugure sa quatri\u00e8me \u00e9dition le 8 juin 2021. Pour une dur\u00e9e de presque deux mois, vous pourrez visiter les 15 expositions en ext\u00e9rieur, dans la petite commune d&#8217;Houlgate, en Normandie. Cette manifestation rend hommage aux femmes photographes professionnelles, tous genres confondus. C&#8217;est Ir\u00e8ne Jonas qui a \u00e9t\u00e9 nomm\u00e9 marraine de cette \u00e9dition 2021.<\/p>\n","protected":false},"author":3,"featured_media":9434,"comment_status":"closed","ping_status":"open","sticky":false,"template":"single-post-style-2.php","format":"standard","meta":{"_acf_changed":false,"_vp_format_video_url":"","_vp_image_focal_point":[],"footnotes":""},"categories":[134],"tags":[135,136,137],"class_list":["post-12155","post","type-post","status-publish","format-standard","has-post-thumbnail","hentry","category-festival-en","tag-femmes-photographes-en","tag-festival-en","tag-les-femmes-sexposent-en"],"acf":[],"yoast_head":"<!-- This site is optimized with the Yoast SEO plugin v25.4 - https:\/\/yoast.com\/wordpress\/plugins\/seo\/ -->\n<title>6th edition ot the Les Femmes s\u2019exposent festival - Picto Foundation<\/title>\n<meta name=\"robots\" content=\"index, follow, max-snippet:-1, max-image-preview:large, max-video-preview:-1\" \/>\n<link rel=\"canonical\" href=\"https:\/\/www.pictofoundation.fr\/en\/6eme-edition-du-festival-les-femmes-sexposent\/\" \/>\n<meta property=\"og:locale\" content=\"en_US\" \/>\n<meta property=\"og:type\" content=\"article\" \/>\n<meta property=\"og:title\" content=\"6th edition ot the Les Femmes s\u2019exposent festival - Picto Foundation\" \/>\n<meta property=\"og:description\" content=\"Cette ann\u00e9e encore, Picto Foundation renouvelle son soutien au\u00a0festival Les Femmes s\u2019exposent qui inaugure sa quatri\u00e8me \u00e9dition le 8 juin 2021. Pour une dur\u00e9e de presque deux mois, vous pourrez visiter les 15 expositions en ext\u00e9rieur, dans la petite commune d&#039;Houlgate, en Normandie. Cette manifestation rend hommage aux femmes photographes professionnelles, tous genres confondus. C&#039;est Ir\u00e8ne Jonas qui a \u00e9t\u00e9 nomm\u00e9 marraine de cette \u00e9dition 2021.\" \/>\n<meta property=\"og:url\" content=\"https:\/\/www.pictofoundation.fr\/en\/6eme-edition-du-festival-les-femmes-sexposent\/\" \/>\n<meta property=\"og:site_name\" content=\"Picto Foundation\" \/>\n<meta property=\"article:published_time\" content=\"2023-04-14T07:00:07+00:00\" \/>\n<meta property=\"article:modified_time\" content=\"2024-05-28T11:36:40+00:00\" \/>\n<meta property=\"og:image\" content=\"https:\/\/www.pictofoundation.fr\/wp-content\/uploads\/2023\/04\/Forough-Alaei.jpg\" \/>\n\t<meta property=\"og:image:width\" content=\"1245\" \/>\n\t<meta property=\"og:image:height\" content=\"1759\" \/>\n\t<meta property=\"og:image:type\" content=\"image\/jpeg\" \/>\n<meta name=\"author\" content=\"Ericka Weidmann\" \/>\n<meta name=\"twitter:card\" content=\"summary_large_image\" \/>\n<meta name=\"twitter:label1\" content=\"Written by\" \/>\n\t<meta name=\"twitter:data1\" content=\"Ericka Weidmann\" \/>\n\t<meta name=\"twitter:label2\" content=\"Est. reading time\" \/>\n\t<meta name=\"twitter:data2\" content=\"2 minutes\" \/>\n<script type=\"application\/ld+json\" class=\"yoast-schema-graph\">{\"@context\":\"https:\/\/schema.org\",\"@graph\":[{\"@type\":\"WebPage\",\"@id\":\"https:\/\/www.pictofoundation.fr\/en\/6eme-edition-du-festival-les-femmes-sexposent\/\",\"url\":\"https:\/\/www.pictofoundation.fr\/en\/6eme-edition-du-festival-les-femmes-sexposent\/\",\"name\":\"6th edition ot the Les Femmes s\u2019exposent festival - Picto Foundation\",\"isPartOf\":{\"@id\":\"https:\/\/www.pictofoundation.fr\/en\/#website\"},\"primaryImageOfPage\":{\"@id\":\"https:\/\/www.pictofoundation.fr\/en\/6eme-edition-du-festival-les-femmes-sexposent\/#primaryimage\"},\"image\":{\"@id\":\"https:\/\/www.pictofoundation.fr\/en\/6eme-edition-du-festival-les-femmes-sexposent\/#primaryimage\"},\"thumbnailUrl\":\"https:\/\/www.pictofoundation.fr\/wp-content\/uploads\/2023\/04\/Forough-Alaei.jpg\",\"datePublished\":\"2023-04-14T07:00:07+00:00\",\"dateModified\":\"2024-05-28T11:36:40+00:00\",\"author\":{\"@id\":\"https:\/\/www.pictofoundation.fr\/en\/#\/schema\/person\/b80b86e5bfdeda634261a6b76495817c\"},\"breadcrumb\":{\"@id\":\"https:\/\/www.pictofoundation.fr\/en\/6eme-edition-du-festival-les-femmes-sexposent\/#breadcrumb\"},\"inLanguage\":\"en-US\",\"potentialAction\":[{\"@type\":\"ReadAction\",\"target\":[\"https:\/\/www.pictofoundation.fr\/en\/6eme-edition-du-festival-les-femmes-sexposent\/\"]}]},{\"@type\":\"ImageObject\",\"inLanguage\":\"en-US\",\"@id\":\"https:\/\/www.pictofoundation.fr\/en\/6eme-edition-du-festival-les-femmes-sexposent\/#primaryimage\",\"url\":\"https:\/\/www.pictofoundation.fr\/wp-content\/uploads\/2023\/04\/Forough-Alaei.jpg\",\"contentUrl\":\"https:\/\/www.pictofoundation.fr\/wp-content\/uploads\/2023\/04\/Forough-Alaei.jpg\",\"width\":1245,\"height\":1759},{\"@type\":\"BreadcrumbList\",\"@id\":\"https:\/\/www.pictofoundation.fr\/en\/6eme-edition-du-festival-les-femmes-sexposent\/#breadcrumb\",\"itemListElement\":[{\"@type\":\"ListItem\",\"position\":1,\"name\":\"Accueil\",\"item\":\"https:\/\/www.pictofoundation.fr\/en\/\"},{\"@type\":\"ListItem\",\"position\":2,\"name\":\"6th edition ot the Les Femmes s\u2019exposent festival\"}]},{\"@type\":\"WebSite\",\"@id\":\"https:\/\/www.pictofoundation.fr\/en\/#website\",\"url\":\"https:\/\/www.pictofoundation.fr\/en\/\",\"name\":\"Picto Foundation\",\"description\":\"Site de la fondation Picto, Groupe Picto\",\"potentialAction\":[{\"@type\":\"SearchAction\",\"target\":{\"@type\":\"EntryPoint\",\"urlTemplate\":\"https:\/\/www.pictofoundation.fr\/en\/?s={search_term_string}\"},\"query-input\":{\"@type\":\"PropertyValueSpecification\",\"valueRequired\":true,\"valueName\":\"search_term_string\"}}],\"inLanguage\":\"en-US\"},{\"@type\":\"Person\",\"@id\":\"https:\/\/www.pictofoundation.fr\/en\/#\/schema\/person\/b80b86e5bfdeda634261a6b76495817c\",\"name\":\"Ericka Weidmann\",\"url\":\"https:\/\/www.pictofoundation.fr\/en\/author\/ericka\/\"}]}<\/script>\n<!-- \/ Yoast SEO plugin. -->","yoast_head_json":{"title":"6th edition ot the Les Femmes s\u2019exposent festival - Picto Foundation","robots":{"index":"index","follow":"follow","max-snippet":"max-snippet:-1","max-image-preview":"max-image-preview:large","max-video-preview":"max-video-preview:-1"},"canonical":"https:\/\/www.pictofoundation.fr\/en\/6eme-edition-du-festival-les-femmes-sexposent\/","og_locale":"en_US","og_type":"article","og_title":"6th edition ot the Les Femmes s\u2019exposent festival - Picto Foundation","og_description":"Cette ann\u00e9e encore, Picto Foundation renouvelle son soutien au\u00a0festival Les Femmes s\u2019exposent qui inaugure sa quatri\u00e8me \u00e9dition le 8 juin 2021. Pour une dur\u00e9e de presque deux mois, vous pourrez visiter les 15 expositions en ext\u00e9rieur, dans la petite commune d'Houlgate, en Normandie. Cette manifestation rend hommage aux femmes photographes professionnelles, tous genres confondus. C'est Ir\u00e8ne Jonas qui a \u00e9t\u00e9 nomm\u00e9 marraine de cette \u00e9dition 2021.","og_url":"https:\/\/www.pictofoundation.fr\/en\/6eme-edition-du-festival-les-femmes-sexposent\/","og_site_name":"Picto Foundation","article_published_time":"2023-04-14T07:00:07+00:00","article_modified_time":"2024-05-28T11:36:40+00:00","og_image":[{"width":1245,"height":1759,"url":"https:\/\/www.pictofoundation.fr\/wp-content\/uploads\/2023\/04\/Forough-Alaei.jpg","type":"image\/jpeg"}],"author":"Ericka Weidmann","twitter_card":"summary_large_image","twitter_misc":{"Written by":"Ericka Weidmann","Est. reading time":"2 minutes"},"schema":{"@context":"https:\/\/schema.org","@graph":[{"@type":"WebPage","@id":"https:\/\/www.pictofoundation.fr\/en\/6eme-edition-du-festival-les-femmes-sexposent\/","url":"https:\/\/www.pictofoundation.fr\/en\/6eme-edition-du-festival-les-femmes-sexposent\/","name":"6th edition ot the Les Femmes s\u2019exposent festival - Picto Foundation","isPartOf":{"@id":"https:\/\/www.pictofoundation.fr\/en\/#website"},"primaryImageOfPage":{"@id":"https:\/\/www.pictofoundation.fr\/en\/6eme-edition-du-festival-les-femmes-sexposent\/#primaryimage"},"image":{"@id":"https:\/\/www.pictofoundation.fr\/en\/6eme-edition-du-festival-les-femmes-sexposent\/#primaryimage"},"thumbnailUrl":"https:\/\/www.pictofoundation.fr\/wp-content\/uploads\/2023\/04\/Forough-Alaei.jpg","datePublished":"2023-04-14T07:00:07+00:00","dateModified":"2024-05-28T11:36:40+00:00","author":{"@id":"https:\/\/www.pictofoundation.fr\/en\/#\/schema\/person\/b80b86e5bfdeda634261a6b76495817c"},"breadcrumb":{"@id":"https:\/\/www.pictofoundation.fr\/en\/6eme-edition-du-festival-les-femmes-sexposent\/#breadcrumb"},"inLanguage":"en-US","potentialAction":[{"@type":"ReadAction","target":["https:\/\/www.pictofoundation.fr\/en\/6eme-edition-du-festival-les-femmes-sexposent\/"]}]},{"@type":"ImageObject","inLanguage":"en-US","@id":"https:\/\/www.pictofoundation.fr\/en\/6eme-edition-du-festival-les-femmes-sexposent\/#primaryimage","url":"https:\/\/www.pictofoundation.fr\/wp-content\/uploads\/2023\/04\/Forough-Alaei.jpg","contentUrl":"https:\/\/www.pictofoundation.fr\/wp-content\/uploads\/2023\/04\/Forough-Alaei.jpg","width":1245,"height":1759},{"@type":"BreadcrumbList","@id":"https:\/\/www.pictofoundation.fr\/en\/6eme-edition-du-festival-les-femmes-sexposent\/#breadcrumb","itemListElement":[{"@type":"ListItem","position":1,"name":"Accueil","item":"https:\/\/www.pictofoundation.fr\/en\/"},{"@type":"ListItem","position":2,"name":"6th edition ot the Les Femmes s\u2019exposent festival"}]},{"@type":"WebSite","@id":"https:\/\/www.pictofoundation.fr\/en\/#website","url":"https:\/\/www.pictofoundation.fr\/en\/","name":"Picto Foundation","description":"Site de la fondation Picto, Groupe Picto","potentialAction":[{"@type":"SearchAction","target":{"@type":"EntryPoint","urlTemplate":"https:\/\/www.pictofoundation.fr\/en\/?s={search_term_string}"},"query-input":{"@type":"PropertyValueSpecification","valueRequired":true,"valueName":"search_term_string"}}],"inLanguage":"en-US"},{"@type":"Person","@id":"https:\/\/www.pictofoundation.fr\/en\/#\/schema\/person\/b80b86e5bfdeda634261a6b76495817c","name":"Ericka Weidmann","url":"https:\/\/www.pictofoundation.fr\/en\/author\/ericka\/"}]}},"_links":{"self":[{"href":"https:\/\/www.pictofoundation.fr\/en\/wp-json\/wp\/v2\/posts\/12155","targetHints":{"allow":["GET"]}}],"collection":[{"href":"https:\/\/www.pictofoundation.fr\/en\/wp-json\/wp\/v2\/posts"}],"about":[{"href":"https:\/\/www.pictofoundation.fr\/en\/wp-json\/wp\/v2\/types\/post"}],"author":[{"embeddable":true,"href":"https:\/\/www.pictofoundation.fr\/en\/wp-json\/wp\/v2\/users\/3"}],"replies":[{"embeddable":true,"href":"https:\/\/www.pictofoundation.fr\/en\/wp-json\/wp\/v2\/comments?post=12155"}],"version-history":[{"count":0,"href":"https:\/\/www.pictofoundation.fr\/en\/wp-json\/wp\/v2\/posts\/12155\/revisions"}],"wp:featuredmedia":[{"embeddable":true,"href":"https:\/\/www.pictofoundation.fr\/en\/wp-json\/wp\/v2\/media\/9434"}],"wp:attachment":[{"href":"https:\/\/www.pictofoundation.fr\/en\/wp-json\/wp\/v2\/media?parent=12155"}],"wp:term":[{"taxonomy":"category","embeddable":true,"href":"https:\/\/www.pictofoundation.fr\/en\/wp-json\/wp\/v2\/categories?post=12155"},{"taxonomy":"post_tag","embeddable":true,"href":"https:\/\/www.pictofoundation.fr\/en\/wp-json\/wp\/v2\/tags?post=12155"}],"curies":[{"name":"wp","href":"https:\/\/api.w.org\/{rel}","templated":true}]}}