{"id":12161,"date":"2018-05-29T15:44:51","date_gmt":"2018-05-29T13:44:51","guid":{"rendered":"https:\/\/www.pictofoundation.fr\/decouvrez-premiere-edition-festival-femmes-sexposent\/"},"modified":"2024-05-28T13:44:03","modified_gmt":"2024-05-28T11:44:03","slug":"decouvrez-premiere-edition-festival-femmes-sexposent","status":"publish","type":"post","link":"https:\/\/www.pictofoundation.fr\/en\/decouvrez-premiere-edition-festival-femmes-sexposent\/","title":{"rendered":"First edition of the Les Femmes s\u2019exposent festival"},"content":{"rendered":"<p>The festival aims to promote and reward the photographic work of renowned and emerging women photographers.<\/p>\n<p>In order to make their work visible, the first edition will be held in Houlgate from June 8 to July 16, with a residency, 14 exhibitions, 4 prizes which will reward work in different fields, 3 screenings of directors or photographers, round table and book signings.<\/p>\n<p>In the program: Fran\u00e7oise Huguier, godmother of the festival, Lee Miller, Florence Levillain, L\u00e9a Crespi, Corinne Dubreuil, Laurence Geai, Margarita Ivanova, Adeline Keil, Val\u00e9rie Leonard, Catalina Martin-Chico, Sandra Mehl, Axelle De Russ\u00e9, Kani Sissoko, Karine Zibaut, Nathalie Masduraud, Val\u00e9rie Urrea, C\u00e9line Duval, Adeline Keil\u2026<\/p>\n<p><strong>From June 8 to July 16, 2018<\/strong><br \/>\nHoulgate<\/p>\n<p>More :\u00a0<a href=\"http:\/\/www.lesfemmessexposent.com\/\" target=\"_blank\" rel=\"noopener\">www.lesfemmessexposent.com<\/a><\/p>\n","protected":false},"excerpt":{"rendered":"<p>The festival aims to promote and reward the photographic work of renowned and emerging women photographers. In order to make their work visible, the first edition will be held in Houlgate from June 8 to July 16, with a residency, 14 exhibitions, 4 prizes which will reward work in different fields, 3 screenings of directors [&hellip;]<\/p>\n","protected":false},"author":3,"featured_media":6696,"comment_status":"closed","ping_status":"open","sticky":false,"template":"single-post-style-2.php","format":"standard","meta":{"_acf_changed":false,"_vp_format_video_url":"","_vp_image_focal_point":[],"footnotes":""},"categories":[134],"tags":[135,136,137],"class_list":["post-12161","post","type-post","status-publish","format-standard","has-post-thumbnail","hentry","category-festival-en","tag-femmes-photographes-en","tag-festival-en","tag-les-femmes-sexposent-en"],"acf":[],"yoast_head":"<!-- This site is optimized with the Yoast SEO plugin v25.4 - https:\/\/yoast.com\/wordpress\/plugins\/seo\/ -->\n<title>First edition of the Les Femmes s\u2019exposent festival - Picto Foundation<\/title>\n<meta name=\"robots\" content=\"index, follow, max-snippet:-1, max-image-preview:large, max-video-preview:-1\" \/>\n<link rel=\"canonical\" href=\"https:\/\/www.pictofoundation.fr\/en\/decouvrez-premiere-edition-festival-femmes-sexposent\/\" \/>\n<meta property=\"og:locale\" content=\"en_US\" \/>\n<meta property=\"og:type\" content=\"article\" \/>\n<meta property=\"og:title\" content=\"First edition of the Les Femmes s\u2019exposent festival - Picto Foundation\" \/>\n<meta property=\"og:description\" content=\"The festival aims to promote and reward the photographic work of renowned and emerging women photographers. In order to make their work visible, the first edition will be held in Houlgate from June 8 to July 16, with a residency, 14 exhibitions, 4 prizes which will reward work in different fields, 3 screenings of directors [&hellip;]\" \/>\n<meta property=\"og:url\" content=\"https:\/\/www.pictofoundation.fr\/en\/decouvrez-premiere-edition-festival-femmes-sexposent\/\" \/>\n<meta property=\"og:site_name\" content=\"Picto Foundation\" \/>\n<meta property=\"article:published_time\" content=\"2018-05-29T13:44:51+00:00\" \/>\n<meta property=\"article:modified_time\" content=\"2024-05-28T11:44:03+00:00\" \/>\n<meta property=\"og:image\" content=\"https:\/\/www.pictofoundation.fr\/wp-content\/uploads\/2021\/07\/Franc\u0327oiseHuguier_VU_KPOP-scaled.jpeg\" \/>\n\t<meta property=\"og:image:width\" content=\"1708\" \/>\n\t<meta property=\"og:image:height\" content=\"2560\" \/>\n\t<meta property=\"og:image:type\" content=\"image\/jpeg\" \/>\n<meta name=\"author\" content=\"Ericka Weidmann\" \/>\n<meta name=\"twitter:card\" content=\"summary_large_image\" \/>\n<meta name=\"twitter:label1\" content=\"Written by\" \/>\n\t<meta name=\"twitter:data1\" content=\"Ericka Weidmann\" \/>\n\t<meta name=\"twitter:label2\" content=\"Est. reading time\" \/>\n\t<meta name=\"twitter:data2\" content=\"1 minute\" \/>\n<script type=\"application\/ld+json\" class=\"yoast-schema-graph\">{\"@context\":\"https:\/\/schema.org\",\"@graph\":[{\"@type\":\"WebPage\",\"@id\":\"https:\/\/www.pictofoundation.fr\/en\/decouvrez-premiere-edition-festival-femmes-sexposent\/\",\"url\":\"https:\/\/www.pictofoundation.fr\/en\/decouvrez-premiere-edition-festival-femmes-sexposent\/\",\"name\":\"First edition of the Les Femmes s\u2019exposent festival - Picto Foundation\",\"isPartOf\":{\"@id\":\"https:\/\/www.pictofoundation.fr\/en\/#website\"},\"primaryImageOfPage\":{\"@id\":\"https:\/\/www.pictofoundation.fr\/en\/decouvrez-premiere-edition-festival-femmes-sexposent\/#primaryimage\"},\"image\":{\"@id\":\"https:\/\/www.pictofoundation.fr\/en\/decouvrez-premiere-edition-festival-femmes-sexposent\/#primaryimage\"},\"thumbnailUrl\":\"https:\/\/www.pictofoundation.fr\/wp-content\/uploads\/2021\/07\/Franc\u0327oiseHuguier_VU_KPOP-scaled.jpeg\",\"datePublished\":\"2018-05-29T13:44:51+00:00\",\"dateModified\":\"2024-05-28T11:44:03+00:00\",\"author\":{\"@id\":\"https:\/\/www.pictofoundation.fr\/en\/#\/schema\/person\/b80b86e5bfdeda634261a6b76495817c\"},\"breadcrumb\":{\"@id\":\"https:\/\/www.pictofoundation.fr\/en\/decouvrez-premiere-edition-festival-femmes-sexposent\/#breadcrumb\"},\"inLanguage\":\"en-US\",\"potentialAction\":[{\"@type\":\"ReadAction\",\"target\":[\"https:\/\/www.pictofoundation.fr\/en\/decouvrez-premiere-edition-festival-femmes-sexposent\/\"]}]},{\"@type\":\"ImageObject\",\"inLanguage\":\"en-US\",\"@id\":\"https:\/\/www.pictofoundation.fr\/en\/decouvrez-premiere-edition-festival-femmes-sexposent\/#primaryimage\",\"url\":\"https:\/\/www.pictofoundation.fr\/wp-content\/uploads\/2021\/07\/Franc\u0327oiseHuguier_VU_KPOP-scaled.jpeg\",\"contentUrl\":\"https:\/\/www.pictofoundation.fr\/wp-content\/uploads\/2021\/07\/Franc\u0327oiseHuguier_VU_KPOP-scaled.jpeg\",\"width\":1708,\"height\":2560},{\"@type\":\"BreadcrumbList\",\"@id\":\"https:\/\/www.pictofoundation.fr\/en\/decouvrez-premiere-edition-festival-femmes-sexposent\/#breadcrumb\",\"itemListElement\":[{\"@type\":\"ListItem\",\"position\":1,\"name\":\"Accueil\",\"item\":\"https:\/\/www.pictofoundation.fr\/en\/\"},{\"@type\":\"ListItem\",\"position\":2,\"name\":\"First edition of the Les Femmes s\u2019exposent festival\"}]},{\"@type\":\"WebSite\",\"@id\":\"https:\/\/www.pictofoundation.fr\/en\/#website\",\"url\":\"https:\/\/www.pictofoundation.fr\/en\/\",\"name\":\"Picto Foundation\",\"description\":\"Site de la fondation Picto, Groupe Picto\",\"potentialAction\":[{\"@type\":\"SearchAction\",\"target\":{\"@type\":\"EntryPoint\",\"urlTemplate\":\"https:\/\/www.pictofoundation.fr\/en\/?s={search_term_string}\"},\"query-input\":{\"@type\":\"PropertyValueSpecification\",\"valueRequired\":true,\"valueName\":\"search_term_string\"}}],\"inLanguage\":\"en-US\"},{\"@type\":\"Person\",\"@id\":\"https:\/\/www.pictofoundation.fr\/en\/#\/schema\/person\/b80b86e5bfdeda634261a6b76495817c\",\"name\":\"Ericka Weidmann\",\"url\":\"https:\/\/www.pictofoundation.fr\/en\/author\/ericka\/\"}]}<\/script>\n<!-- \/ Yoast SEO plugin. -->","yoast_head_json":{"title":"First edition of the Les Femmes s\u2019exposent festival - Picto Foundation","robots":{"index":"index","follow":"follow","max-snippet":"max-snippet:-1","max-image-preview":"max-image-preview:large","max-video-preview":"max-video-preview:-1"},"canonical":"https:\/\/www.pictofoundation.fr\/en\/decouvrez-premiere-edition-festival-femmes-sexposent\/","og_locale":"en_US","og_type":"article","og_title":"First edition of the Les Femmes s\u2019exposent festival - Picto Foundation","og_description":"The festival aims to promote and reward the photographic work of renowned and emerging women photographers. In order to make their work visible, the first edition will be held in Houlgate from June 8 to July 16, with a residency, 14 exhibitions, 4 prizes which will reward work in different fields, 3 screenings of directors [&hellip;]","og_url":"https:\/\/www.pictofoundation.fr\/en\/decouvrez-premiere-edition-festival-femmes-sexposent\/","og_site_name":"Picto Foundation","article_published_time":"2018-05-29T13:44:51+00:00","article_modified_time":"2024-05-28T11:44:03+00:00","og_image":[{"width":1708,"height":2560,"url":"https:\/\/www.pictofoundation.fr\/wp-content\/uploads\/2021\/07\/Franc\u0327oiseHuguier_VU_KPOP-scaled.jpeg","type":"image\/jpeg"}],"author":"Ericka Weidmann","twitter_card":"summary_large_image","twitter_misc":{"Written by":"Ericka Weidmann","Est. reading time":"1 minute"},"schema":{"@context":"https:\/\/schema.org","@graph":[{"@type":"WebPage","@id":"https:\/\/www.pictofoundation.fr\/en\/decouvrez-premiere-edition-festival-femmes-sexposent\/","url":"https:\/\/www.pictofoundation.fr\/en\/decouvrez-premiere-edition-festival-femmes-sexposent\/","name":"First edition of the Les Femmes s\u2019exposent festival - Picto Foundation","isPartOf":{"@id":"https:\/\/www.pictofoundation.fr\/en\/#website"},"primaryImageOfPage":{"@id":"https:\/\/www.pictofoundation.fr\/en\/decouvrez-premiere-edition-festival-femmes-sexposent\/#primaryimage"},"image":{"@id":"https:\/\/www.pictofoundation.fr\/en\/decouvrez-premiere-edition-festival-femmes-sexposent\/#primaryimage"},"thumbnailUrl":"https:\/\/www.pictofoundation.fr\/wp-content\/uploads\/2021\/07\/Franc\u0327oiseHuguier_VU_KPOP-scaled.jpeg","datePublished":"2018-05-29T13:44:51+00:00","dateModified":"2024-05-28T11:44:03+00:00","author":{"@id":"https:\/\/www.pictofoundation.fr\/en\/#\/schema\/person\/b80b86e5bfdeda634261a6b76495817c"},"breadcrumb":{"@id":"https:\/\/www.pictofoundation.fr\/en\/decouvrez-premiere-edition-festival-femmes-sexposent\/#breadcrumb"},"inLanguage":"en-US","potentialAction":[{"@type":"ReadAction","target":["https:\/\/www.pictofoundation.fr\/en\/decouvrez-premiere-edition-festival-femmes-sexposent\/"]}]},{"@type":"ImageObject","inLanguage":"en-US","@id":"https:\/\/www.pictofoundation.fr\/en\/decouvrez-premiere-edition-festival-femmes-sexposent\/#primaryimage","url":"https:\/\/www.pictofoundation.fr\/wp-content\/uploads\/2021\/07\/Franc\u0327oiseHuguier_VU_KPOP-scaled.jpeg","contentUrl":"https:\/\/www.pictofoundation.fr\/wp-content\/uploads\/2021\/07\/Franc\u0327oiseHuguier_VU_KPOP-scaled.jpeg","width":1708,"height":2560},{"@type":"BreadcrumbList","@id":"https:\/\/www.pictofoundation.fr\/en\/decouvrez-premiere-edition-festival-femmes-sexposent\/#breadcrumb","itemListElement":[{"@type":"ListItem","position":1,"name":"Accueil","item":"https:\/\/www.pictofoundation.fr\/en\/"},{"@type":"ListItem","position":2,"name":"First edition of the Les Femmes s\u2019exposent festival"}]},{"@type":"WebSite","@id":"https:\/\/www.pictofoundation.fr\/en\/#website","url":"https:\/\/www.pictofoundation.fr\/en\/","name":"Picto Foundation","description":"Site de la fondation Picto, Groupe Picto","potentialAction":[{"@type":"SearchAction","target":{"@type":"EntryPoint","urlTemplate":"https:\/\/www.pictofoundation.fr\/en\/?s={search_term_string}"},"query-input":{"@type":"PropertyValueSpecification","valueRequired":true,"valueName":"search_term_string"}}],"inLanguage":"en-US"},{"@type":"Person","@id":"https:\/\/www.pictofoundation.fr\/en\/#\/schema\/person\/b80b86e5bfdeda634261a6b76495817c","name":"Ericka Weidmann","url":"https:\/\/www.pictofoundation.fr\/en\/author\/ericka\/"}]}},"_links":{"self":[{"href":"https:\/\/www.pictofoundation.fr\/en\/wp-json\/wp\/v2\/posts\/12161","targetHints":{"allow":["GET"]}}],"collection":[{"href":"https:\/\/www.pictofoundation.fr\/en\/wp-json\/wp\/v2\/posts"}],"about":[{"href":"https:\/\/www.pictofoundation.fr\/en\/wp-json\/wp\/v2\/types\/post"}],"author":[{"embeddable":true,"href":"https:\/\/www.pictofoundation.fr\/en\/wp-json\/wp\/v2\/users\/3"}],"replies":[{"embeddable":true,"href":"https:\/\/www.pictofoundation.fr\/en\/wp-json\/wp\/v2\/comments?post=12161"}],"version-history":[{"count":0,"href":"https:\/\/www.pictofoundation.fr\/en\/wp-json\/wp\/v2\/posts\/12161\/revisions"}],"wp:featuredmedia":[{"embeddable":true,"href":"https:\/\/www.pictofoundation.fr\/en\/wp-json\/wp\/v2\/media\/6696"}],"wp:attachment":[{"href":"https:\/\/www.pictofoundation.fr\/en\/wp-json\/wp\/v2\/media?parent=12161"}],"wp:term":[{"taxonomy":"category","embeddable":true,"href":"https:\/\/www.pictofoundation.fr\/en\/wp-json\/wp\/v2\/categories?post=12161"},{"taxonomy":"post_tag","embeddable":true,"href":"https:\/\/www.pictofoundation.fr\/en\/wp-json\/wp\/v2\/tags?post=12161"}],"curies":[{"name":"wp","href":"https:\/\/api.w.org\/{rel}","templated":true}]}}