{"id":12172,"date":"2024-06-06T07:00:31","date_gmt":"2024-06-06T05:00:31","guid":{"rendered":"https:\/\/www.pictofoundation.fr\/?p=12172"},"modified":"2024-06-10T11:33:13","modified_gmt":"2024-06-10T09:33:13","slug":"les-laureats-du-prix-picto-de-la-photographie-de-mode-2024","status":"publish","type":"post","link":"https:\/\/www.pictofoundation.fr\/en\/les-laureats-du-prix-picto-de-la-photographie-de-mode-2024\/","title":{"rendered":"Laureates of 2024 Prix Picto de la Mode"},"content":{"rendered":"<p>The awards ceremony took place on Wednesday, June 5, at the Palais Galliera, Paris Fashion Museum, after the deliberations of a jury chaired by Alexandre Mattiussi, Founder and Creative Director of AMI Paris.<\/p>\n<p><strong>Yama Ndiaye<\/strong> wins the Grand Prix Picto de la Photographie de Mode. She receives a LEICA camera and will benefit from a upcoming exhibition produced by PICTO.<\/p>\n<p>The le19M de la Photographie des M\u00e9tiers d\u2019Art endowment was awarded to <strong>Tamib\u00e9 Bourdann\u00e9<\/strong>, and offers the opportunity for a collaboration with one of the resident houses of 19M, a cultural hub conceived and designed by Maison CHANEL, dedicated to the creation and transmission of the Fashion and Decoration Crafts in Paris-Aubervilliers.<\/p>\n<p>Paolo Roversi gave the Filippo Roversi endowment to <strong>Gabriel G\u00f3mez<\/strong>, underlining the formal singularity of the series presented by the winner.<\/p>\n<p>The LGA Management \/ JANVIER endowment, in collaboration with the LGA Management agency and the digital photographic laboratory JANVIER, awarded the photographic and video proposal of <strong>Silvana Trevale<\/strong>.<\/p>\n<p>This year, an exhibition dedicated to the laureates and finalists was revealed during the awards ceremony at the Palais Galliera and will be freely accessible in the walkways until June 9th.<\/p>\n\n<div class=\"vp-portfolio vp-uid-de449d91 vp-id-12285  \"\n\tdata-vp-layout=\"slider\" data-vp-content-source=\"images\" data-vp-items-style=\"default\" data-vp-items-click-action=\"popup_gallery\" data-vp-items-gap=\"15\" data-vp-items-gap-vertical=\"\" data-vp-pagination=\"load-more\" data-vp-next-page-url=\"\" data-vp-slider-effect=\"slide\" data-vp-slider-items-height=\"auto\" data-vp-slider-slides-per-view=\"1\" data-vp-slider-speed=\"0.3\" data-vp-slider-autoplay=\"6\" data-vp-slider-autoplay-hover-pause=\"false\" data-vp-slider-centered-slides=\"true\" data-vp-slider-loop=\"false\" data-vp-slider-free-mode=\"false\" data-vp-slider-free-mode-sticky=\"false\" data-vp-slider-arrows=\"true\" data-vp-slider-bullets=\"false\" data-vp-slider-bullets-dynamic=\"false\" data-vp-slider-mousewheel=\"false\" data-vp-slider-thumbnails=\"false\" >\n\t<div class=\"vp-portfolio__preloader-wrap\">\n\t\t<div class=\"vp-portfolio__preloader\">\n\t\t\t<img decoding=\"async\" loading=\"eager\" src=\"https:\/\/www.pictofoundation.fr\/wp-content\/plugins\/visual-portfolio\/assets\/images\/logo-dark.svg\" alt=\"Visual Portfolio, Posts &amp; Image Gallery for WordPress\" width=\"20\" height=\"20\" data-skip-lazy>\n\t\t<\/div>\n\t<\/div>\n\t\t<div class=\"vp-portfolio__items-wrap\">\n\t\t\t\n<div class=\"vp-portfolio__items vp-portfolio__items-style-default vp-portfolio__items-show-overlay-hover\">\n\n\t\t<div\t\tclass=\"vp-portfolio__item-wrap vp-portfolio__item-uid-468d751c\" data-vp-filter=\"\" \t\t>\n\t\t\t<template class=\"vp-portfolio__item-popup\" data-vp-popup-img=\"https:\/\/www.pictofoundation.fr\/wp-content\/uploads\/2024\/06\/1-copie.jpg\" data-vp-popup-img-srcset=\"https:\/\/www.pictofoundation.fr\/wp-content\/uploads\/2024\/06\/1-copie.jpg 1500w, https:\/\/www.pictofoundation.fr\/wp-content\/uploads\/2024\/06\/1-copie-300x200.jpg 300w, https:\/\/www.pictofoundation.fr\/wp-content\/uploads\/2024\/06\/1-copie-1024x683.jpg 1024w, https:\/\/www.pictofoundation.fr\/wp-content\/uploads\/2024\/06\/1-copie-768x512.jpg 768w, https:\/\/www.pictofoundation.fr\/wp-content\/uploads\/2024\/06\/1-copie-500x333.jpg 500w, https:\/\/www.pictofoundation.fr\/wp-content\/uploads\/2024\/06\/1-copie-800x533.jpg 800w, https:\/\/www.pictofoundation.fr\/wp-content\/uploads\/2024\/06\/1-copie-1280x853.jpg 1280w\" data-vp-popup-img-size=\"1500x1000\" data-vp-popup-md-img=\"https:\/\/www.pictofoundation.fr\/wp-content\/uploads\/2024\/06\/1-copie-800x533.jpg\" data-vp-popup-md-img-size=\"800x533\" data-vp-popup-sm-img=\"https:\/\/www.pictofoundation.fr\/wp-content\/uploads\/2024\/06\/1-copie-500x333.jpg\" data-vp-popup-sm-img-size=\"500x333\">\n\t\t\t<h3 class=\"vp-portfolio__item-popup-title\">Prix Picto de la mode 2024. Palais Galliera, Paris.<\/h3>\n\t\t<\/template>\n\t\t\t\t\t\t<figure class=\"vp-portfolio__item\">\n\t\t\t\t\n<div class=\"vp-portfolio__item-img-wrap\">\n\t<div class=\"vp-portfolio__item-img\">\n\t\t\t<a\n\t\thref=\"https:\/\/www.pictofoundation.fr\/wp-content\/uploads\/2024\/06\/1-copie.jpg\"\n\t\t\t>\n\t\n\t\t<noscript><img loading=\"lazy\" decoding=\"async\" width=\"1500\" height=\"1000\" data-skip-lazy src=\"https:\/\/www.pictofoundation.fr\/wp-content\/uploads\/2024\/06\/1-copie.jpg\" class=\"wp-image-12292\" alt=\"\" srcset=\"https:\/\/www.pictofoundation.fr\/wp-content\/uploads\/2024\/06\/1-copie.jpg 1500w, https:\/\/www.pictofoundation.fr\/wp-content\/uploads\/2024\/06\/1-copie-300x200.jpg 300w, https:\/\/www.pictofoundation.fr\/wp-content\/uploads\/2024\/06\/1-copie-1024x683.jpg 1024w, https:\/\/www.pictofoundation.fr\/wp-content\/uploads\/2024\/06\/1-copie-768x512.jpg 768w, https:\/\/www.pictofoundation.fr\/wp-content\/uploads\/2024\/06\/1-copie-500x333.jpg 500w, https:\/\/www.pictofoundation.fr\/wp-content\/uploads\/2024\/06\/1-copie-800x533.jpg 800w, https:\/\/www.pictofoundation.fr\/wp-content\/uploads\/2024\/06\/1-copie-1280x853.jpg 1280w\" sizes=\"auto, (max-width: 1500px) 100vw, 1500px\" \/><\/noscript><img fetchpriority=\"high\" decoding=\"async\" width=\"1500\" height=\"1000\" src=\"https:\/\/www.pictofoundation.fr\/wp-content\/uploads\/2024\/06\/1-copie.jpg\" class=\"wp-image-12292 vp-lazyload\" alt srcset=\"data:image\/svg+xml;base64,PHN2ZyB3aWR0aD0iMTUwMCIgaGVpZ2h0PSIxMDAwIiB2aWV3Qm94PSIwIDAgMTUwMCAxMDAwIiBmaWxsPSJub25lIiB4bWxucz0iaHR0cDovL3d3dy53My5vcmcvMjAwMC9zdmciPjwvc3ZnPg==\" data-src=\"https:\/\/www.pictofoundation.fr\/wp-content\/uploads\/2024\/06\/1-copie.jpg\" data-srcset=\"https:\/\/www.pictofoundation.fr\/wp-content\/uploads\/2024\/06\/1-copie.jpg 1500w, https:\/\/www.pictofoundation.fr\/wp-content\/uploads\/2024\/06\/1-copie-300x200.jpg 300w, https:\/\/www.pictofoundation.fr\/wp-content\/uploads\/2024\/06\/1-copie-1024x683.jpg 1024w, https:\/\/www.pictofoundation.fr\/wp-content\/uploads\/2024\/06\/1-copie-768x512.jpg 768w, https:\/\/www.pictofoundation.fr\/wp-content\/uploads\/2024\/06\/1-copie-500x333.jpg 500w, https:\/\/www.pictofoundation.fr\/wp-content\/uploads\/2024\/06\/1-copie-800x533.jpg 800w, https:\/\/www.pictofoundation.fr\/wp-content\/uploads\/2024\/06\/1-copie-1280x853.jpg 1280w\" data-sizes=\"auto\" loading=\"eager\">\n\t\t<div class=\"vp-portfolio__item-overlay\">\n\t\t\t\t\t<\/div>\n\n\t\t<\/a>\t<\/div>\n<\/div>\n\n<div class=\"vp-portfolio__item-overlay vp-portfolio__item-align-center\">\n\t\t\t<div class=\"vp-portfolio__item-meta\">\n\t\t\t\t\t\t\t<h2 class=\"vp-portfolio__item-meta-title\">\n\t\t\t\t\t\t\t\t\t\t\t<a href=\"https:\/\/www.pictofoundation.fr\/wp-content\/uploads\/2024\/06\/1-copie.jpg\"\n\t\t\t\t\t\t\t\t\t\t\t\t\t>\n\t\t\t\t\t\t\tPrix Picto de la mode 2024. Palais Galliera, Paris.\t\t\t\t\t\t<\/a>\n\t\t\t\t\t\t\t\t\t\t<\/h2>\n\t\t\t\t\t\t<\/div>\n\t<\/div>\t\t\t<\/figure>\n\t\t\t\t\t<\/div>\n\t\t\n\t\t<div\t\tclass=\"vp-portfolio__item-wrap vp-portfolio__item-uid-13528b37\" data-vp-filter=\"\" \t\t>\n\t\t\t<template class=\"vp-portfolio__item-popup\" data-vp-popup-img=\"https:\/\/www.pictofoundation.fr\/wp-content\/uploads\/2024\/06\/2-copie.jpg\" data-vp-popup-img-srcset=\"https:\/\/www.pictofoundation.fr\/wp-content\/uploads\/2024\/06\/2-copie.jpg 1500w, https:\/\/www.pictofoundation.fr\/wp-content\/uploads\/2024\/06\/2-copie-300x200.jpg 300w, https:\/\/www.pictofoundation.fr\/wp-content\/uploads\/2024\/06\/2-copie-1024x683.jpg 1024w, https:\/\/www.pictofoundation.fr\/wp-content\/uploads\/2024\/06\/2-copie-768x512.jpg 768w, https:\/\/www.pictofoundation.fr\/wp-content\/uploads\/2024\/06\/2-copie-500x333.jpg 500w, https:\/\/www.pictofoundation.fr\/wp-content\/uploads\/2024\/06\/2-copie-800x533.jpg 800w, https:\/\/www.pictofoundation.fr\/wp-content\/uploads\/2024\/06\/2-copie-1280x853.jpg 1280w\" data-vp-popup-img-size=\"1500x1000\" data-vp-popup-md-img=\"https:\/\/www.pictofoundation.fr\/wp-content\/uploads\/2024\/06\/2-copie-800x533.jpg\" data-vp-popup-md-img-size=\"800x533\" data-vp-popup-sm-img=\"https:\/\/www.pictofoundation.fr\/wp-content\/uploads\/2024\/06\/2-copie-500x333.jpg\" data-vp-popup-sm-img-size=\"500x333\">\n\t\t\t<h3 class=\"vp-portfolio__item-popup-title\">Prix Picto de la mode 2024. Palais Galliera, Paris.<\/h3>\n\t\t<\/template>\n\t\t\t\t\t\t<figure class=\"vp-portfolio__item\">\n\t\t\t\t\n<div class=\"vp-portfolio__item-img-wrap\">\n\t<div class=\"vp-portfolio__item-img\">\n\t\t\t<a\n\t\thref=\"https:\/\/www.pictofoundation.fr\/wp-content\/uploads\/2024\/06\/2-copie.jpg\"\n\t\t\t>\n\t\n\t\t<noscript><img loading=\"lazy\" decoding=\"async\" width=\"1500\" height=\"1000\" data-skip-lazy src=\"https:\/\/www.pictofoundation.fr\/wp-content\/uploads\/2024\/06\/2-copie.jpg\" class=\"wp-image-12272\" alt=\"\" srcset=\"https:\/\/www.pictofoundation.fr\/wp-content\/uploads\/2024\/06\/2-copie.jpg 1500w, https:\/\/www.pictofoundation.fr\/wp-content\/uploads\/2024\/06\/2-copie-300x200.jpg 300w, https:\/\/www.pictofoundation.fr\/wp-content\/uploads\/2024\/06\/2-copie-1024x683.jpg 1024w, https:\/\/www.pictofoundation.fr\/wp-content\/uploads\/2024\/06\/2-copie-768x512.jpg 768w, https:\/\/www.pictofoundation.fr\/wp-content\/uploads\/2024\/06\/2-copie-500x333.jpg 500w, https:\/\/www.pictofoundation.fr\/wp-content\/uploads\/2024\/06\/2-copie-800x533.jpg 800w, https:\/\/www.pictofoundation.fr\/wp-content\/uploads\/2024\/06\/2-copie-1280x853.jpg 1280w\" sizes=\"auto, (max-width: 1500px) 100vw, 1500px\" \/><\/noscript><img decoding=\"async\" width=\"1500\" height=\"1000\" src=\"https:\/\/www.pictofoundation.fr\/wp-content\/uploads\/2024\/06\/2-copie.jpg\" class=\"wp-image-12272 vp-lazyload\" alt srcset=\"data:image\/svg+xml;base64,PHN2ZyB3aWR0aD0iMTUwMCIgaGVpZ2h0PSIxMDAwIiB2aWV3Qm94PSIwIDAgMTUwMCAxMDAwIiBmaWxsPSJub25lIiB4bWxucz0iaHR0cDovL3d3dy53My5vcmcvMjAwMC9zdmciPjwvc3ZnPg==\" data-src=\"https:\/\/www.pictofoundation.fr\/wp-content\/uploads\/2024\/06\/2-copie.jpg\" data-srcset=\"https:\/\/www.pictofoundation.fr\/wp-content\/uploads\/2024\/06\/2-copie.jpg 1500w, https:\/\/www.pictofoundation.fr\/wp-content\/uploads\/2024\/06\/2-copie-300x200.jpg 300w, https:\/\/www.pictofoundation.fr\/wp-content\/uploads\/2024\/06\/2-copie-1024x683.jpg 1024w, https:\/\/www.pictofoundation.fr\/wp-content\/uploads\/2024\/06\/2-copie-768x512.jpg 768w, https:\/\/www.pictofoundation.fr\/wp-content\/uploads\/2024\/06\/2-copie-500x333.jpg 500w, https:\/\/www.pictofoundation.fr\/wp-content\/uploads\/2024\/06\/2-copie-800x533.jpg 800w, https:\/\/www.pictofoundation.fr\/wp-content\/uploads\/2024\/06\/2-copie-1280x853.jpg 1280w\" data-sizes=\"auto\" loading=\"eager\">\n\t\t<div class=\"vp-portfolio__item-overlay\">\n\t\t\t\t\t<\/div>\n\n\t\t<\/a>\t<\/div>\n<\/div>\n\n<div class=\"vp-portfolio__item-overlay vp-portfolio__item-align-center\">\n\t\t\t<div class=\"vp-portfolio__item-meta\">\n\t\t\t\t\t\t\t<h2 class=\"vp-portfolio__item-meta-title\">\n\t\t\t\t\t\t\t\t\t\t\t<a href=\"https:\/\/www.pictofoundation.fr\/wp-content\/uploads\/2024\/06\/2-copie.jpg\"\n\t\t\t\t\t\t\t\t\t\t\t\t\t>\n\t\t\t\t\t\t\tPrix Picto de la mode 2024. Palais Galliera, Paris.\t\t\t\t\t\t<\/a>\n\t\t\t\t\t\t\t\t\t\t<\/h2>\n\t\t\t\t\t\t<\/div>\n\t<\/div>\t\t\t<\/figure>\n\t\t\t\t\t<\/div>\n\t\t\n\t\t<div\t\tclass=\"vp-portfolio__item-wrap vp-portfolio__item-uid-0ba26c3a\" data-vp-filter=\"\" \t\t>\n\t\t\t<template class=\"vp-portfolio__item-popup\" data-vp-popup-img=\"https:\/\/www.pictofoundation.fr\/wp-content\/uploads\/2024\/06\/3-copie.jpg\" data-vp-popup-img-srcset=\"https:\/\/www.pictofoundation.fr\/wp-content\/uploads\/2024\/06\/3-copie.jpg 1500w, https:\/\/www.pictofoundation.fr\/wp-content\/uploads\/2024\/06\/3-copie-300x200.jpg 300w, https:\/\/www.pictofoundation.fr\/wp-content\/uploads\/2024\/06\/3-copie-1024x683.jpg 1024w, https:\/\/www.pictofoundation.fr\/wp-content\/uploads\/2024\/06\/3-copie-768x512.jpg 768w, https:\/\/www.pictofoundation.fr\/wp-content\/uploads\/2024\/06\/3-copie-500x333.jpg 500w, https:\/\/www.pictofoundation.fr\/wp-content\/uploads\/2024\/06\/3-copie-800x533.jpg 800w, https:\/\/www.pictofoundation.fr\/wp-content\/uploads\/2024\/06\/3-copie-1280x853.jpg 1280w\" data-vp-popup-img-size=\"1500x1000\" data-vp-popup-md-img=\"https:\/\/www.pictofoundation.fr\/wp-content\/uploads\/2024\/06\/3-copie-800x533.jpg\" data-vp-popup-md-img-size=\"800x533\" data-vp-popup-sm-img=\"https:\/\/www.pictofoundation.fr\/wp-content\/uploads\/2024\/06\/3-copie-500x333.jpg\" data-vp-popup-sm-img-size=\"500x333\">\n\t\t\t<h3 class=\"vp-portfolio__item-popup-title\">Prix Picto de la mode 2024. Palais Galliera, Paris.<\/h3>\n\t\t<\/template>\n\t\t\t\t\t\t<figure class=\"vp-portfolio__item\">\n\t\t\t\t\n<div class=\"vp-portfolio__item-img-wrap\">\n\t<div class=\"vp-portfolio__item-img\">\n\t\t\t<a\n\t\thref=\"https:\/\/www.pictofoundation.fr\/wp-content\/uploads\/2024\/06\/3-copie.jpg\"\n\t\t\t>\n\t\n\t\t<noscript><img loading=\"lazy\" decoding=\"async\" width=\"1500\" height=\"1000\" data-skip-lazy src=\"https:\/\/www.pictofoundation.fr\/wp-content\/uploads\/2024\/06\/3-copie.jpg\" class=\"wp-image-12275\" alt=\"\" srcset=\"https:\/\/www.pictofoundation.fr\/wp-content\/uploads\/2024\/06\/3-copie.jpg 1500w, https:\/\/www.pictofoundation.fr\/wp-content\/uploads\/2024\/06\/3-copie-300x200.jpg 300w, https:\/\/www.pictofoundation.fr\/wp-content\/uploads\/2024\/06\/3-copie-1024x683.jpg 1024w, https:\/\/www.pictofoundation.fr\/wp-content\/uploads\/2024\/06\/3-copie-768x512.jpg 768w, https:\/\/www.pictofoundation.fr\/wp-content\/uploads\/2024\/06\/3-copie-500x333.jpg 500w, https:\/\/www.pictofoundation.fr\/wp-content\/uploads\/2024\/06\/3-copie-800x533.jpg 800w, https:\/\/www.pictofoundation.fr\/wp-content\/uploads\/2024\/06\/3-copie-1280x853.jpg 1280w\" sizes=\"auto, (max-width: 1500px) 100vw, 1500px\" \/><\/noscript><img decoding=\"async\" width=\"1500\" height=\"1000\" src=\"https:\/\/www.pictofoundation.fr\/wp-content\/uploads\/2024\/06\/3-copie.jpg\" class=\"wp-image-12275 vp-lazyload\" alt srcset=\"data:image\/svg+xml;base64,PHN2ZyB3aWR0aD0iMTUwMCIgaGVpZ2h0PSIxMDAwIiB2aWV3Qm94PSIwIDAgMTUwMCAxMDAwIiBmaWxsPSJub25lIiB4bWxucz0iaHR0cDovL3d3dy53My5vcmcvMjAwMC9zdmciPjwvc3ZnPg==\" data-src=\"https:\/\/www.pictofoundation.fr\/wp-content\/uploads\/2024\/06\/3-copie.jpg\" data-srcset=\"https:\/\/www.pictofoundation.fr\/wp-content\/uploads\/2024\/06\/3-copie.jpg 1500w, https:\/\/www.pictofoundation.fr\/wp-content\/uploads\/2024\/06\/3-copie-300x200.jpg 300w, https:\/\/www.pictofoundation.fr\/wp-content\/uploads\/2024\/06\/3-copie-1024x683.jpg 1024w, https:\/\/www.pictofoundation.fr\/wp-content\/uploads\/2024\/06\/3-copie-768x512.jpg 768w, https:\/\/www.pictofoundation.fr\/wp-content\/uploads\/2024\/06\/3-copie-500x333.jpg 500w, https:\/\/www.pictofoundation.fr\/wp-content\/uploads\/2024\/06\/3-copie-800x533.jpg 800w, https:\/\/www.pictofoundation.fr\/wp-content\/uploads\/2024\/06\/3-copie-1280x853.jpg 1280w\" data-sizes=\"auto\" loading=\"eager\">\n\t\t<div class=\"vp-portfolio__item-overlay\">\n\t\t\t\t\t<\/div>\n\n\t\t<\/a>\t<\/div>\n<\/div>\n\n<div class=\"vp-portfolio__item-overlay vp-portfolio__item-align-center\">\n\t\t\t<div class=\"vp-portfolio__item-meta\">\n\t\t\t\t\t\t\t<h2 class=\"vp-portfolio__item-meta-title\">\n\t\t\t\t\t\t\t\t\t\t\t<a href=\"https:\/\/www.pictofoundation.fr\/wp-content\/uploads\/2024\/06\/3-copie.jpg\"\n\t\t\t\t\t\t\t\t\t\t\t\t\t>\n\t\t\t\t\t\t\tPrix Picto de la mode 2024. Palais Galliera, Paris.\t\t\t\t\t\t<\/a>\n\t\t\t\t\t\t\t\t\t\t<\/h2>\n\t\t\t\t\t\t<\/div>\n\t<\/div>\t\t\t<\/figure>\n\t\t\t\t\t<\/div>\n\t\t\n\t\t<div\t\tclass=\"vp-portfolio__item-wrap vp-portfolio__item-uid-2ef0deb3\" data-vp-filter=\"\" \t\t>\n\t\t\t<template class=\"vp-portfolio__item-popup\" data-vp-popup-img=\"https:\/\/www.pictofoundation.fr\/wp-content\/uploads\/2024\/06\/4-copie.jpg\" data-vp-popup-img-srcset=\"https:\/\/www.pictofoundation.fr\/wp-content\/uploads\/2024\/06\/4-copie.jpg 1500w, https:\/\/www.pictofoundation.fr\/wp-content\/uploads\/2024\/06\/4-copie-300x200.jpg 300w, https:\/\/www.pictofoundation.fr\/wp-content\/uploads\/2024\/06\/4-copie-1024x683.jpg 1024w, https:\/\/www.pictofoundation.fr\/wp-content\/uploads\/2024\/06\/4-copie-768x512.jpg 768w, https:\/\/www.pictofoundation.fr\/wp-content\/uploads\/2024\/06\/4-copie-500x333.jpg 500w, https:\/\/www.pictofoundation.fr\/wp-content\/uploads\/2024\/06\/4-copie-800x533.jpg 800w, https:\/\/www.pictofoundation.fr\/wp-content\/uploads\/2024\/06\/4-copie-1280x853.jpg 1280w\" data-vp-popup-img-size=\"1500x1000\" data-vp-popup-md-img=\"https:\/\/www.pictofoundation.fr\/wp-content\/uploads\/2024\/06\/4-copie-800x533.jpg\" data-vp-popup-md-img-size=\"800x533\" data-vp-popup-sm-img=\"https:\/\/www.pictofoundation.fr\/wp-content\/uploads\/2024\/06\/4-copie-500x333.jpg\" data-vp-popup-sm-img-size=\"500x333\">\n\t\t\t<h3 class=\"vp-portfolio__item-popup-title\">Prix Picto de la mode 2024. Palais Galliera, Paris.<\/h3>\n\t\t<\/template>\n\t\t\t\t\t\t<figure class=\"vp-portfolio__item\">\n\t\t\t\t\n<div class=\"vp-portfolio__item-img-wrap\">\n\t<div class=\"vp-portfolio__item-img\">\n\t\t\t<a\n\t\thref=\"https:\/\/www.pictofoundation.fr\/wp-content\/uploads\/2024\/06\/4-copie.jpg\"\n\t\t\t>\n\t\n\t\t<noscript><img loading=\"lazy\" decoding=\"async\" width=\"1500\" height=\"1000\" data-skip-lazy src=\"https:\/\/www.pictofoundation.fr\/wp-content\/uploads\/2024\/06\/4-copie.jpg\" class=\"wp-image-12277\" alt=\"\" srcset=\"https:\/\/www.pictofoundation.fr\/wp-content\/uploads\/2024\/06\/4-copie.jpg 1500w, https:\/\/www.pictofoundation.fr\/wp-content\/uploads\/2024\/06\/4-copie-300x200.jpg 300w, https:\/\/www.pictofoundation.fr\/wp-content\/uploads\/2024\/06\/4-copie-1024x683.jpg 1024w, https:\/\/www.pictofoundation.fr\/wp-content\/uploads\/2024\/06\/4-copie-768x512.jpg 768w, https:\/\/www.pictofoundation.fr\/wp-content\/uploads\/2024\/06\/4-copie-500x333.jpg 500w, https:\/\/www.pictofoundation.fr\/wp-content\/uploads\/2024\/06\/4-copie-800x533.jpg 800w, https:\/\/www.pictofoundation.fr\/wp-content\/uploads\/2024\/06\/4-copie-1280x853.jpg 1280w\" sizes=\"auto, (max-width: 1500px) 100vw, 1500px\" \/><\/noscript><img decoding=\"async\" width=\"1500\" height=\"1000\" src=\"https:\/\/www.pictofoundation.fr\/wp-content\/uploads\/2024\/06\/4-copie.jpg\" class=\"wp-image-12277 vp-lazyload\" alt srcset=\"data:image\/svg+xml;base64,PHN2ZyB3aWR0aD0iMTUwMCIgaGVpZ2h0PSIxMDAwIiB2aWV3Qm94PSIwIDAgMTUwMCAxMDAwIiBmaWxsPSJub25lIiB4bWxucz0iaHR0cDovL3d3dy53My5vcmcvMjAwMC9zdmciPjwvc3ZnPg==\" data-src=\"https:\/\/www.pictofoundation.fr\/wp-content\/uploads\/2024\/06\/4-copie.jpg\" data-srcset=\"https:\/\/www.pictofoundation.fr\/wp-content\/uploads\/2024\/06\/4-copie.jpg 1500w, https:\/\/www.pictofoundation.fr\/wp-content\/uploads\/2024\/06\/4-copie-300x200.jpg 300w, https:\/\/www.pictofoundation.fr\/wp-content\/uploads\/2024\/06\/4-copie-1024x683.jpg 1024w, https:\/\/www.pictofoundation.fr\/wp-content\/uploads\/2024\/06\/4-copie-768x512.jpg 768w, https:\/\/www.pictofoundation.fr\/wp-content\/uploads\/2024\/06\/4-copie-500x333.jpg 500w, https:\/\/www.pictofoundation.fr\/wp-content\/uploads\/2024\/06\/4-copie-800x533.jpg 800w, https:\/\/www.pictofoundation.fr\/wp-content\/uploads\/2024\/06\/4-copie-1280x853.jpg 1280w\" data-sizes=\"auto\" loading=\"eager\">\n\t\t<div class=\"vp-portfolio__item-overlay\">\n\t\t\t\t\t<\/div>\n\n\t\t<\/a>\t<\/div>\n<\/div>\n\n<div class=\"vp-portfolio__item-overlay vp-portfolio__item-align-center\">\n\t\t\t<div class=\"vp-portfolio__item-meta\">\n\t\t\t\t\t\t\t<h2 class=\"vp-portfolio__item-meta-title\">\n\t\t\t\t\t\t\t\t\t\t\t<a href=\"https:\/\/www.pictofoundation.fr\/wp-content\/uploads\/2024\/06\/4-copie.jpg\"\n\t\t\t\t\t\t\t\t\t\t\t\t\t>\n\t\t\t\t\t\t\tPrix Picto de la mode 2024. Palais Galliera, Paris.\t\t\t\t\t\t<\/a>\n\t\t\t\t\t\t\t\t\t\t<\/h2>\n\t\t\t\t\t\t<\/div>\n\t<\/div>\t\t\t<\/figure>\n\t\t\t\t\t<\/div>\n\t\t\n\t\t<div\t\tclass=\"vp-portfolio__item-wrap vp-portfolio__item-uid-d44dc30c\" data-vp-filter=\"\" \t\t>\n\t\t\t<template class=\"vp-portfolio__item-popup\" data-vp-popup-img=\"https:\/\/www.pictofoundation.fr\/wp-content\/uploads\/2024\/06\/5-copie.jpg\" data-vp-popup-img-srcset=\"https:\/\/www.pictofoundation.fr\/wp-content\/uploads\/2024\/06\/5-copie.jpg 1500w, https:\/\/www.pictofoundation.fr\/wp-content\/uploads\/2024\/06\/5-copie-300x200.jpg 300w, https:\/\/www.pictofoundation.fr\/wp-content\/uploads\/2024\/06\/5-copie-1024x683.jpg 1024w, https:\/\/www.pictofoundation.fr\/wp-content\/uploads\/2024\/06\/5-copie-768x512.jpg 768w, https:\/\/www.pictofoundation.fr\/wp-content\/uploads\/2024\/06\/5-copie-500x333.jpg 500w, https:\/\/www.pictofoundation.fr\/wp-content\/uploads\/2024\/06\/5-copie-800x533.jpg 800w, https:\/\/www.pictofoundation.fr\/wp-content\/uploads\/2024\/06\/5-copie-1280x853.jpg 1280w\" data-vp-popup-img-size=\"1500x1000\" data-vp-popup-md-img=\"https:\/\/www.pictofoundation.fr\/wp-content\/uploads\/2024\/06\/5-copie-800x533.jpg\" data-vp-popup-md-img-size=\"800x533\" data-vp-popup-sm-img=\"https:\/\/www.pictofoundation.fr\/wp-content\/uploads\/2024\/06\/5-copie-500x333.jpg\" data-vp-popup-sm-img-size=\"500x333\">\n\t\t\t<h3 class=\"vp-portfolio__item-popup-title\">Prix Picto de la mode 2024. Palais Galliera, Paris.<\/h3>\n\t\t<\/template>\n\t\t\t\t\t\t<figure class=\"vp-portfolio__item\">\n\t\t\t\t\n<div class=\"vp-portfolio__item-img-wrap\">\n\t<div class=\"vp-portfolio__item-img\">\n\t\t\t<a\n\t\thref=\"https:\/\/www.pictofoundation.fr\/wp-content\/uploads\/2024\/06\/5-copie.jpg\"\n\t\t\t>\n\t\n\t\t<noscript><img loading=\"lazy\" decoding=\"async\" width=\"1500\" height=\"1000\" data-skip-lazy src=\"https:\/\/www.pictofoundation.fr\/wp-content\/uploads\/2024\/06\/5-copie.jpg\" class=\"wp-image-12279\" alt=\"\" srcset=\"https:\/\/www.pictofoundation.fr\/wp-content\/uploads\/2024\/06\/5-copie.jpg 1500w, https:\/\/www.pictofoundation.fr\/wp-content\/uploads\/2024\/06\/5-copie-300x200.jpg 300w, https:\/\/www.pictofoundation.fr\/wp-content\/uploads\/2024\/06\/5-copie-1024x683.jpg 1024w, https:\/\/www.pictofoundation.fr\/wp-content\/uploads\/2024\/06\/5-copie-768x512.jpg 768w, https:\/\/www.pictofoundation.fr\/wp-content\/uploads\/2024\/06\/5-copie-500x333.jpg 500w, https:\/\/www.pictofoundation.fr\/wp-content\/uploads\/2024\/06\/5-copie-800x533.jpg 800w, https:\/\/www.pictofoundation.fr\/wp-content\/uploads\/2024\/06\/5-copie-1280x853.jpg 1280w\" sizes=\"auto, (max-width: 1500px) 100vw, 1500px\" \/><\/noscript><img decoding=\"async\" width=\"1500\" height=\"1000\" src=\"https:\/\/www.pictofoundation.fr\/wp-content\/uploads\/2024\/06\/5-copie.jpg\" class=\"wp-image-12279 vp-lazyload\" alt srcset=\"data:image\/svg+xml;base64,PHN2ZyB3aWR0aD0iMTUwMCIgaGVpZ2h0PSIxMDAwIiB2aWV3Qm94PSIwIDAgMTUwMCAxMDAwIiBmaWxsPSJub25lIiB4bWxucz0iaHR0cDovL3d3dy53My5vcmcvMjAwMC9zdmciPjwvc3ZnPg==\" data-src=\"https:\/\/www.pictofoundation.fr\/wp-content\/uploads\/2024\/06\/5-copie.jpg\" data-srcset=\"https:\/\/www.pictofoundation.fr\/wp-content\/uploads\/2024\/06\/5-copie.jpg 1500w, https:\/\/www.pictofoundation.fr\/wp-content\/uploads\/2024\/06\/5-copie-300x200.jpg 300w, https:\/\/www.pictofoundation.fr\/wp-content\/uploads\/2024\/06\/5-copie-1024x683.jpg 1024w, https:\/\/www.pictofoundation.fr\/wp-content\/uploads\/2024\/06\/5-copie-768x512.jpg 768w, https:\/\/www.pictofoundation.fr\/wp-content\/uploads\/2024\/06\/5-copie-500x333.jpg 500w, https:\/\/www.pictofoundation.fr\/wp-content\/uploads\/2024\/06\/5-copie-800x533.jpg 800w, https:\/\/www.pictofoundation.fr\/wp-content\/uploads\/2024\/06\/5-copie-1280x853.jpg 1280w\" data-sizes=\"auto\" loading=\"eager\">\n\t\t<div class=\"vp-portfolio__item-overlay\">\n\t\t\t\t\t<\/div>\n\n\t\t<\/a>\t<\/div>\n<\/div>\n\n<div class=\"vp-portfolio__item-overlay vp-portfolio__item-align-center\">\n\t\t\t<div class=\"vp-portfolio__item-meta\">\n\t\t\t\t\t\t\t<h2 class=\"vp-portfolio__item-meta-title\">\n\t\t\t\t\t\t\t\t\t\t\t<a href=\"https:\/\/www.pictofoundation.fr\/wp-content\/uploads\/2024\/06\/5-copie.jpg\"\n\t\t\t\t\t\t\t\t\t\t\t\t\t>\n\t\t\t\t\t\t\tPrix Picto de la mode 2024. Palais Galliera, Paris.\t\t\t\t\t\t<\/a>\n\t\t\t\t\t\t\t\t\t\t<\/h2>\n\t\t\t\t\t\t<\/div>\n\t<\/div>\t\t\t<\/figure>\n\t\t\t\t\t<\/div>\n\t\t\n\t\t<div\t\tclass=\"vp-portfolio__item-wrap vp-portfolio__item-uid-96528454\" data-vp-filter=\"\" \t\t>\n\t\t\t<template class=\"vp-portfolio__item-popup\" data-vp-popup-img=\"https:\/\/www.pictofoundation.fr\/wp-content\/uploads\/2024\/06\/6-copie.jpg\" data-vp-popup-img-srcset=\"https:\/\/www.pictofoundation.fr\/wp-content\/uploads\/2024\/06\/6-copie.jpg 1500w, https:\/\/www.pictofoundation.fr\/wp-content\/uploads\/2024\/06\/6-copie-300x200.jpg 300w, https:\/\/www.pictofoundation.fr\/wp-content\/uploads\/2024\/06\/6-copie-1024x683.jpg 1024w, https:\/\/www.pictofoundation.fr\/wp-content\/uploads\/2024\/06\/6-copie-768x512.jpg 768w, https:\/\/www.pictofoundation.fr\/wp-content\/uploads\/2024\/06\/6-copie-500x333.jpg 500w, https:\/\/www.pictofoundation.fr\/wp-content\/uploads\/2024\/06\/6-copie-800x533.jpg 800w, https:\/\/www.pictofoundation.fr\/wp-content\/uploads\/2024\/06\/6-copie-1280x853.jpg 1280w\" data-vp-popup-img-size=\"1500x1000\" data-vp-popup-md-img=\"https:\/\/www.pictofoundation.fr\/wp-content\/uploads\/2024\/06\/6-copie-800x533.jpg\" data-vp-popup-md-img-size=\"800x533\" data-vp-popup-sm-img=\"https:\/\/www.pictofoundation.fr\/wp-content\/uploads\/2024\/06\/6-copie-500x333.jpg\" data-vp-popup-sm-img-size=\"500x333\">\n\t\t\t<h3 class=\"vp-portfolio__item-popup-title\">Prix Picto de la mode 2024. Palais Galliera, Paris.<\/h3>\n\t\t<\/template>\n\t\t\t\t\t\t<figure class=\"vp-portfolio__item\">\n\t\t\t\t\n<div class=\"vp-portfolio__item-img-wrap\">\n\t<div class=\"vp-portfolio__item-img\">\n\t\t\t<a\n\t\thref=\"https:\/\/www.pictofoundation.fr\/wp-content\/uploads\/2024\/06\/6-copie.jpg\"\n\t\t\t>\n\t\n\t\t<noscript><img loading=\"lazy\" decoding=\"async\" width=\"1500\" height=\"1000\" data-skip-lazy src=\"https:\/\/www.pictofoundation.fr\/wp-content\/uploads\/2024\/06\/6-copie.jpg\" class=\"wp-image-12281\" alt=\"\" srcset=\"https:\/\/www.pictofoundation.fr\/wp-content\/uploads\/2024\/06\/6-copie.jpg 1500w, https:\/\/www.pictofoundation.fr\/wp-content\/uploads\/2024\/06\/6-copie-300x200.jpg 300w, https:\/\/www.pictofoundation.fr\/wp-content\/uploads\/2024\/06\/6-copie-1024x683.jpg 1024w, https:\/\/www.pictofoundation.fr\/wp-content\/uploads\/2024\/06\/6-copie-768x512.jpg 768w, https:\/\/www.pictofoundation.fr\/wp-content\/uploads\/2024\/06\/6-copie-500x333.jpg 500w, https:\/\/www.pictofoundation.fr\/wp-content\/uploads\/2024\/06\/6-copie-800x533.jpg 800w, https:\/\/www.pictofoundation.fr\/wp-content\/uploads\/2024\/06\/6-copie-1280x853.jpg 1280w\" sizes=\"auto, (max-width: 1500px) 100vw, 1500px\" \/><\/noscript><img decoding=\"async\" width=\"1500\" height=\"1000\" src=\"https:\/\/www.pictofoundation.fr\/wp-content\/uploads\/2024\/06\/6-copie.jpg\" class=\"wp-image-12281 vp-lazyload\" alt srcset=\"data:image\/svg+xml;base64,PHN2ZyB3aWR0aD0iMTUwMCIgaGVpZ2h0PSIxMDAwIiB2aWV3Qm94PSIwIDAgMTUwMCAxMDAwIiBmaWxsPSJub25lIiB4bWxucz0iaHR0cDovL3d3dy53My5vcmcvMjAwMC9zdmciPjwvc3ZnPg==\" data-src=\"https:\/\/www.pictofoundation.fr\/wp-content\/uploads\/2024\/06\/6-copie.jpg\" data-srcset=\"https:\/\/www.pictofoundation.fr\/wp-content\/uploads\/2024\/06\/6-copie.jpg 1500w, https:\/\/www.pictofoundation.fr\/wp-content\/uploads\/2024\/06\/6-copie-300x200.jpg 300w, https:\/\/www.pictofoundation.fr\/wp-content\/uploads\/2024\/06\/6-copie-1024x683.jpg 1024w, https:\/\/www.pictofoundation.fr\/wp-content\/uploads\/2024\/06\/6-copie-768x512.jpg 768w, https:\/\/www.pictofoundation.fr\/wp-content\/uploads\/2024\/06\/6-copie-500x333.jpg 500w, https:\/\/www.pictofoundation.fr\/wp-content\/uploads\/2024\/06\/6-copie-800x533.jpg 800w, https:\/\/www.pictofoundation.fr\/wp-content\/uploads\/2024\/06\/6-copie-1280x853.jpg 1280w\" data-sizes=\"auto\" loading=\"eager\">\n\t\t<div class=\"vp-portfolio__item-overlay\">\n\t\t\t\t\t<\/div>\n\n\t\t<\/a>\t<\/div>\n<\/div>\n\n<div class=\"vp-portfolio__item-overlay vp-portfolio__item-align-center\">\n\t\t\t<div class=\"vp-portfolio__item-meta\">\n\t\t\t\t\t\t\t<h2 class=\"vp-portfolio__item-meta-title\">\n\t\t\t\t\t\t\t\t\t\t\t<a href=\"https:\/\/www.pictofoundation.fr\/wp-content\/uploads\/2024\/06\/6-copie.jpg\"\n\t\t\t\t\t\t\t\t\t\t\t\t\t>\n\t\t\t\t\t\t\tPrix Picto de la mode 2024. Palais Galliera, Paris.\t\t\t\t\t\t<\/a>\n\t\t\t\t\t\t\t\t\t\t<\/h2>\n\t\t\t\t\t\t<\/div>\n\t<\/div>\t\t\t<\/figure>\n\t\t\t\t\t<\/div>\n\t\t\n\t\t<div\t\tclass=\"vp-portfolio__item-wrap vp-portfolio__item-uid-fec897d6\" data-vp-filter=\"\" \t\t>\n\t\t\t<template class=\"vp-portfolio__item-popup\" data-vp-popup-img=\"https:\/\/www.pictofoundation.fr\/wp-content\/uploads\/2024\/06\/7-copie.jpg\" data-vp-popup-img-srcset=\"https:\/\/www.pictofoundation.fr\/wp-content\/uploads\/2024\/06\/7-copie.jpg 1500w, https:\/\/www.pictofoundation.fr\/wp-content\/uploads\/2024\/06\/7-copie-300x200.jpg 300w, https:\/\/www.pictofoundation.fr\/wp-content\/uploads\/2024\/06\/7-copie-1024x683.jpg 1024w, https:\/\/www.pictofoundation.fr\/wp-content\/uploads\/2024\/06\/7-copie-768x512.jpg 768w, https:\/\/www.pictofoundation.fr\/wp-content\/uploads\/2024\/06\/7-copie-500x333.jpg 500w, https:\/\/www.pictofoundation.fr\/wp-content\/uploads\/2024\/06\/7-copie-800x533.jpg 800w, https:\/\/www.pictofoundation.fr\/wp-content\/uploads\/2024\/06\/7-copie-1280x853.jpg 1280w\" data-vp-popup-img-size=\"1500x1000\" data-vp-popup-md-img=\"https:\/\/www.pictofoundation.fr\/wp-content\/uploads\/2024\/06\/7-copie-800x533.jpg\" data-vp-popup-md-img-size=\"800x533\" data-vp-popup-sm-img=\"https:\/\/www.pictofoundation.fr\/wp-content\/uploads\/2024\/06\/7-copie-500x333.jpg\" data-vp-popup-sm-img-size=\"500x333\">\n\t\t\t<h3 class=\"vp-portfolio__item-popup-title\">Prix Picto de la mode 2024. Palais Galliera, Paris.<\/h3>\n\t\t<\/template>\n\t\t\t\t\t\t<figure class=\"vp-portfolio__item\">\n\t\t\t\t\n<div class=\"vp-portfolio__item-img-wrap\">\n\t<div class=\"vp-portfolio__item-img\">\n\t\t\t<a\n\t\thref=\"https:\/\/www.pictofoundation.fr\/wp-content\/uploads\/2024\/06\/7-copie.jpg\"\n\t\t\t>\n\t\n\t\t<noscript><img loading=\"lazy\" decoding=\"async\" width=\"1500\" height=\"1000\" data-skip-lazy src=\"https:\/\/www.pictofoundation.fr\/wp-content\/uploads\/2024\/06\/7-copie.jpg\" class=\"wp-image-12283\" alt=\"\" srcset=\"https:\/\/www.pictofoundation.fr\/wp-content\/uploads\/2024\/06\/7-copie.jpg 1500w, https:\/\/www.pictofoundation.fr\/wp-content\/uploads\/2024\/06\/7-copie-300x200.jpg 300w, https:\/\/www.pictofoundation.fr\/wp-content\/uploads\/2024\/06\/7-copie-1024x683.jpg 1024w, https:\/\/www.pictofoundation.fr\/wp-content\/uploads\/2024\/06\/7-copie-768x512.jpg 768w, https:\/\/www.pictofoundation.fr\/wp-content\/uploads\/2024\/06\/7-copie-500x333.jpg 500w, https:\/\/www.pictofoundation.fr\/wp-content\/uploads\/2024\/06\/7-copie-800x533.jpg 800w, https:\/\/www.pictofoundation.fr\/wp-content\/uploads\/2024\/06\/7-copie-1280x853.jpg 1280w\" sizes=\"auto, (max-width: 1500px) 100vw, 1500px\" \/><\/noscript><img decoding=\"async\" width=\"1500\" height=\"1000\" src=\"https:\/\/www.pictofoundation.fr\/wp-content\/uploads\/2024\/06\/7-copie.jpg\" class=\"wp-image-12283 vp-lazyload\" alt srcset=\"data:image\/svg+xml;base64,PHN2ZyB3aWR0aD0iMTUwMCIgaGVpZ2h0PSIxMDAwIiB2aWV3Qm94PSIwIDAgMTUwMCAxMDAwIiBmaWxsPSJub25lIiB4bWxucz0iaHR0cDovL3d3dy53My5vcmcvMjAwMC9zdmciPjwvc3ZnPg==\" data-src=\"https:\/\/www.pictofoundation.fr\/wp-content\/uploads\/2024\/06\/7-copie.jpg\" data-srcset=\"https:\/\/www.pictofoundation.fr\/wp-content\/uploads\/2024\/06\/7-copie.jpg 1500w, https:\/\/www.pictofoundation.fr\/wp-content\/uploads\/2024\/06\/7-copie-300x200.jpg 300w, https:\/\/www.pictofoundation.fr\/wp-content\/uploads\/2024\/06\/7-copie-1024x683.jpg 1024w, https:\/\/www.pictofoundation.fr\/wp-content\/uploads\/2024\/06\/7-copie-768x512.jpg 768w, https:\/\/www.pictofoundation.fr\/wp-content\/uploads\/2024\/06\/7-copie-500x333.jpg 500w, https:\/\/www.pictofoundation.fr\/wp-content\/uploads\/2024\/06\/7-copie-800x533.jpg 800w, https:\/\/www.pictofoundation.fr\/wp-content\/uploads\/2024\/06\/7-copie-1280x853.jpg 1280w\" data-sizes=\"auto\" loading=\"eager\">\n\t\t<div class=\"vp-portfolio__item-overlay\">\n\t\t\t\t\t<\/div>\n\n\t\t<\/a>\t<\/div>\n<\/div>\n\n<div class=\"vp-portfolio__item-overlay vp-portfolio__item-align-center\">\n\t\t\t<div class=\"vp-portfolio__item-meta\">\n\t\t\t\t\t\t\t<h2 class=\"vp-portfolio__item-meta-title\">\n\t\t\t\t\t\t\t\t\t\t\t<a href=\"https:\/\/www.pictofoundation.fr\/wp-content\/uploads\/2024\/06\/7-copie.jpg\"\n\t\t\t\t\t\t\t\t\t\t\t\t\t>\n\t\t\t\t\t\t\tPrix Picto de la mode 2024. Palais Galliera, Paris.\t\t\t\t\t\t<\/a>\n\t\t\t\t\t\t\t\t\t\t<\/h2>\n\t\t\t\t\t\t<\/div>\n\t<\/div>\t\t\t<\/figure>\n\t\t\t\t\t<\/div>\n\t\t\n\t\t<div\t\tclass=\"vp-portfolio__item-wrap vp-portfolio__item-uid-45feb0fc\" data-vp-filter=\"\" \t\t>\n\t\t\t<template class=\"vp-portfolio__item-popup\" data-vp-popup-img=\"https:\/\/www.pictofoundation.fr\/wp-content\/uploads\/2024\/06\/8-copie.jpg\" data-vp-popup-img-srcset=\"https:\/\/www.pictofoundation.fr\/wp-content\/uploads\/2024\/06\/8-copie.jpg 1500w, https:\/\/www.pictofoundation.fr\/wp-content\/uploads\/2024\/06\/8-copie-300x200.jpg 300w, https:\/\/www.pictofoundation.fr\/wp-content\/uploads\/2024\/06\/8-copie-1024x683.jpg 1024w, https:\/\/www.pictofoundation.fr\/wp-content\/uploads\/2024\/06\/8-copie-768x512.jpg 768w, https:\/\/www.pictofoundation.fr\/wp-content\/uploads\/2024\/06\/8-copie-500x333.jpg 500w, https:\/\/www.pictofoundation.fr\/wp-content\/uploads\/2024\/06\/8-copie-800x533.jpg 800w, https:\/\/www.pictofoundation.fr\/wp-content\/uploads\/2024\/06\/8-copie-1280x853.jpg 1280w\" data-vp-popup-img-size=\"1500x1000\" data-vp-popup-md-img=\"https:\/\/www.pictofoundation.fr\/wp-content\/uploads\/2024\/06\/8-copie-800x533.jpg\" data-vp-popup-md-img-size=\"800x533\" data-vp-popup-sm-img=\"https:\/\/www.pictofoundation.fr\/wp-content\/uploads\/2024\/06\/8-copie-500x333.jpg\" data-vp-popup-sm-img-size=\"500x333\">\n\t\t\t<h3 class=\"vp-portfolio__item-popup-title\">Prix Picto de la mode 2024. Palais Galliera, Paris.<\/h3>\n\t\t<\/template>\n\t\t\t\t\t\t<figure class=\"vp-portfolio__item\">\n\t\t\t\t\n<div class=\"vp-portfolio__item-img-wrap\">\n\t<div class=\"vp-portfolio__item-img\">\n\t\t\t<a\n\t\thref=\"https:\/\/www.pictofoundation.fr\/wp-content\/uploads\/2024\/06\/8-copie.jpg\"\n\t\t\t>\n\t\n\t\t<noscript><img loading=\"lazy\" decoding=\"async\" width=\"1500\" height=\"1000\" data-skip-lazy src=\"https:\/\/www.pictofoundation.fr\/wp-content\/uploads\/2024\/06\/8-copie.jpg\" class=\"wp-image-12286\" alt=\"\" srcset=\"https:\/\/www.pictofoundation.fr\/wp-content\/uploads\/2024\/06\/8-copie.jpg 1500w, https:\/\/www.pictofoundation.fr\/wp-content\/uploads\/2024\/06\/8-copie-300x200.jpg 300w, https:\/\/www.pictofoundation.fr\/wp-content\/uploads\/2024\/06\/8-copie-1024x683.jpg 1024w, https:\/\/www.pictofoundation.fr\/wp-content\/uploads\/2024\/06\/8-copie-768x512.jpg 768w, https:\/\/www.pictofoundation.fr\/wp-content\/uploads\/2024\/06\/8-copie-500x333.jpg 500w, https:\/\/www.pictofoundation.fr\/wp-content\/uploads\/2024\/06\/8-copie-800x533.jpg 800w, https:\/\/www.pictofoundation.fr\/wp-content\/uploads\/2024\/06\/8-copie-1280x853.jpg 1280w\" sizes=\"auto, (max-width: 1500px) 100vw, 1500px\" \/><\/noscript><img decoding=\"async\" width=\"1500\" height=\"1000\" src=\"https:\/\/www.pictofoundation.fr\/wp-content\/uploads\/2024\/06\/8-copie.jpg\" class=\"wp-image-12286 vp-lazyload\" alt srcset=\"data:image\/svg+xml;base64,PHN2ZyB3aWR0aD0iMTUwMCIgaGVpZ2h0PSIxMDAwIiB2aWV3Qm94PSIwIDAgMTUwMCAxMDAwIiBmaWxsPSJub25lIiB4bWxucz0iaHR0cDovL3d3dy53My5vcmcvMjAwMC9zdmciPjwvc3ZnPg==\" data-src=\"https:\/\/www.pictofoundation.fr\/wp-content\/uploads\/2024\/06\/8-copie.jpg\" data-srcset=\"https:\/\/www.pictofoundation.fr\/wp-content\/uploads\/2024\/06\/8-copie.jpg 1500w, https:\/\/www.pictofoundation.fr\/wp-content\/uploads\/2024\/06\/8-copie-300x200.jpg 300w, https:\/\/www.pictofoundation.fr\/wp-content\/uploads\/2024\/06\/8-copie-1024x683.jpg 1024w, https:\/\/www.pictofoundation.fr\/wp-content\/uploads\/2024\/06\/8-copie-768x512.jpg 768w, https:\/\/www.pictofoundation.fr\/wp-content\/uploads\/2024\/06\/8-copie-500x333.jpg 500w, https:\/\/www.pictofoundation.fr\/wp-content\/uploads\/2024\/06\/8-copie-800x533.jpg 800w, https:\/\/www.pictofoundation.fr\/wp-content\/uploads\/2024\/06\/8-copie-1280x853.jpg 1280w\" data-sizes=\"auto\" loading=\"eager\">\n\t\t<div class=\"vp-portfolio__item-overlay\">\n\t\t\t\t\t<\/div>\n\n\t\t<\/a>\t<\/div>\n<\/div>\n\n<div class=\"vp-portfolio__item-overlay vp-portfolio__item-align-center\">\n\t\t\t<div class=\"vp-portfolio__item-meta\">\n\t\t\t\t\t\t\t<h2 class=\"vp-portfolio__item-meta-title\">\n\t\t\t\t\t\t\t\t\t\t\t<a href=\"https:\/\/www.pictofoundation.fr\/wp-content\/uploads\/2024\/06\/8-copie.jpg\"\n\t\t\t\t\t\t\t\t\t\t\t\t\t>\n\t\t\t\t\t\t\tPrix Picto de la mode 2024. Palais Galliera, Paris.\t\t\t\t\t\t<\/a>\n\t\t\t\t\t\t\t\t\t\t<\/h2>\n\t\t\t\t\t\t<\/div>\n\t<\/div>\t\t\t<\/figure>\n\t\t\t\t\t<\/div>\n\t\t\n\t\t<div\t\tclass=\"vp-portfolio__item-wrap vp-portfolio__item-uid-53102f2e\" data-vp-filter=\"\" \t\t>\n\t\t\t<template class=\"vp-portfolio__item-popup\" data-vp-popup-img=\"https:\/\/www.pictofoundation.fr\/wp-content\/uploads\/2024\/06\/9-copie.jpg\" data-vp-popup-img-srcset=\"https:\/\/www.pictofoundation.fr\/wp-content\/uploads\/2024\/06\/9-copie.jpg 1500w, https:\/\/www.pictofoundation.fr\/wp-content\/uploads\/2024\/06\/9-copie-300x200.jpg 300w, https:\/\/www.pictofoundation.fr\/wp-content\/uploads\/2024\/06\/9-copie-1024x683.jpg 1024w, https:\/\/www.pictofoundation.fr\/wp-content\/uploads\/2024\/06\/9-copie-768x512.jpg 768w, https:\/\/www.pictofoundation.fr\/wp-content\/uploads\/2024\/06\/9-copie-500x333.jpg 500w, https:\/\/www.pictofoundation.fr\/wp-content\/uploads\/2024\/06\/9-copie-800x533.jpg 800w, https:\/\/www.pictofoundation.fr\/wp-content\/uploads\/2024\/06\/9-copie-1280x853.jpg 1280w\" data-vp-popup-img-size=\"1500x1000\" data-vp-popup-md-img=\"https:\/\/www.pictofoundation.fr\/wp-content\/uploads\/2024\/06\/9-copie-800x533.jpg\" data-vp-popup-md-img-size=\"800x533\" data-vp-popup-sm-img=\"https:\/\/www.pictofoundation.fr\/wp-content\/uploads\/2024\/06\/9-copie-500x333.jpg\" data-vp-popup-sm-img-size=\"500x333\">\n\t\t\t<h3 class=\"vp-portfolio__item-popup-title\">Prix Picto de la mode 2024. Palais Galliera, Paris.<\/h3>\n\t\t<\/template>\n\t\t\t\t\t\t<figure class=\"vp-portfolio__item\">\n\t\t\t\t\n<div class=\"vp-portfolio__item-img-wrap\">\n\t<div class=\"vp-portfolio__item-img\">\n\t\t\t<a\n\t\thref=\"https:\/\/www.pictofoundation.fr\/wp-content\/uploads\/2024\/06\/9-copie.jpg\"\n\t\t\t>\n\t\n\t\t<noscript><img loading=\"lazy\" decoding=\"async\" width=\"1500\" height=\"1000\" data-skip-lazy src=\"https:\/\/www.pictofoundation.fr\/wp-content\/uploads\/2024\/06\/9-copie.jpg\" class=\"wp-image-12288\" alt=\"\" srcset=\"https:\/\/www.pictofoundation.fr\/wp-content\/uploads\/2024\/06\/9-copie.jpg 1500w, https:\/\/www.pictofoundation.fr\/wp-content\/uploads\/2024\/06\/9-copie-300x200.jpg 300w, https:\/\/www.pictofoundation.fr\/wp-content\/uploads\/2024\/06\/9-copie-1024x683.jpg 1024w, https:\/\/www.pictofoundation.fr\/wp-content\/uploads\/2024\/06\/9-copie-768x512.jpg 768w, https:\/\/www.pictofoundation.fr\/wp-content\/uploads\/2024\/06\/9-copie-500x333.jpg 500w, https:\/\/www.pictofoundation.fr\/wp-content\/uploads\/2024\/06\/9-copie-800x533.jpg 800w, https:\/\/www.pictofoundation.fr\/wp-content\/uploads\/2024\/06\/9-copie-1280x853.jpg 1280w\" sizes=\"auto, (max-width: 1500px) 100vw, 1500px\" \/><\/noscript><img decoding=\"async\" width=\"1500\" height=\"1000\" src=\"https:\/\/www.pictofoundation.fr\/wp-content\/uploads\/2024\/06\/9-copie.jpg\" class=\"wp-image-12288 vp-lazyload\" alt srcset=\"data:image\/svg+xml;base64,PHN2ZyB3aWR0aD0iMTUwMCIgaGVpZ2h0PSIxMDAwIiB2aWV3Qm94PSIwIDAgMTUwMCAxMDAwIiBmaWxsPSJub25lIiB4bWxucz0iaHR0cDovL3d3dy53My5vcmcvMjAwMC9zdmciPjwvc3ZnPg==\" data-src=\"https:\/\/www.pictofoundation.fr\/wp-content\/uploads\/2024\/06\/9-copie.jpg\" data-srcset=\"https:\/\/www.pictofoundation.fr\/wp-content\/uploads\/2024\/06\/9-copie.jpg 1500w, https:\/\/www.pictofoundation.fr\/wp-content\/uploads\/2024\/06\/9-copie-300x200.jpg 300w, https:\/\/www.pictofoundation.fr\/wp-content\/uploads\/2024\/06\/9-copie-1024x683.jpg 1024w, https:\/\/www.pictofoundation.fr\/wp-content\/uploads\/2024\/06\/9-copie-768x512.jpg 768w, https:\/\/www.pictofoundation.fr\/wp-content\/uploads\/2024\/06\/9-copie-500x333.jpg 500w, https:\/\/www.pictofoundation.fr\/wp-content\/uploads\/2024\/06\/9-copie-800x533.jpg 800w, https:\/\/www.pictofoundation.fr\/wp-content\/uploads\/2024\/06\/9-copie-1280x853.jpg 1280w\" data-sizes=\"auto\" loading=\"eager\">\n\t\t<div class=\"vp-portfolio__item-overlay\">\n\t\t\t\t\t<\/div>\n\n\t\t<\/a>\t<\/div>\n<\/div>\n\n<div class=\"vp-portfolio__item-overlay vp-portfolio__item-align-center\">\n\t\t\t<div class=\"vp-portfolio__item-meta\">\n\t\t\t\t\t\t\t<h2 class=\"vp-portfolio__item-meta-title\">\n\t\t\t\t\t\t\t\t\t\t\t<a href=\"https:\/\/www.pictofoundation.fr\/wp-content\/uploads\/2024\/06\/9-copie.jpg\"\n\t\t\t\t\t\t\t\t\t\t\t\t\t>\n\t\t\t\t\t\t\tPrix Picto de la mode 2024. Palais Galliera, Paris.\t\t\t\t\t\t<\/a>\n\t\t\t\t\t\t\t\t\t\t<\/h2>\n\t\t\t\t\t\t<\/div>\n\t<\/div>\t\t\t<\/figure>\n\t\t\t\t\t<\/div>\n\t\t\n\t\t<div\t\tclass=\"vp-portfolio__item-wrap vp-portfolio__item-uid-8f8c45f8\" data-vp-filter=\"\" \t\t>\n\t\t\t<template class=\"vp-portfolio__item-popup\" data-vp-popup-img=\"https:\/\/www.pictofoundation.fr\/wp-content\/uploads\/2024\/06\/10-copie.jpg\" data-vp-popup-img-srcset=\"https:\/\/www.pictofoundation.fr\/wp-content\/uploads\/2024\/06\/10-copie.jpg 1500w, https:\/\/www.pictofoundation.fr\/wp-content\/uploads\/2024\/06\/10-copie-300x200.jpg 300w, https:\/\/www.pictofoundation.fr\/wp-content\/uploads\/2024\/06\/10-copie-1024x683.jpg 1024w, https:\/\/www.pictofoundation.fr\/wp-content\/uploads\/2024\/06\/10-copie-768x512.jpg 768w, https:\/\/www.pictofoundation.fr\/wp-content\/uploads\/2024\/06\/10-copie-500x333.jpg 500w, https:\/\/www.pictofoundation.fr\/wp-content\/uploads\/2024\/06\/10-copie-800x533.jpg 800w, https:\/\/www.pictofoundation.fr\/wp-content\/uploads\/2024\/06\/10-copie-1280x853.jpg 1280w\" data-vp-popup-img-size=\"1500x1000\" data-vp-popup-md-img=\"https:\/\/www.pictofoundation.fr\/wp-content\/uploads\/2024\/06\/10-copie-800x533.jpg\" data-vp-popup-md-img-size=\"800x533\" data-vp-popup-sm-img=\"https:\/\/www.pictofoundation.fr\/wp-content\/uploads\/2024\/06\/10-copie-500x333.jpg\" data-vp-popup-sm-img-size=\"500x333\">\n\t\t\t<h3 class=\"vp-portfolio__item-popup-title\">Prix Picto de la mode 2024. Palais Galliera, Paris.<\/h3>\n\t\t<\/template>\n\t\t\t\t\t\t<figure class=\"vp-portfolio__item\">\n\t\t\t\t\n<div class=\"vp-portfolio__item-img-wrap\">\n\t<div class=\"vp-portfolio__item-img\">\n\t\t\t<a\n\t\thref=\"https:\/\/www.pictofoundation.fr\/wp-content\/uploads\/2024\/06\/10-copie.jpg\"\n\t\t\t>\n\t\n\t\t<noscript><img loading=\"lazy\" decoding=\"async\" width=\"1500\" height=\"1000\" data-skip-lazy src=\"https:\/\/www.pictofoundation.fr\/wp-content\/uploads\/2024\/06\/10-copie.jpg\" class=\"wp-image-12290\" alt=\"\" srcset=\"https:\/\/www.pictofoundation.fr\/wp-content\/uploads\/2024\/06\/10-copie.jpg 1500w, https:\/\/www.pictofoundation.fr\/wp-content\/uploads\/2024\/06\/10-copie-300x200.jpg 300w, https:\/\/www.pictofoundation.fr\/wp-content\/uploads\/2024\/06\/10-copie-1024x683.jpg 1024w, https:\/\/www.pictofoundation.fr\/wp-content\/uploads\/2024\/06\/10-copie-768x512.jpg 768w, https:\/\/www.pictofoundation.fr\/wp-content\/uploads\/2024\/06\/10-copie-500x333.jpg 500w, https:\/\/www.pictofoundation.fr\/wp-content\/uploads\/2024\/06\/10-copie-800x533.jpg 800w, https:\/\/www.pictofoundation.fr\/wp-content\/uploads\/2024\/06\/10-copie-1280x853.jpg 1280w\" sizes=\"auto, (max-width: 1500px) 100vw, 1500px\" \/><\/noscript><img decoding=\"async\" width=\"1500\" height=\"1000\" src=\"https:\/\/www.pictofoundation.fr\/wp-content\/uploads\/2024\/06\/10-copie.jpg\" class=\"wp-image-12290 vp-lazyload\" alt srcset=\"data:image\/svg+xml;base64,PHN2ZyB3aWR0aD0iMTUwMCIgaGVpZ2h0PSIxMDAwIiB2aWV3Qm94PSIwIDAgMTUwMCAxMDAwIiBmaWxsPSJub25lIiB4bWxucz0iaHR0cDovL3d3dy53My5vcmcvMjAwMC9zdmciPjwvc3ZnPg==\" data-src=\"https:\/\/www.pictofoundation.fr\/wp-content\/uploads\/2024\/06\/10-copie.jpg\" data-srcset=\"https:\/\/www.pictofoundation.fr\/wp-content\/uploads\/2024\/06\/10-copie.jpg 1500w, https:\/\/www.pictofoundation.fr\/wp-content\/uploads\/2024\/06\/10-copie-300x200.jpg 300w, https:\/\/www.pictofoundation.fr\/wp-content\/uploads\/2024\/06\/10-copie-1024x683.jpg 1024w, https:\/\/www.pictofoundation.fr\/wp-content\/uploads\/2024\/06\/10-copie-768x512.jpg 768w, https:\/\/www.pictofoundation.fr\/wp-content\/uploads\/2024\/06\/10-copie-500x333.jpg 500w, https:\/\/www.pictofoundation.fr\/wp-content\/uploads\/2024\/06\/10-copie-800x533.jpg 800w, https:\/\/www.pictofoundation.fr\/wp-content\/uploads\/2024\/06\/10-copie-1280x853.jpg 1280w\" data-sizes=\"auto\" loading=\"eager\">\n\t\t<div class=\"vp-portfolio__item-overlay\">\n\t\t\t\t\t<\/div>\n\n\t\t<\/a>\t<\/div>\n<\/div>\n\n<div class=\"vp-portfolio__item-overlay vp-portfolio__item-align-center\">\n\t\t\t<div class=\"vp-portfolio__item-meta\">\n\t\t\t\t\t\t\t<h2 class=\"vp-portfolio__item-meta-title\">\n\t\t\t\t\t\t\t\t\t\t\t<a href=\"https:\/\/www.pictofoundation.fr\/wp-content\/uploads\/2024\/06\/10-copie.jpg\"\n\t\t\t\t\t\t\t\t\t\t\t\t\t>\n\t\t\t\t\t\t\tPrix Picto de la mode 2024. Palais Galliera, Paris.\t\t\t\t\t\t<\/a>\n\t\t\t\t\t\t\t\t\t\t<\/h2>\n\t\t\t\t\t\t<\/div>\n\t<\/div>\t\t\t<\/figure>\n\t\t\t\t\t<\/div>\n\t\t\n<\/div>\n\n<div class=\"vp-portfolio__items-arrow vp-portfolio__items-arrow-prev\" tabindex=\"0\" role=\"button\" aria-label=\"Previous slide\">\n\t\n<i class=\"leedo-left-arrow\"><\/i><\/div>\n\n<div class=\"vp-portfolio__items-arrow vp-portfolio__items-arrow-next\" tabindex=\"0\" role=\"button\" aria-label=\"Next slide\">\n\t\n<i class=\"leedo-right-arrow\"><\/i><\/div>\t\t<\/div>\n\t\t\n<\/div>\n\n<p style=\"text-align: right;\"><em>Click on the images to see the series and the videos.<\/em><\/p>\n\n<div class=\"vp-portfolio vp-uid-bdf3c454 vp-id-11674  \"\n\tdata-vp-layout=\"tiles\" data-vp-content-source=\"post-based\" data-vp-items-style=\"emerge\" data-vp-items-click-action=\"url\" data-vp-items-gap=\"15\" data-vp-items-gap-vertical=\"\" data-vp-pagination=\"load-more\" data-vp-next-page-url=\"\" data-vp-tiles-type=\"4|1,1|\" >\n\t<div class=\"vp-portfolio__preloader-wrap\">\n\t\t<div class=\"vp-portfolio__preloader\">\n\t\t\t<img decoding=\"async\" loading=\"eager\" src=\"https:\/\/www.pictofoundation.fr\/wp-content\/plugins\/visual-portfolio\/assets\/images\/logo-dark.svg\" alt=\"Visual Portfolio, Posts &amp; Image Gallery for WordPress\" width=\"20\" height=\"20\" data-skip-lazy>\n\t\t<\/div>\n\t<\/div>\n\t\t<div class=\"vp-portfolio__items-wrap\">\n\t\t\t\n<div class=\"vp-portfolio__items vp-portfolio__items-style-emerge vp-portfolio__items-show-overlay-hover vp-portfolio__items-show-caption-hover\">\n\n\t\t<article\t\tclass=\"vp-portfolio__item-wrap post-11889 page type-page status-publish has-post-thumbnail hentry vp-portfolio__item-uid-a1e75911\" data-vp-filter=\"\" \t\t>\n\t\t\t\t\t\t\t\t\t<figure class=\"vp-portfolio__item\">\n\t\t\t\t\n<div class=\"vp-portfolio__item-img-wrap\">\n\t<div class=\"vp-portfolio__item-img\">\n\t\t\t<a\n\t\thref=\"https:\/\/www.pictofoundation.fr\/en\/finalistes-prix-picto-de-la-mode-2024-yama-ndiaye\/\"\n\t\t\t>\n\t\n\t\t<noscript><img loading=\"lazy\" decoding=\"async\" width=\"1280\" height=\"1791\" data-skip-lazy src=\"https:\/\/www.pictofoundation.fr\/wp-content\/uploads\/2024\/04\/YAMA_NDIAYE_NATAAL_09_BD-1280x1791.jpg\" class=\"wp-image-11447\" alt=\"\" srcset=\"https:\/\/www.pictofoundation.fr\/wp-content\/uploads\/2024\/04\/YAMA_NDIAYE_NATAAL_09_BD-1280x1791.jpg 1280w, https:\/\/www.pictofoundation.fr\/wp-content\/uploads\/2024\/04\/YAMA_NDIAYE_NATAAL_09_BD-214x300.jpg 214w, https:\/\/www.pictofoundation.fr\/wp-content\/uploads\/2024\/04\/YAMA_NDIAYE_NATAAL_09_BD-732x1024.jpg 732w, https:\/\/www.pictofoundation.fr\/wp-content\/uploads\/2024\/04\/YAMA_NDIAYE_NATAAL_09_BD-768x1075.jpg 768w, https:\/\/www.pictofoundation.fr\/wp-content\/uploads\/2024\/04\/YAMA_NDIAYE_NATAAL_09_BD-1097x1536.jpg 1097w, https:\/\/www.pictofoundation.fr\/wp-content\/uploads\/2024\/04\/YAMA_NDIAYE_NATAAL_09_BD-500x700.jpg 500w, https:\/\/www.pictofoundation.fr\/wp-content\/uploads\/2024\/04\/YAMA_NDIAYE_NATAAL_09_BD-800x1120.jpg 800w, https:\/\/www.pictofoundation.fr\/wp-content\/uploads\/2024\/04\/YAMA_NDIAYE_NATAAL_09_BD.jpg 1429w\" sizes=\"auto, (max-width: 1280px) 100vw, 1280px\" \/><\/noscript><img decoding=\"async\" width=\"1280\" height=\"1791\" src=\"https:\/\/www.pictofoundation.fr\/wp-content\/uploads\/2024\/04\/YAMA_NDIAYE_NATAAL_09_BD-1280x1791.jpg\" class=\"wp-image-11447 vp-lazyload\" alt srcset=\"data:image\/svg+xml;base64,PHN2ZyB3aWR0aD0iMTI4MCIgaGVpZ2h0PSIxNzkxIiB2aWV3Qm94PSIwIDAgMTI4MCAxNzkxIiBmaWxsPSJub25lIiB4bWxucz0iaHR0cDovL3d3dy53My5vcmcvMjAwMC9zdmciPjwvc3ZnPg==\" data-src=\"https:\/\/www.pictofoundation.fr\/wp-content\/uploads\/2024\/04\/YAMA_NDIAYE_NATAAL_09_BD-1280x1791.jpg\" data-srcset=\"https:\/\/www.pictofoundation.fr\/wp-content\/uploads\/2024\/04\/YAMA_NDIAYE_NATAAL_09_BD-1280x1791.jpg 1280w, https:\/\/www.pictofoundation.fr\/wp-content\/uploads\/2024\/04\/YAMA_NDIAYE_NATAAL_09_BD-214x300.jpg 214w, https:\/\/www.pictofoundation.fr\/wp-content\/uploads\/2024\/04\/YAMA_NDIAYE_NATAAL_09_BD-732x1024.jpg 732w, https:\/\/www.pictofoundation.fr\/wp-content\/uploads\/2024\/04\/YAMA_NDIAYE_NATAAL_09_BD-768x1075.jpg 768w, https:\/\/www.pictofoundation.fr\/wp-content\/uploads\/2024\/04\/YAMA_NDIAYE_NATAAL_09_BD-1097x1536.jpg 1097w, https:\/\/www.pictofoundation.fr\/wp-content\/uploads\/2024\/04\/YAMA_NDIAYE_NATAAL_09_BD-500x700.jpg 500w, https:\/\/www.pictofoundation.fr\/wp-content\/uploads\/2024\/04\/YAMA_NDIAYE_NATAAL_09_BD-800x1120.jpg 800w, https:\/\/www.pictofoundation.fr\/wp-content\/uploads\/2024\/04\/YAMA_NDIAYE_NATAAL_09_BD.jpg 1429w\" data-sizes=\"auto\" loading=\"eager\">\n\t\t<div class=\"vp-portfolio__item-overlay\"><\/div>\n\n\t\t<\/a>\t<\/div>\n<\/div>\n\n<figcaption class=\"vp-portfolio__item-overlay vp-portfolio__item-align-center\">\n\t\t\t<div class=\"vp-portfolio__item-meta\">\n\t\t\t\t\t\t\t<h2 class=\"vp-portfolio__item-meta-title\">\n\t\t\t\t\t\t\t\t\t\t\t<a href=\"https:\/\/www.pictofoundation.fr\/en\/finalistes-prix-picto-de-la-mode-2024-yama-ndiaye\/\"\n\t\t\t\t\t\t\t\t\t\t\t\t\t>\n\t\t\t\t\t\t\tGrand Prix Picto de la Mode 2024 : Yama Ndiaye\t\t\t\t\t\t<\/a>\n\t\t\t\t\t\t\t\t\t\t<\/h2>\n\t\t\t\t\t\t<\/div>\n\t<\/figcaption>\t\t\t<\/figure>\n\t\t\t\t\t<\/article>\n\t\t\n\t\t<article\t\tclass=\"vp-portfolio__item-wrap post-11873 page type-page status-publish has-post-thumbnail hentry vp-portfolio__item-uid-c6aaacc0\" data-vp-filter=\"\" \t\t>\n\t\t\t\t\t\t\t\t\t<figure class=\"vp-portfolio__item\">\n\t\t\t\t\n<div class=\"vp-portfolio__item-img-wrap\">\n\t<div class=\"vp-portfolio__item-img\">\n\t\t\t<a\n\t\thref=\"https:\/\/www.pictofoundation.fr\/en\/finalistes-prix-picto-de-la-mode-2024-tamibe-bourdanne\/\"\n\t\t\t>\n\t\n\t\t<noscript><img loading=\"lazy\" decoding=\"async\" width=\"1280\" height=\"1786\" data-skip-lazy src=\"https:\/\/www.pictofoundation.fr\/wp-content\/uploads\/2024\/03\/TamibeBourdanne_Synthetic-Dreams2_LR-1280x1786.jpg\" class=\"wp-image-10766\" alt=\"\" srcset=\"https:\/\/www.pictofoundation.fr\/wp-content\/uploads\/2024\/03\/TamibeBourdanne_Synthetic-Dreams2_LR-1280x1786.jpg 1280w, https:\/\/www.pictofoundation.fr\/wp-content\/uploads\/2024\/03\/TamibeBourdanne_Synthetic-Dreams2_LR-215x300.jpg 215w, https:\/\/www.pictofoundation.fr\/wp-content\/uploads\/2024\/03\/TamibeBourdanne_Synthetic-Dreams2_LR-734x1024.jpg 734w, https:\/\/www.pictofoundation.fr\/wp-content\/uploads\/2024\/03\/TamibeBourdanne_Synthetic-Dreams2_LR-768x1072.jpg 768w, https:\/\/www.pictofoundation.fr\/wp-content\/uploads\/2024\/03\/TamibeBourdanne_Synthetic-Dreams2_LR-1101x1536.jpg 1101w, https:\/\/www.pictofoundation.fr\/wp-content\/uploads\/2024\/03\/TamibeBourdanne_Synthetic-Dreams2_LR-500x698.jpg 500w, https:\/\/www.pictofoundation.fr\/wp-content\/uploads\/2024\/03\/TamibeBourdanne_Synthetic-Dreams2_LR-800x1117.jpg 800w, https:\/\/www.pictofoundation.fr\/wp-content\/uploads\/2024\/03\/TamibeBourdanne_Synthetic-Dreams2_LR.jpg 1433w\" sizes=\"auto, (max-width: 1280px) 100vw, 1280px\" \/><\/noscript><img decoding=\"async\" width=\"1280\" height=\"1786\" src=\"https:\/\/www.pictofoundation.fr\/wp-content\/uploads\/2024\/03\/TamibeBourdanne_Synthetic-Dreams2_LR-1280x1786.jpg\" class=\"wp-image-10766 vp-lazyload\" alt srcset=\"data:image\/svg+xml;base64,PHN2ZyB3aWR0aD0iMTI4MCIgaGVpZ2h0PSIxNzg2IiB2aWV3Qm94PSIwIDAgMTI4MCAxNzg2IiBmaWxsPSJub25lIiB4bWxucz0iaHR0cDovL3d3dy53My5vcmcvMjAwMC9zdmciPjwvc3ZnPg==\" data-src=\"https:\/\/www.pictofoundation.fr\/wp-content\/uploads\/2024\/03\/TamibeBourdanne_Synthetic-Dreams2_LR-1280x1786.jpg\" data-srcset=\"https:\/\/www.pictofoundation.fr\/wp-content\/uploads\/2024\/03\/TamibeBourdanne_Synthetic-Dreams2_LR-1280x1786.jpg 1280w, https:\/\/www.pictofoundation.fr\/wp-content\/uploads\/2024\/03\/TamibeBourdanne_Synthetic-Dreams2_LR-215x300.jpg 215w, https:\/\/www.pictofoundation.fr\/wp-content\/uploads\/2024\/03\/TamibeBourdanne_Synthetic-Dreams2_LR-734x1024.jpg 734w, https:\/\/www.pictofoundation.fr\/wp-content\/uploads\/2024\/03\/TamibeBourdanne_Synthetic-Dreams2_LR-768x1072.jpg 768w, https:\/\/www.pictofoundation.fr\/wp-content\/uploads\/2024\/03\/TamibeBourdanne_Synthetic-Dreams2_LR-1101x1536.jpg 1101w, https:\/\/www.pictofoundation.fr\/wp-content\/uploads\/2024\/03\/TamibeBourdanne_Synthetic-Dreams2_LR-500x698.jpg 500w, https:\/\/www.pictofoundation.fr\/wp-content\/uploads\/2024\/03\/TamibeBourdanne_Synthetic-Dreams2_LR-800x1117.jpg 800w, https:\/\/www.pictofoundation.fr\/wp-content\/uploads\/2024\/03\/TamibeBourdanne_Synthetic-Dreams2_LR.jpg 1433w\" data-sizes=\"auto\" loading=\"eager\">\n\t\t<div class=\"vp-portfolio__item-overlay\"><\/div>\n\n\t\t<\/a>\t<\/div>\n<\/div>\n\n<figcaption class=\"vp-portfolio__item-overlay vp-portfolio__item-align-center\">\n\t\t\t<div class=\"vp-portfolio__item-meta\">\n\t\t\t\t\t\t\t<h2 class=\"vp-portfolio__item-meta-title\">\n\t\t\t\t\t\t\t\t\t\t\t<a href=\"https:\/\/www.pictofoundation.fr\/en\/finalistes-prix-picto-de-la-mode-2024-tamibe-bourdanne\/\"\n\t\t\t\t\t\t\t\t\t\t\t\t\t>\n\t\t\t\t\t\t\tThe le19M de la Photographie des M\u00e9tiers d\u2019Art endowment : Tamib\u00e9 Bourdann\u00e9\t\t\t\t\t\t<\/a>\n\t\t\t\t\t\t\t\t\t\t<\/h2>\n\t\t\t\t\t\t<\/div>\n\t<\/figcaption>\t\t\t<\/figure>\n\t\t\t\t\t<\/article>\n\t\t\n\t\t<article\t\tclass=\"vp-portfolio__item-wrap post-11880 page type-page status-publish has-post-thumbnail hentry vp-portfolio__item-uid-d83be1b5\" data-vp-filter=\"\" \t\t>\n\t\t\t\t\t\t\t\t\t<figure class=\"vp-portfolio__item\">\n\t\t\t\t\n<div class=\"vp-portfolio__item-img-wrap\">\n\t<div class=\"vp-portfolio__item-img\">\n\t\t\t<a\n\t\thref=\"https:\/\/www.pictofoundation.fr\/en\/finalistes-prix-picto-de-la-mode-2024-gabriel-gomez\/\"\n\t\t\t>\n\t\n\t\t<noscript><img loading=\"lazy\" decoding=\"async\" width=\"1280\" height=\"1493\" data-skip-lazy src=\"https:\/\/www.pictofoundation.fr\/wp-content\/uploads\/2024\/03\/Gabriel_Journal-Il-Fallait-venir-hier_15_BD-copie-1280x1493.jpg\" class=\"wp-image-11094\" alt=\"\" srcset=\"https:\/\/www.pictofoundation.fr\/wp-content\/uploads\/2024\/03\/Gabriel_Journal-Il-Fallait-venir-hier_15_BD-copie-1280x1493.jpg 1280w, https:\/\/www.pictofoundation.fr\/wp-content\/uploads\/2024\/03\/Gabriel_Journal-Il-Fallait-venir-hier_15_BD-copie-257x300.jpg 257w, https:\/\/www.pictofoundation.fr\/wp-content\/uploads\/2024\/03\/Gabriel_Journal-Il-Fallait-venir-hier_15_BD-copie-878x1024.jpg 878w, https:\/\/www.pictofoundation.fr\/wp-content\/uploads\/2024\/03\/Gabriel_Journal-Il-Fallait-venir-hier_15_BD-copie-768x896.jpg 768w, https:\/\/www.pictofoundation.fr\/wp-content\/uploads\/2024\/03\/Gabriel_Journal-Il-Fallait-venir-hier_15_BD-copie-1317x1536.jpg 1317w, https:\/\/www.pictofoundation.fr\/wp-content\/uploads\/2024\/03\/Gabriel_Journal-Il-Fallait-venir-hier_15_BD-copie-500x583.jpg 500w, https:\/\/www.pictofoundation.fr\/wp-content\/uploads\/2024\/03\/Gabriel_Journal-Il-Fallait-venir-hier_15_BD-copie-800x933.jpg 800w, https:\/\/www.pictofoundation.fr\/wp-content\/uploads\/2024\/03\/Gabriel_Journal-Il-Fallait-venir-hier_15_BD-copie.jpg 1715w\" sizes=\"auto, (max-width: 1280px) 100vw, 1280px\" \/><\/noscript><img decoding=\"async\" width=\"1280\" height=\"1493\" src=\"https:\/\/www.pictofoundation.fr\/wp-content\/uploads\/2024\/03\/Gabriel_Journal-Il-Fallait-venir-hier_15_BD-copie-1280x1493.jpg\" class=\"wp-image-11094 vp-lazyload\" alt srcset=\"data:image\/svg+xml;base64,PHN2ZyB3aWR0aD0iMTI4MCIgaGVpZ2h0PSIxNDkzIiB2aWV3Qm94PSIwIDAgMTI4MCAxNDkzIiBmaWxsPSJub25lIiB4bWxucz0iaHR0cDovL3d3dy53My5vcmcvMjAwMC9zdmciPjwvc3ZnPg==\" data-src=\"https:\/\/www.pictofoundation.fr\/wp-content\/uploads\/2024\/03\/Gabriel_Journal-Il-Fallait-venir-hier_15_BD-copie-1280x1493.jpg\" data-srcset=\"https:\/\/www.pictofoundation.fr\/wp-content\/uploads\/2024\/03\/Gabriel_Journal-Il-Fallait-venir-hier_15_BD-copie-1280x1493.jpg 1280w, https:\/\/www.pictofoundation.fr\/wp-content\/uploads\/2024\/03\/Gabriel_Journal-Il-Fallait-venir-hier_15_BD-copie-257x300.jpg 257w, https:\/\/www.pictofoundation.fr\/wp-content\/uploads\/2024\/03\/Gabriel_Journal-Il-Fallait-venir-hier_15_BD-copie-878x1024.jpg 878w, https:\/\/www.pictofoundation.fr\/wp-content\/uploads\/2024\/03\/Gabriel_Journal-Il-Fallait-venir-hier_15_BD-copie-768x896.jpg 768w, https:\/\/www.pictofoundation.fr\/wp-content\/uploads\/2024\/03\/Gabriel_Journal-Il-Fallait-venir-hier_15_BD-copie-1317x1536.jpg 1317w, https:\/\/www.pictofoundation.fr\/wp-content\/uploads\/2024\/03\/Gabriel_Journal-Il-Fallait-venir-hier_15_BD-copie-500x583.jpg 500w, https:\/\/www.pictofoundation.fr\/wp-content\/uploads\/2024\/03\/Gabriel_Journal-Il-Fallait-venir-hier_15_BD-copie-800x933.jpg 800w, https:\/\/www.pictofoundation.fr\/wp-content\/uploads\/2024\/03\/Gabriel_Journal-Il-Fallait-venir-hier_15_BD-copie.jpg 1715w\" data-sizes=\"auto\" loading=\"eager\">\n\t\t<div class=\"vp-portfolio__item-overlay\"><\/div>\n\n\t\t<\/a>\t<\/div>\n<\/div>\n\n<figcaption class=\"vp-portfolio__item-overlay vp-portfolio__item-align-center\">\n\t\t\t<div class=\"vp-portfolio__item-meta\">\n\t\t\t\t\t\t\t<h2 class=\"vp-portfolio__item-meta-title\">\n\t\t\t\t\t\t\t\t\t\t\t<a href=\"https:\/\/www.pictofoundation.fr\/en\/finalistes-prix-picto-de-la-mode-2024-gabriel-gomez\/\"\n\t\t\t\t\t\t\t\t\t\t\t\t\t>\n\t\t\t\t\t\t\tThe Filippo Roversi endowment : Gabriel G\u00f3mez\t\t\t\t\t\t<\/a>\n\t\t\t\t\t\t\t\t\t\t<\/h2>\n\t\t\t\t\t\t<\/div>\n\t<\/figcaption>\t\t\t<\/figure>\n\t\t\t\t\t<\/article>\n\t\t\n\t\t<article\t\tclass=\"vp-portfolio__item-wrap post-11893 page type-page status-publish has-post-thumbnail hentry vp-portfolio__item-uid-5829814e\" data-vp-filter=\"\" \t\t>\n\t\t\t\t\t\t\t\t\t<figure class=\"vp-portfolio__item\">\n\t\t\t\t\n<div class=\"vp-portfolio__item-img-wrap\">\n\t<div class=\"vp-portfolio__item-img\">\n\t\t\t<a\n\t\thref=\"https:\/\/www.pictofoundation.fr\/en\/finalistes-prix-picto-de-la-mode-2024-silvana-trevale\/\"\n\t\t\t>\n\t\n\t\t<noscript><img loading=\"lazy\" decoding=\"async\" width=\"1280\" height=\"1543\" data-skip-lazy src=\"https:\/\/www.pictofoundation.fr\/wp-content\/uploads\/2024\/04\/SilvanaTrevale_Eufonia_17_LR-copie-1280x1543.jpg\" class=\"wp-image-11623\" alt=\"\" srcset=\"https:\/\/www.pictofoundation.fr\/wp-content\/uploads\/2024\/04\/SilvanaTrevale_Eufonia_17_LR-copie-1280x1543.jpg 1280w, https:\/\/www.pictofoundation.fr\/wp-content\/uploads\/2024\/04\/SilvanaTrevale_Eufonia_17_LR-copie-249x300.jpg 249w, https:\/\/www.pictofoundation.fr\/wp-content\/uploads\/2024\/04\/SilvanaTrevale_Eufonia_17_LR-copie-849x1024.jpg 849w, https:\/\/www.pictofoundation.fr\/wp-content\/uploads\/2024\/04\/SilvanaTrevale_Eufonia_17_LR-copie-768x926.jpg 768w, https:\/\/www.pictofoundation.fr\/wp-content\/uploads\/2024\/04\/SilvanaTrevale_Eufonia_17_LR-copie-1274x1536.jpg 1274w, https:\/\/www.pictofoundation.fr\/wp-content\/uploads\/2024\/04\/SilvanaTrevale_Eufonia_17_LR-copie-500x603.jpg 500w, https:\/\/www.pictofoundation.fr\/wp-content\/uploads\/2024\/04\/SilvanaTrevale_Eufonia_17_LR-copie-800x965.jpg 800w, https:\/\/www.pictofoundation.fr\/wp-content\/uploads\/2024\/04\/SilvanaTrevale_Eufonia_17_LR-copie.jpg 1493w\" sizes=\"auto, (max-width: 1280px) 100vw, 1280px\" \/><\/noscript><img decoding=\"async\" width=\"1280\" height=\"1543\" src=\"https:\/\/www.pictofoundation.fr\/wp-content\/uploads\/2024\/04\/SilvanaTrevale_Eufonia_17_LR-copie-1280x1543.jpg\" class=\"wp-image-11623 vp-lazyload\" alt srcset=\"data:image\/svg+xml;base64,PHN2ZyB3aWR0aD0iMTI4MCIgaGVpZ2h0PSIxNTQzIiB2aWV3Qm94PSIwIDAgMTI4MCAxNTQzIiBmaWxsPSJub25lIiB4bWxucz0iaHR0cDovL3d3dy53My5vcmcvMjAwMC9zdmciPjwvc3ZnPg==\" data-src=\"https:\/\/www.pictofoundation.fr\/wp-content\/uploads\/2024\/04\/SilvanaTrevale_Eufonia_17_LR-copie-1280x1543.jpg\" data-srcset=\"https:\/\/www.pictofoundation.fr\/wp-content\/uploads\/2024\/04\/SilvanaTrevale_Eufonia_17_LR-copie-1280x1543.jpg 1280w, https:\/\/www.pictofoundation.fr\/wp-content\/uploads\/2024\/04\/SilvanaTrevale_Eufonia_17_LR-copie-249x300.jpg 249w, https:\/\/www.pictofoundation.fr\/wp-content\/uploads\/2024\/04\/SilvanaTrevale_Eufonia_17_LR-copie-849x1024.jpg 849w, https:\/\/www.pictofoundation.fr\/wp-content\/uploads\/2024\/04\/SilvanaTrevale_Eufonia_17_LR-copie-768x926.jpg 768w, https:\/\/www.pictofoundation.fr\/wp-content\/uploads\/2024\/04\/SilvanaTrevale_Eufonia_17_LR-copie-1274x1536.jpg 1274w, https:\/\/www.pictofoundation.fr\/wp-content\/uploads\/2024\/04\/SilvanaTrevale_Eufonia_17_LR-copie-500x603.jpg 500w, https:\/\/www.pictofoundation.fr\/wp-content\/uploads\/2024\/04\/SilvanaTrevale_Eufonia_17_LR-copie-800x965.jpg 800w, https:\/\/www.pictofoundation.fr\/wp-content\/uploads\/2024\/04\/SilvanaTrevale_Eufonia_17_LR-copie.jpg 1493w\" data-sizes=\"auto\" loading=\"eager\">\n\t\t<div class=\"vp-portfolio__item-overlay\"><\/div>\n\n\t\t<\/a>\t<\/div>\n<\/div>\n\n<figcaption class=\"vp-portfolio__item-overlay vp-portfolio__item-align-center\">\n\t\t\t<div class=\"vp-portfolio__item-meta\">\n\t\t\t\t\t\t\t<h2 class=\"vp-portfolio__item-meta-title\">\n\t\t\t\t\t\t\t\t\t\t\t<a href=\"https:\/\/www.pictofoundation.fr\/en\/finalistes-prix-picto-de-la-mode-2024-silvana-trevale\/\"\n\t\t\t\t\t\t\t\t\t\t\t\t\t>\n\t\t\t\t\t\t\tThe LGA Management \/ JANVIER endowment : Silvana Trevale\t\t\t\t\t\t<\/a>\n\t\t\t\t\t\t\t\t\t\t<\/h2>\n\t\t\t\t\t\t<\/div>\n\t<\/figcaption>\t\t\t<\/figure>\n\t\t\t\t\t<\/article>\n\t\t\n\t\t<article\t\tclass=\"vp-portfolio__item-wrap post-11867 page type-page status-publish has-post-thumbnail hentry vp-portfolio__item-uid-d8dc5998\" data-vp-filter=\"\" \t\t>\n\t\t\t\t\t\t\t\t\t<figure class=\"vp-portfolio__item\">\n\t\t\t\t\n<div class=\"vp-portfolio__item-img-wrap\">\n\t<div class=\"vp-portfolio__item-img\">\n\t\t\t<a\n\t\thref=\"https:\/\/www.pictofoundation.fr\/en\/finalistes-prix-picto-de-la-mode-2024-clara-belleville\/\"\n\t\t\t>\n\t\n\t\t<noscript><img loading=\"lazy\" decoding=\"async\" width=\"1280\" height=\"854\" data-skip-lazy src=\"https:\/\/www.pictofoundation.fr\/wp-content\/uploads\/2024\/03\/BELLEVILLE_Contesd_ete_04_BD-1280x854.jpg\" class=\"wp-image-10666\" alt=\"\" srcset=\"https:\/\/www.pictofoundation.fr\/wp-content\/uploads\/2024\/03\/BELLEVILLE_Contesd_ete_04_BD-1280x854.jpg 1280w, https:\/\/www.pictofoundation.fr\/wp-content\/uploads\/2024\/03\/BELLEVILLE_Contesd_ete_04_BD-300x200.jpg 300w, https:\/\/www.pictofoundation.fr\/wp-content\/uploads\/2024\/03\/BELLEVILLE_Contesd_ete_04_BD-1024x684.jpg 1024w, https:\/\/www.pictofoundation.fr\/wp-content\/uploads\/2024\/03\/BELLEVILLE_Contesd_ete_04_BD-768x513.jpg 768w, https:\/\/www.pictofoundation.fr\/wp-content\/uploads\/2024\/03\/BELLEVILLE_Contesd_ete_04_BD-1536x1025.jpg 1536w, https:\/\/www.pictofoundation.fr\/wp-content\/uploads\/2024\/03\/BELLEVILLE_Contesd_ete_04_BD-500x334.jpg 500w, https:\/\/www.pictofoundation.fr\/wp-content\/uploads\/2024\/03\/BELLEVILLE_Contesd_ete_04_BD-800x534.jpg 800w, https:\/\/www.pictofoundation.fr\/wp-content\/uploads\/2024\/03\/BELLEVILLE_Contesd_ete_04_BD-1920x1282.jpg 1920w, https:\/\/www.pictofoundation.fr\/wp-content\/uploads\/2024\/03\/BELLEVILLE_Contesd_ete_04_BD.jpg 2000w\" sizes=\"auto, (max-width: 1280px) 100vw, 1280px\" \/><\/noscript><img decoding=\"async\" width=\"1280\" height=\"854\" src=\"https:\/\/www.pictofoundation.fr\/wp-content\/uploads\/2024\/03\/BELLEVILLE_Contesd_ete_04_BD-1280x854.jpg\" class=\"wp-image-10666 vp-lazyload\" alt srcset=\"data:image\/svg+xml;base64,PHN2ZyB3aWR0aD0iMTI4MCIgaGVpZ2h0PSI4NTQiIHZpZXdCb3g9IjAgMCAxMjgwIDg1NCIgZmlsbD0ibm9uZSIgeG1sbnM9Imh0dHA6Ly93d3cudzMub3JnLzIwMDAvc3ZnIj48L3N2Zz4=\" data-src=\"https:\/\/www.pictofoundation.fr\/wp-content\/uploads\/2024\/03\/BELLEVILLE_Contesd_ete_04_BD-1280x854.jpg\" data-srcset=\"https:\/\/www.pictofoundation.fr\/wp-content\/uploads\/2024\/03\/BELLEVILLE_Contesd_ete_04_BD-1280x854.jpg 1280w, https:\/\/www.pictofoundation.fr\/wp-content\/uploads\/2024\/03\/BELLEVILLE_Contesd_ete_04_BD-300x200.jpg 300w, https:\/\/www.pictofoundation.fr\/wp-content\/uploads\/2024\/03\/BELLEVILLE_Contesd_ete_04_BD-1024x684.jpg 1024w, https:\/\/www.pictofoundation.fr\/wp-content\/uploads\/2024\/03\/BELLEVILLE_Contesd_ete_04_BD-768x513.jpg 768w, https:\/\/www.pictofoundation.fr\/wp-content\/uploads\/2024\/03\/BELLEVILLE_Contesd_ete_04_BD-1536x1025.jpg 1536w, https:\/\/www.pictofoundation.fr\/wp-content\/uploads\/2024\/03\/BELLEVILLE_Contesd_ete_04_BD-500x334.jpg 500w, https:\/\/www.pictofoundation.fr\/wp-content\/uploads\/2024\/03\/BELLEVILLE_Contesd_ete_04_BD-800x534.jpg 800w, https:\/\/www.pictofoundation.fr\/wp-content\/uploads\/2024\/03\/BELLEVILLE_Contesd_ete_04_BD-1920x1282.jpg 1920w, https:\/\/www.pictofoundation.fr\/wp-content\/uploads\/2024\/03\/BELLEVILLE_Contesd_ete_04_BD.jpg 2000w\" data-sizes=\"auto\" loading=\"eager\">\n\t\t<div class=\"vp-portfolio__item-overlay\"><\/div>\n\n\t\t<\/a>\t<\/div>\n<\/div>\n\n<figcaption class=\"vp-portfolio__item-overlay vp-portfolio__item-align-center\">\n\t\t\t<div class=\"vp-portfolio__item-meta\">\n\t\t\t\t\t\t\t<h2 class=\"vp-portfolio__item-meta-title\">\n\t\t\t\t\t\t\t\t\t\t\t<a href=\"https:\/\/www.pictofoundation.fr\/en\/finalistes-prix-picto-de-la-mode-2024-clara-belleville\/\"\n\t\t\t\t\t\t\t\t\t\t\t\t\t>\n\t\t\t\t\t\t\tFinalist &#8211; Prix Picto de la Mode 2024 : Clara Belleville\t\t\t\t\t\t<\/a>\n\t\t\t\t\t\t\t\t\t\t<\/h2>\n\t\t\t\t\t\t<\/div>\n\t<\/figcaption>\t\t\t<\/figure>\n\t\t\t\t\t<\/article>\n\t\t\n\t\t<article\t\tclass=\"vp-portfolio__item-wrap post-11872 page type-page status-publish has-post-thumbnail hentry vp-portfolio__item-uid-b1ad9c56\" data-vp-filter=\"\" \t\t>\n\t\t\t\t\t\t\t\t\t<figure class=\"vp-portfolio__item\">\n\t\t\t\t\n<div class=\"vp-portfolio__item-img-wrap\">\n\t<div class=\"vp-portfolio__item-img\">\n\t\t\t<a\n\t\thref=\"https:\/\/www.pictofoundation.fr\/en\/finalistes-prix-picto-de-la-mode-2024-agathe-boudin\/\"\n\t\t\t>\n\t\n\t\t<noscript><img loading=\"lazy\" decoding=\"async\" width=\"1024\" height=\"1536\" data-skip-lazy src=\"https:\/\/www.pictofoundation.fr\/wp-content\/uploads\/2024\/03\/BOUDIN_AGATHE_LA_SYMPHONIE_DES_CHUTES_N\u00b005_BD-copie.jpg\" class=\"wp-image-10714\" alt=\"\" srcset=\"https:\/\/www.pictofoundation.fr\/wp-content\/uploads\/2024\/03\/BOUDIN_AGATHE_LA_SYMPHONIE_DES_CHUTES_N\u00b005_BD-copie.jpg 1024w, https:\/\/www.pictofoundation.fr\/wp-content\/uploads\/2024\/03\/BOUDIN_AGATHE_LA_SYMPHONIE_DES_CHUTES_N\u00b005_BD-copie-200x300.jpg 200w, https:\/\/www.pictofoundation.fr\/wp-content\/uploads\/2024\/03\/BOUDIN_AGATHE_LA_SYMPHONIE_DES_CHUTES_N\u00b005_BD-copie-683x1024.jpg 683w, https:\/\/www.pictofoundation.fr\/wp-content\/uploads\/2024\/03\/BOUDIN_AGATHE_LA_SYMPHONIE_DES_CHUTES_N\u00b005_BD-copie-768x1152.jpg 768w, https:\/\/www.pictofoundation.fr\/wp-content\/uploads\/2024\/03\/BOUDIN_AGATHE_LA_SYMPHONIE_DES_CHUTES_N\u00b005_BD-copie-500x750.jpg 500w, https:\/\/www.pictofoundation.fr\/wp-content\/uploads\/2024\/03\/BOUDIN_AGATHE_LA_SYMPHONIE_DES_CHUTES_N\u00b005_BD-copie-800x1200.jpg 800w\" sizes=\"auto, (max-width: 1024px) 100vw, 1024px\" \/><\/noscript><img decoding=\"async\" width=\"1024\" height=\"1536\" src=\"https:\/\/www.pictofoundation.fr\/wp-content\/uploads\/2024\/03\/BOUDIN_AGATHE_LA_SYMPHONIE_DES_CHUTES_N\u00b005_BD-copie.jpg\" class=\"wp-image-10714 vp-lazyload\" alt srcset=\"data:image\/svg+xml;base64,PHN2ZyB3aWR0aD0iMTAyNCIgaGVpZ2h0PSIxNTM2IiB2aWV3Qm94PSIwIDAgMTAyNCAxNTM2IiBmaWxsPSJub25lIiB4bWxucz0iaHR0cDovL3d3dy53My5vcmcvMjAwMC9zdmciPjwvc3ZnPg==\" data-src=\"https:\/\/www.pictofoundation.fr\/wp-content\/uploads\/2024\/03\/BOUDIN_AGATHE_LA_SYMPHONIE_DES_CHUTES_N\u00b005_BD-copie.jpg\" data-srcset=\"https:\/\/www.pictofoundation.fr\/wp-content\/uploads\/2024\/03\/BOUDIN_AGATHE_LA_SYMPHONIE_DES_CHUTES_N\u00b005_BD-copie.jpg 1024w, https:\/\/www.pictofoundation.fr\/wp-content\/uploads\/2024\/03\/BOUDIN_AGATHE_LA_SYMPHONIE_DES_CHUTES_N\u00b005_BD-copie-200x300.jpg 200w, https:\/\/www.pictofoundation.fr\/wp-content\/uploads\/2024\/03\/BOUDIN_AGATHE_LA_SYMPHONIE_DES_CHUTES_N\u00b005_BD-copie-683x1024.jpg 683w, https:\/\/www.pictofoundation.fr\/wp-content\/uploads\/2024\/03\/BOUDIN_AGATHE_LA_SYMPHONIE_DES_CHUTES_N\u00b005_BD-copie-768x1152.jpg 768w, https:\/\/www.pictofoundation.fr\/wp-content\/uploads\/2024\/03\/BOUDIN_AGATHE_LA_SYMPHONIE_DES_CHUTES_N\u00b005_BD-copie-500x750.jpg 500w, https:\/\/www.pictofoundation.fr\/wp-content\/uploads\/2024\/03\/BOUDIN_AGATHE_LA_SYMPHONIE_DES_CHUTES_N\u00b005_BD-copie-800x1200.jpg 800w\" data-sizes=\"auto\" loading=\"eager\">\n\t\t<div class=\"vp-portfolio__item-overlay\"><\/div>\n\n\t\t<\/a>\t<\/div>\n<\/div>\n\n<figcaption class=\"vp-portfolio__item-overlay vp-portfolio__item-align-center\">\n\t\t\t<div class=\"vp-portfolio__item-meta\">\n\t\t\t\t\t\t\t<h2 class=\"vp-portfolio__item-meta-title\">\n\t\t\t\t\t\t\t\t\t\t\t<a href=\"https:\/\/www.pictofoundation.fr\/en\/finalistes-prix-picto-de-la-mode-2024-agathe-boudin\/\"\n\t\t\t\t\t\t\t\t\t\t\t\t\t>\n\t\t\t\t\t\t\tFinalist &#8211; Prix Picto de la Mode 2024 : Agathe Boudin\t\t\t\t\t\t<\/a>\n\t\t\t\t\t\t\t\t\t\t<\/h2>\n\t\t\t\t\t\t<\/div>\n\t<\/figcaption>\t\t\t<\/figure>\n\t\t\t\t\t<\/article>\n\t\t\n\t\t<article\t\tclass=\"vp-portfolio__item-wrap post-11875 page type-page status-publish has-post-thumbnail hentry vp-portfolio__item-uid-2fc909f5\" data-vp-filter=\"\" \t\t>\n\t\t\t\t\t\t\t\t\t<figure class=\"vp-portfolio__item\">\n\t\t\t\t\n<div class=\"vp-portfolio__item-img-wrap\">\n\t<div class=\"vp-portfolio__item-img\">\n\t\t\t<a\n\t\thref=\"https:\/\/www.pictofoundation.fr\/en\/finalistes-prix-picto-de-la-mode-2024-emmanuelle-corre\/\"\n\t\t\t>\n\t\n\t\t<noscript><img loading=\"lazy\" decoding=\"async\" width=\"1280\" height=\"1793\" data-skip-lazy src=\"https:\/\/www.pictofoundation.fr\/wp-content\/uploads\/2024\/03\/EMMANUELLECORRE_THEDRIFTER_2086_BD-copie-1280x1793.jpg\" class=\"wp-image-10821\" alt=\"\" srcset=\"https:\/\/www.pictofoundation.fr\/wp-content\/uploads\/2024\/03\/EMMANUELLECORRE_THEDRIFTER_2086_BD-copie-1280x1793.jpg 1280w, https:\/\/www.pictofoundation.fr\/wp-content\/uploads\/2024\/03\/EMMANUELLECORRE_THEDRIFTER_2086_BD-copie-214x300.jpg 214w, https:\/\/www.pictofoundation.fr\/wp-content\/uploads\/2024\/03\/EMMANUELLECORRE_THEDRIFTER_2086_BD-copie-731x1024.jpg 731w, https:\/\/www.pictofoundation.fr\/wp-content\/uploads\/2024\/03\/EMMANUELLECORRE_THEDRIFTER_2086_BD-copie-768x1076.jpg 768w, https:\/\/www.pictofoundation.fr\/wp-content\/uploads\/2024\/03\/EMMANUELLECORRE_THEDRIFTER_2086_BD-copie-1097x1536.jpg 1097w, https:\/\/www.pictofoundation.fr\/wp-content\/uploads\/2024\/03\/EMMANUELLECORRE_THEDRIFTER_2086_BD-copie-500x700.jpg 500w, https:\/\/www.pictofoundation.fr\/wp-content\/uploads\/2024\/03\/EMMANUELLECORRE_THEDRIFTER_2086_BD-copie-800x1120.jpg 800w, https:\/\/www.pictofoundation.fr\/wp-content\/uploads\/2024\/03\/EMMANUELLECORRE_THEDRIFTER_2086_BD-copie.jpg 1371w\" sizes=\"auto, (max-width: 1280px) 100vw, 1280px\" \/><\/noscript><img decoding=\"async\" width=\"1280\" height=\"1793\" src=\"https:\/\/www.pictofoundation.fr\/wp-content\/uploads\/2024\/03\/EMMANUELLECORRE_THEDRIFTER_2086_BD-copie-1280x1793.jpg\" class=\"wp-image-10821 vp-lazyload\" alt srcset=\"data:image\/svg+xml;base64,PHN2ZyB3aWR0aD0iMTI4MCIgaGVpZ2h0PSIxNzkzIiB2aWV3Qm94PSIwIDAgMTI4MCAxNzkzIiBmaWxsPSJub25lIiB4bWxucz0iaHR0cDovL3d3dy53My5vcmcvMjAwMC9zdmciPjwvc3ZnPg==\" data-src=\"https:\/\/www.pictofoundation.fr\/wp-content\/uploads\/2024\/03\/EMMANUELLECORRE_THEDRIFTER_2086_BD-copie-1280x1793.jpg\" data-srcset=\"https:\/\/www.pictofoundation.fr\/wp-content\/uploads\/2024\/03\/EMMANUELLECORRE_THEDRIFTER_2086_BD-copie-1280x1793.jpg 1280w, https:\/\/www.pictofoundation.fr\/wp-content\/uploads\/2024\/03\/EMMANUELLECORRE_THEDRIFTER_2086_BD-copie-214x300.jpg 214w, https:\/\/www.pictofoundation.fr\/wp-content\/uploads\/2024\/03\/EMMANUELLECORRE_THEDRIFTER_2086_BD-copie-731x1024.jpg 731w, https:\/\/www.pictofoundation.fr\/wp-content\/uploads\/2024\/03\/EMMANUELLECORRE_THEDRIFTER_2086_BD-copie-768x1076.jpg 768w, https:\/\/www.pictofoundation.fr\/wp-content\/uploads\/2024\/03\/EMMANUELLECORRE_THEDRIFTER_2086_BD-copie-1097x1536.jpg 1097w, https:\/\/www.pictofoundation.fr\/wp-content\/uploads\/2024\/03\/EMMANUELLECORRE_THEDRIFTER_2086_BD-copie-500x700.jpg 500w, https:\/\/www.pictofoundation.fr\/wp-content\/uploads\/2024\/03\/EMMANUELLECORRE_THEDRIFTER_2086_BD-copie-800x1120.jpg 800w, https:\/\/www.pictofoundation.fr\/wp-content\/uploads\/2024\/03\/EMMANUELLECORRE_THEDRIFTER_2086_BD-copie.jpg 1371w\" data-sizes=\"auto\" loading=\"eager\">\n\t\t<div class=\"vp-portfolio__item-overlay\"><\/div>\n\n\t\t<\/a>\t<\/div>\n<\/div>\n\n<figcaption class=\"vp-portfolio__item-overlay vp-portfolio__item-align-center\">\n\t\t\t<div class=\"vp-portfolio__item-meta\">\n\t\t\t\t\t\t\t<h2 class=\"vp-portfolio__item-meta-title\">\n\t\t\t\t\t\t\t\t\t\t\t<a href=\"https:\/\/www.pictofoundation.fr\/en\/finalistes-prix-picto-de-la-mode-2024-emmanuelle-corre\/\"\n\t\t\t\t\t\t\t\t\t\t\t\t\t>\n\t\t\t\t\t\t\tFinalist &#8211; Prix Picto de la Mode 2024 : Emmanuelle Corre\t\t\t\t\t\t<\/a>\n\t\t\t\t\t\t\t\t\t\t<\/h2>\n\t\t\t\t\t\t<\/div>\n\t<\/figcaption>\t\t\t<\/figure>\n\t\t\t\t\t<\/article>\n\t\t\n\t\t<article\t\tclass=\"vp-portfolio__item-wrap post-11876 page type-page status-publish has-post-thumbnail hentry vp-portfolio__item-uid-b6c0584f\" data-vp-filter=\"\" \t\t>\n\t\t\t\t\t\t\t\t\t<figure class=\"vp-portfolio__item\">\n\t\t\t\t\n<div class=\"vp-portfolio__item-img-wrap\">\n\t<div class=\"vp-portfolio__item-img\">\n\t\t\t<a\n\t\thref=\"https:\/\/www.pictofoundation.fr\/en\/finalistes-prix-picto-de-la-mode-2024-douce-divry\/\"\n\t\t\t>\n\t\n\t\t<noscript><img loading=\"lazy\" decoding=\"async\" width=\"1080\" height=\"1507\" data-skip-lazy src=\"https:\/\/www.pictofoundation.fr\/wp-content\/uploads\/2024\/03\/DOUCEDIVRY-SLOWLIFE-20-BD-copie.jpg\" class=\"wp-image-10895\" alt=\"\" srcset=\"https:\/\/www.pictofoundation.fr\/wp-content\/uploads\/2024\/03\/DOUCEDIVRY-SLOWLIFE-20-BD-copie.jpg 1080w, https:\/\/www.pictofoundation.fr\/wp-content\/uploads\/2024\/03\/DOUCEDIVRY-SLOWLIFE-20-BD-copie-215x300.jpg 215w, https:\/\/www.pictofoundation.fr\/wp-content\/uploads\/2024\/03\/DOUCEDIVRY-SLOWLIFE-20-BD-copie-734x1024.jpg 734w, https:\/\/www.pictofoundation.fr\/wp-content\/uploads\/2024\/03\/DOUCEDIVRY-SLOWLIFE-20-BD-copie-768x1072.jpg 768w, https:\/\/www.pictofoundation.fr\/wp-content\/uploads\/2024\/03\/DOUCEDIVRY-SLOWLIFE-20-BD-copie-500x698.jpg 500w, https:\/\/www.pictofoundation.fr\/wp-content\/uploads\/2024\/03\/DOUCEDIVRY-SLOWLIFE-20-BD-copie-800x1116.jpg 800w\" sizes=\"auto, (max-width: 1080px) 100vw, 1080px\" \/><\/noscript><img decoding=\"async\" width=\"1080\" height=\"1507\" src=\"https:\/\/www.pictofoundation.fr\/wp-content\/uploads\/2024\/03\/DOUCEDIVRY-SLOWLIFE-20-BD-copie.jpg\" class=\"wp-image-10895 vp-lazyload\" alt srcset=\"data:image\/svg+xml;base64,PHN2ZyB3aWR0aD0iMTA4MCIgaGVpZ2h0PSIxNTA3IiB2aWV3Qm94PSIwIDAgMTA4MCAxNTA3IiBmaWxsPSJub25lIiB4bWxucz0iaHR0cDovL3d3dy53My5vcmcvMjAwMC9zdmciPjwvc3ZnPg==\" data-src=\"https:\/\/www.pictofoundation.fr\/wp-content\/uploads\/2024\/03\/DOUCEDIVRY-SLOWLIFE-20-BD-copie.jpg\" data-srcset=\"https:\/\/www.pictofoundation.fr\/wp-content\/uploads\/2024\/03\/DOUCEDIVRY-SLOWLIFE-20-BD-copie.jpg 1080w, https:\/\/www.pictofoundation.fr\/wp-content\/uploads\/2024\/03\/DOUCEDIVRY-SLOWLIFE-20-BD-copie-215x300.jpg 215w, https:\/\/www.pictofoundation.fr\/wp-content\/uploads\/2024\/03\/DOUCEDIVRY-SLOWLIFE-20-BD-copie-734x1024.jpg 734w, https:\/\/www.pictofoundation.fr\/wp-content\/uploads\/2024\/03\/DOUCEDIVRY-SLOWLIFE-20-BD-copie-768x1072.jpg 768w, https:\/\/www.pictofoundation.fr\/wp-content\/uploads\/2024\/03\/DOUCEDIVRY-SLOWLIFE-20-BD-copie-500x698.jpg 500w, https:\/\/www.pictofoundation.fr\/wp-content\/uploads\/2024\/03\/DOUCEDIVRY-SLOWLIFE-20-BD-copie-800x1116.jpg 800w\" data-sizes=\"auto\" loading=\"eager\">\n\t\t<div class=\"vp-portfolio__item-overlay\"><\/div>\n\n\t\t<\/a>\t<\/div>\n<\/div>\n\n<figcaption class=\"vp-portfolio__item-overlay vp-portfolio__item-align-center\">\n\t\t\t<div class=\"vp-portfolio__item-meta\">\n\t\t\t\t\t\t\t<h2 class=\"vp-portfolio__item-meta-title\">\n\t\t\t\t\t\t\t\t\t\t\t<a href=\"https:\/\/www.pictofoundation.fr\/en\/finalistes-prix-picto-de-la-mode-2024-douce-divry\/\"\n\t\t\t\t\t\t\t\t\t\t\t\t\t>\n\t\t\t\t\t\t\tFinalist &#8211; Prix Picto de la Mode 2024 : Douce d&#8217;Ivry\t\t\t\t\t\t<\/a>\n\t\t\t\t\t\t\t\t\t\t<\/h2>\n\t\t\t\t\t\t<\/div>\n\t<\/figcaption>\t\t\t<\/figure>\n\t\t\t\t\t<\/article>\n\t\t\n\t\t<article\t\tclass=\"vp-portfolio__item-wrap post-11877 page type-page status-publish has-post-thumbnail hentry vp-portfolio__item-uid-c1c768d9\" data-vp-filter=\"\" \t\t>\n\t\t\t\t\t\t\t\t\t<figure class=\"vp-portfolio__item\">\n\t\t\t\t\n<div class=\"vp-portfolio__item-img-wrap\">\n\t<div class=\"vp-portfolio__item-img\">\n\t\t\t<a\n\t\thref=\"https:\/\/www.pictofoundation.fr\/en\/finalistes-prix-picto-de-la-mode-2024-jeanne-dubourg\/\"\n\t\t\t>\n\t\n\t\t<noscript><img loading=\"lazy\" decoding=\"async\" width=\"1280\" height=\"1918\" data-skip-lazy src=\"https:\/\/www.pictofoundation.fr\/wp-content\/uploads\/2024\/03\/DUBOURG_L_ENVOL_13_BD-1280x1918.jpg\" class=\"wp-image-10925\" alt=\"\" srcset=\"https:\/\/www.pictofoundation.fr\/wp-content\/uploads\/2024\/03\/DUBOURG_L_ENVOL_13_BD-1280x1918.jpg 1280w, https:\/\/www.pictofoundation.fr\/wp-content\/uploads\/2024\/03\/DUBOURG_L_ENVOL_13_BD-200x300.jpg 200w, https:\/\/www.pictofoundation.fr\/wp-content\/uploads\/2024\/03\/DUBOURG_L_ENVOL_13_BD-684x1024.jpg 684w, https:\/\/www.pictofoundation.fr\/wp-content\/uploads\/2024\/03\/DUBOURG_L_ENVOL_13_BD-768x1151.jpg 768w, https:\/\/www.pictofoundation.fr\/wp-content\/uploads\/2024\/03\/DUBOURG_L_ENVOL_13_BD-1025x1536.jpg 1025w, https:\/\/www.pictofoundation.fr\/wp-content\/uploads\/2024\/03\/DUBOURG_L_ENVOL_13_BD-500x749.jpg 500w, https:\/\/www.pictofoundation.fr\/wp-content\/uploads\/2024\/03\/DUBOURG_L_ENVOL_13_BD-800x1199.jpg 800w, https:\/\/www.pictofoundation.fr\/wp-content\/uploads\/2024\/03\/DUBOURG_L_ENVOL_13_BD.jpg 1335w\" sizes=\"auto, (max-width: 1280px) 100vw, 1280px\" \/><\/noscript><img decoding=\"async\" width=\"1280\" height=\"1918\" src=\"https:\/\/www.pictofoundation.fr\/wp-content\/uploads\/2024\/03\/DUBOURG_L_ENVOL_13_BD-1280x1918.jpg\" class=\"wp-image-10925 vp-lazyload\" alt srcset=\"data:image\/svg+xml;base64,PHN2ZyB3aWR0aD0iMTI4MCIgaGVpZ2h0PSIxOTE4IiB2aWV3Qm94PSIwIDAgMTI4MCAxOTE4IiBmaWxsPSJub25lIiB4bWxucz0iaHR0cDovL3d3dy53My5vcmcvMjAwMC9zdmciPjwvc3ZnPg==\" data-src=\"https:\/\/www.pictofoundation.fr\/wp-content\/uploads\/2024\/03\/DUBOURG_L_ENVOL_13_BD-1280x1918.jpg\" data-srcset=\"https:\/\/www.pictofoundation.fr\/wp-content\/uploads\/2024\/03\/DUBOURG_L_ENVOL_13_BD-1280x1918.jpg 1280w, https:\/\/www.pictofoundation.fr\/wp-content\/uploads\/2024\/03\/DUBOURG_L_ENVOL_13_BD-200x300.jpg 200w, https:\/\/www.pictofoundation.fr\/wp-content\/uploads\/2024\/03\/DUBOURG_L_ENVOL_13_BD-684x1024.jpg 684w, https:\/\/www.pictofoundation.fr\/wp-content\/uploads\/2024\/03\/DUBOURG_L_ENVOL_13_BD-768x1151.jpg 768w, https:\/\/www.pictofoundation.fr\/wp-content\/uploads\/2024\/03\/DUBOURG_L_ENVOL_13_BD-1025x1536.jpg 1025w, https:\/\/www.pictofoundation.fr\/wp-content\/uploads\/2024\/03\/DUBOURG_L_ENVOL_13_BD-500x749.jpg 500w, https:\/\/www.pictofoundation.fr\/wp-content\/uploads\/2024\/03\/DUBOURG_L_ENVOL_13_BD-800x1199.jpg 800w, https:\/\/www.pictofoundation.fr\/wp-content\/uploads\/2024\/03\/DUBOURG_L_ENVOL_13_BD.jpg 1335w\" data-sizes=\"auto\" loading=\"eager\">\n\t\t<div class=\"vp-portfolio__item-overlay\"><\/div>\n\n\t\t<\/a>\t<\/div>\n<\/div>\n\n<figcaption class=\"vp-portfolio__item-overlay vp-portfolio__item-align-center\">\n\t\t\t<div class=\"vp-portfolio__item-meta\">\n\t\t\t\t\t\t\t<h2 class=\"vp-portfolio__item-meta-title\">\n\t\t\t\t\t\t\t\t\t\t\t<a href=\"https:\/\/www.pictofoundation.fr\/en\/finalistes-prix-picto-de-la-mode-2024-jeanne-dubourg\/\"\n\t\t\t\t\t\t\t\t\t\t\t\t\t>\n\t\t\t\t\t\t\tFinalist &#8211; Prix Picto de la Mode 2024 : Jeanne Dubourg\t\t\t\t\t\t<\/a>\n\t\t\t\t\t\t\t\t\t\t<\/h2>\n\t\t\t\t\t\t<\/div>\n\t<\/figcaption>\t\t\t<\/figure>\n\t\t\t\t\t<\/article>\n\t\t\n\t\t<article\t\tclass=\"vp-portfolio__item-wrap post-11878 page type-page status-publish has-post-thumbnail hentry vp-portfolio__item-uid-51787548\" data-vp-filter=\"\" \t\t>\n\t\t\t\t\t\t\t\t\t<figure class=\"vp-portfolio__item\">\n\t\t\t\t\n<div class=\"vp-portfolio__item-img-wrap\">\n\t<div class=\"vp-portfolio__item-img\">\n\t\t\t<a\n\t\thref=\"https:\/\/www.pictofoundation.fr\/en\/finalistes-prix-picto-de-la-mode-2024-vanina-esdras\/\"\n\t\t\t>\n\t\n\t\t<noscript><img loading=\"lazy\" decoding=\"async\" width=\"1280\" height=\"1792\" data-skip-lazy src=\"https:\/\/www.pictofoundation.fr\/wp-content\/uploads\/2024\/03\/ESDRAS_RESIDUUM_01_BD-copie-1280x1792.jpg\" class=\"wp-image-10940\" alt=\"\" srcset=\"https:\/\/www.pictofoundation.fr\/wp-content\/uploads\/2024\/03\/ESDRAS_RESIDUUM_01_BD-copie-1280x1792.jpg 1280w, https:\/\/www.pictofoundation.fr\/wp-content\/uploads\/2024\/03\/ESDRAS_RESIDUUM_01_BD-copie-214x300.jpg 214w, https:\/\/www.pictofoundation.fr\/wp-content\/uploads\/2024\/03\/ESDRAS_RESIDUUM_01_BD-copie-731x1024.jpg 731w, https:\/\/www.pictofoundation.fr\/wp-content\/uploads\/2024\/03\/ESDRAS_RESIDUUM_01_BD-copie-768x1075.jpg 768w, https:\/\/www.pictofoundation.fr\/wp-content\/uploads\/2024\/03\/ESDRAS_RESIDUUM_01_BD-copie-1097x1536.jpg 1097w, https:\/\/www.pictofoundation.fr\/wp-content\/uploads\/2024\/03\/ESDRAS_RESIDUUM_01_BD-copie-500x700.jpg 500w, https:\/\/www.pictofoundation.fr\/wp-content\/uploads\/2024\/03\/ESDRAS_RESIDUUM_01_BD-copie-800x1120.jpg 800w, https:\/\/www.pictofoundation.fr\/wp-content\/uploads\/2024\/03\/ESDRAS_RESIDUUM_01_BD-copie.jpg 1357w\" sizes=\"auto, (max-width: 1280px) 100vw, 1280px\" \/><\/noscript><img decoding=\"async\" width=\"1280\" height=\"1792\" src=\"https:\/\/www.pictofoundation.fr\/wp-content\/uploads\/2024\/03\/ESDRAS_RESIDUUM_01_BD-copie-1280x1792.jpg\" class=\"wp-image-10940 vp-lazyload\" alt srcset=\"data:image\/svg+xml;base64,PHN2ZyB3aWR0aD0iMTI4MCIgaGVpZ2h0PSIxNzkyIiB2aWV3Qm94PSIwIDAgMTI4MCAxNzkyIiBmaWxsPSJub25lIiB4bWxucz0iaHR0cDovL3d3dy53My5vcmcvMjAwMC9zdmciPjwvc3ZnPg==\" data-src=\"https:\/\/www.pictofoundation.fr\/wp-content\/uploads\/2024\/03\/ESDRAS_RESIDUUM_01_BD-copie-1280x1792.jpg\" data-srcset=\"https:\/\/www.pictofoundation.fr\/wp-content\/uploads\/2024\/03\/ESDRAS_RESIDUUM_01_BD-copie-1280x1792.jpg 1280w, https:\/\/www.pictofoundation.fr\/wp-content\/uploads\/2024\/03\/ESDRAS_RESIDUUM_01_BD-copie-214x300.jpg 214w, https:\/\/www.pictofoundation.fr\/wp-content\/uploads\/2024\/03\/ESDRAS_RESIDUUM_01_BD-copie-731x1024.jpg 731w, https:\/\/www.pictofoundation.fr\/wp-content\/uploads\/2024\/03\/ESDRAS_RESIDUUM_01_BD-copie-768x1075.jpg 768w, https:\/\/www.pictofoundation.fr\/wp-content\/uploads\/2024\/03\/ESDRAS_RESIDUUM_01_BD-copie-1097x1536.jpg 1097w, https:\/\/www.pictofoundation.fr\/wp-content\/uploads\/2024\/03\/ESDRAS_RESIDUUM_01_BD-copie-500x700.jpg 500w, https:\/\/www.pictofoundation.fr\/wp-content\/uploads\/2024\/03\/ESDRAS_RESIDUUM_01_BD-copie-800x1120.jpg 800w, https:\/\/www.pictofoundation.fr\/wp-content\/uploads\/2024\/03\/ESDRAS_RESIDUUM_01_BD-copie.jpg 1357w\" data-sizes=\"auto\" loading=\"eager\">\n\t\t<div class=\"vp-portfolio__item-overlay\"><\/div>\n\n\t\t<\/a>\t<\/div>\n<\/div>\n\n<figcaption class=\"vp-portfolio__item-overlay vp-portfolio__item-align-center\">\n\t\t\t<div class=\"vp-portfolio__item-meta\">\n\t\t\t\t\t\t\t<h2 class=\"vp-portfolio__item-meta-title\">\n\t\t\t\t\t\t\t\t\t\t\t<a href=\"https:\/\/www.pictofoundation.fr\/en\/finalistes-prix-picto-de-la-mode-2024-vanina-esdras\/\"\n\t\t\t\t\t\t\t\t\t\t\t\t\t>\n\t\t\t\t\t\t\tFinalist &#8211; Prix Picto de la Mode 2024 : Vanina Esdras\t\t\t\t\t\t<\/a>\n\t\t\t\t\t\t\t\t\t\t<\/h2>\n\t\t\t\t\t\t<\/div>\n\t<\/figcaption>\t\t\t<\/figure>\n\t\t\t\t\t<\/article>\n\t\t\n\t\t<article\t\tclass=\"vp-portfolio__item-wrap post-11879 page type-page status-publish has-post-thumbnail hentry vp-portfolio__item-uid-267f45de\" data-vp-filter=\"\" \t\t>\n\t\t\t\t\t\t\t\t\t<figure class=\"vp-portfolio__item\">\n\t\t\t\t\n<div class=\"vp-portfolio__item-img-wrap\">\n\t<div class=\"vp-portfolio__item-img\">\n\t\t\t<a\n\t\thref=\"https:\/\/www.pictofoundation.fr\/en\/finalistes-prix-picto-de-la-mode-2024-khaled-fhemy-mamah\/\"\n\t\t\t>\n\t\n\t\t<noscript><img loading=\"lazy\" decoding=\"async\" width=\"1280\" height=\"1822\" data-skip-lazy src=\"https:\/\/www.pictofoundation.fr\/wp-content\/uploads\/2024\/03\/KHALED-FHEMY-MAMAH_2-FAST-__20_LR-1280x1822.jpg\" class=\"wp-image-11021\" alt=\"\" srcset=\"https:\/\/www.pictofoundation.fr\/wp-content\/uploads\/2024\/03\/KHALED-FHEMY-MAMAH_2-FAST-__20_LR-1280x1822.jpg 1280w, https:\/\/www.pictofoundation.fr\/wp-content\/uploads\/2024\/03\/KHALED-FHEMY-MAMAH_2-FAST-__20_LR-211x300.jpg 211w, https:\/\/www.pictofoundation.fr\/wp-content\/uploads\/2024\/03\/KHALED-FHEMY-MAMAH_2-FAST-__20_LR-719x1024.jpg 719w, https:\/\/www.pictofoundation.fr\/wp-content\/uploads\/2024\/03\/KHALED-FHEMY-MAMAH_2-FAST-__20_LR-768x1093.jpg 768w, https:\/\/www.pictofoundation.fr\/wp-content\/uploads\/2024\/03\/KHALED-FHEMY-MAMAH_2-FAST-__20_LR-1079x1536.jpg 1079w, https:\/\/www.pictofoundation.fr\/wp-content\/uploads\/2024\/03\/KHALED-FHEMY-MAMAH_2-FAST-__20_LR-500x712.jpg 500w, https:\/\/www.pictofoundation.fr\/wp-content\/uploads\/2024\/03\/KHALED-FHEMY-MAMAH_2-FAST-__20_LR-800x1139.jpg 800w, https:\/\/www.pictofoundation.fr\/wp-content\/uploads\/2024\/03\/KHALED-FHEMY-MAMAH_2-FAST-__20_LR.jpg 1405w\" sizes=\"auto, (max-width: 1280px) 100vw, 1280px\" \/><\/noscript><img decoding=\"async\" width=\"1280\" height=\"1822\" src=\"https:\/\/www.pictofoundation.fr\/wp-content\/uploads\/2024\/03\/KHALED-FHEMY-MAMAH_2-FAST-__20_LR-1280x1822.jpg\" class=\"wp-image-11021 vp-lazyload\" alt srcset=\"data:image\/svg+xml;base64,PHN2ZyB3aWR0aD0iMTI4MCIgaGVpZ2h0PSIxODIyIiB2aWV3Qm94PSIwIDAgMTI4MCAxODIyIiBmaWxsPSJub25lIiB4bWxucz0iaHR0cDovL3d3dy53My5vcmcvMjAwMC9zdmciPjwvc3ZnPg==\" data-src=\"https:\/\/www.pictofoundation.fr\/wp-content\/uploads\/2024\/03\/KHALED-FHEMY-MAMAH_2-FAST-__20_LR-1280x1822.jpg\" data-srcset=\"https:\/\/www.pictofoundation.fr\/wp-content\/uploads\/2024\/03\/KHALED-FHEMY-MAMAH_2-FAST-__20_LR-1280x1822.jpg 1280w, https:\/\/www.pictofoundation.fr\/wp-content\/uploads\/2024\/03\/KHALED-FHEMY-MAMAH_2-FAST-__20_LR-211x300.jpg 211w, https:\/\/www.pictofoundation.fr\/wp-content\/uploads\/2024\/03\/KHALED-FHEMY-MAMAH_2-FAST-__20_LR-719x1024.jpg 719w, https:\/\/www.pictofoundation.fr\/wp-content\/uploads\/2024\/03\/KHALED-FHEMY-MAMAH_2-FAST-__20_LR-768x1093.jpg 768w, https:\/\/www.pictofoundation.fr\/wp-content\/uploads\/2024\/03\/KHALED-FHEMY-MAMAH_2-FAST-__20_LR-1079x1536.jpg 1079w, https:\/\/www.pictofoundation.fr\/wp-content\/uploads\/2024\/03\/KHALED-FHEMY-MAMAH_2-FAST-__20_LR-500x712.jpg 500w, https:\/\/www.pictofoundation.fr\/wp-content\/uploads\/2024\/03\/KHALED-FHEMY-MAMAH_2-FAST-__20_LR-800x1139.jpg 800w, https:\/\/www.pictofoundation.fr\/wp-content\/uploads\/2024\/03\/KHALED-FHEMY-MAMAH_2-FAST-__20_LR.jpg 1405w\" data-sizes=\"auto\" loading=\"eager\">\n\t\t<div class=\"vp-portfolio__item-overlay\"><\/div>\n\n\t\t<\/a>\t<\/div>\n<\/div>\n\n<figcaption class=\"vp-portfolio__item-overlay vp-portfolio__item-align-center\">\n\t\t\t<div class=\"vp-portfolio__item-meta\">\n\t\t\t\t\t\t\t<h2 class=\"vp-portfolio__item-meta-title\">\n\t\t\t\t\t\t\t\t\t\t\t<a href=\"https:\/\/www.pictofoundation.fr\/en\/finalistes-prix-picto-de-la-mode-2024-khaled-fhemy-mamah\/\"\n\t\t\t\t\t\t\t\t\t\t\t\t\t>\n\t\t\t\t\t\t\tFinalist &#8211; Prix Picto de la Mode 2024 : Khaled &#8216;Fhemy&#8217; Mamah\t\t\t\t\t\t<\/a>\n\t\t\t\t\t\t\t\t\t\t<\/h2>\n\t\t\t\t\t\t<\/div>\n\t<\/figcaption>\t\t\t<\/figure>\n\t\t\t\t\t<\/article>\n\t\t\n\t\t<article\t\tclass=\"vp-portfolio__item-wrap post-11881 page type-page status-publish has-post-thumbnail hentry vp-portfolio__item-uid-af3cd123\" data-vp-filter=\"\" \t\t>\n\t\t\t\t\t\t\t\t\t<figure class=\"vp-portfolio__item\">\n\t\t\t\t\n<div class=\"vp-portfolio__item-img-wrap\">\n\t<div class=\"vp-portfolio__item-img\">\n\t\t\t<a\n\t\thref=\"https:\/\/www.pictofoundation.fr\/en\/finalistes-prix-picto-de-la-mode-2024-florent-le-roux\/\"\n\t\t\t>\n\t\n\t\t<noscript><img loading=\"lazy\" decoding=\"async\" width=\"1280\" height=\"1757\" data-skip-lazy src=\"https:\/\/www.pictofoundation.fr\/wp-content\/uploads\/2024\/03\/LE-ROUX_SOMETHING-ABOUT-US_N\u00b07_BD-1280x1757.jpg\" class=\"wp-image-11122\" alt=\"\" srcset=\"https:\/\/www.pictofoundation.fr\/wp-content\/uploads\/2024\/03\/LE-ROUX_SOMETHING-ABOUT-US_N\u00b07_BD-1280x1757.jpg 1280w, https:\/\/www.pictofoundation.fr\/wp-content\/uploads\/2024\/03\/LE-ROUX_SOMETHING-ABOUT-US_N\u00b07_BD-219x300.jpg 219w, https:\/\/www.pictofoundation.fr\/wp-content\/uploads\/2024\/03\/LE-ROUX_SOMETHING-ABOUT-US_N\u00b07_BD-746x1024.jpg 746w, https:\/\/www.pictofoundation.fr\/wp-content\/uploads\/2024\/03\/LE-ROUX_SOMETHING-ABOUT-US_N\u00b07_BD-768x1054.jpg 768w, https:\/\/www.pictofoundation.fr\/wp-content\/uploads\/2024\/03\/LE-ROUX_SOMETHING-ABOUT-US_N\u00b07_BD-1119x1536.jpg 1119w, https:\/\/www.pictofoundation.fr\/wp-content\/uploads\/2024\/03\/LE-ROUX_SOMETHING-ABOUT-US_N\u00b07_BD-500x686.jpg 500w, https:\/\/www.pictofoundation.fr\/wp-content\/uploads\/2024\/03\/LE-ROUX_SOMETHING-ABOUT-US_N\u00b07_BD-800x1098.jpg 800w, https:\/\/www.pictofoundation.fr\/wp-content\/uploads\/2024\/03\/LE-ROUX_SOMETHING-ABOUT-US_N\u00b07_BD.jpg 1457w\" sizes=\"auto, (max-width: 1280px) 100vw, 1280px\" \/><\/noscript><img decoding=\"async\" width=\"1280\" height=\"1757\" src=\"https:\/\/www.pictofoundation.fr\/wp-content\/uploads\/2024\/03\/LE-ROUX_SOMETHING-ABOUT-US_N\u00b07_BD-1280x1757.jpg\" class=\"wp-image-11122 vp-lazyload\" alt srcset=\"data:image\/svg+xml;base64,PHN2ZyB3aWR0aD0iMTI4MCIgaGVpZ2h0PSIxNzU3IiB2aWV3Qm94PSIwIDAgMTI4MCAxNzU3IiBmaWxsPSJub25lIiB4bWxucz0iaHR0cDovL3d3dy53My5vcmcvMjAwMC9zdmciPjwvc3ZnPg==\" data-src=\"https:\/\/www.pictofoundation.fr\/wp-content\/uploads\/2024\/03\/LE-ROUX_SOMETHING-ABOUT-US_N\u00b07_BD-1280x1757.jpg\" data-srcset=\"https:\/\/www.pictofoundation.fr\/wp-content\/uploads\/2024\/03\/LE-ROUX_SOMETHING-ABOUT-US_N\u00b07_BD-1280x1757.jpg 1280w, https:\/\/www.pictofoundation.fr\/wp-content\/uploads\/2024\/03\/LE-ROUX_SOMETHING-ABOUT-US_N\u00b07_BD-219x300.jpg 219w, https:\/\/www.pictofoundation.fr\/wp-content\/uploads\/2024\/03\/LE-ROUX_SOMETHING-ABOUT-US_N\u00b07_BD-746x1024.jpg 746w, https:\/\/www.pictofoundation.fr\/wp-content\/uploads\/2024\/03\/LE-ROUX_SOMETHING-ABOUT-US_N\u00b07_BD-768x1054.jpg 768w, https:\/\/www.pictofoundation.fr\/wp-content\/uploads\/2024\/03\/LE-ROUX_SOMETHING-ABOUT-US_N\u00b07_BD-1119x1536.jpg 1119w, https:\/\/www.pictofoundation.fr\/wp-content\/uploads\/2024\/03\/LE-ROUX_SOMETHING-ABOUT-US_N\u00b07_BD-500x686.jpg 500w, https:\/\/www.pictofoundation.fr\/wp-content\/uploads\/2024\/03\/LE-ROUX_SOMETHING-ABOUT-US_N\u00b07_BD-800x1098.jpg 800w, https:\/\/www.pictofoundation.fr\/wp-content\/uploads\/2024\/03\/LE-ROUX_SOMETHING-ABOUT-US_N\u00b07_BD.jpg 1457w\" data-sizes=\"auto\" loading=\"eager\">\n\t\t<div class=\"vp-portfolio__item-overlay\"><\/div>\n\n\t\t<\/a>\t<\/div>\n<\/div>\n\n<figcaption class=\"vp-portfolio__item-overlay vp-portfolio__item-align-center\">\n\t\t\t<div class=\"vp-portfolio__item-meta\">\n\t\t\t\t\t\t\t<h2 class=\"vp-portfolio__item-meta-title\">\n\t\t\t\t\t\t\t\t\t\t\t<a href=\"https:\/\/www.pictofoundation.fr\/en\/finalistes-prix-picto-de-la-mode-2024-florent-le-roux\/\"\n\t\t\t\t\t\t\t\t\t\t\t\t\t>\n\t\t\t\t\t\t\tFinalist &#8211; Prix Picto de la Mode 2024 : Florent Le Roux\t\t\t\t\t\t<\/a>\n\t\t\t\t\t\t\t\t\t\t<\/h2>\n\t\t\t\t\t\t<\/div>\n\t<\/figcaption>\t\t\t<\/figure>\n\t\t\t\t\t<\/article>\n\t\t\n\t\t<article\t\tclass=\"vp-portfolio__item-wrap post-11882 page type-page status-publish has-post-thumbnail hentry vp-portfolio__item-uid-36358099\" data-vp-filter=\"\" \t\t>\n\t\t\t\t\t\t\t\t\t<figure class=\"vp-portfolio__item\">\n\t\t\t\t\n<div class=\"vp-portfolio__item-img-wrap\">\n\t<div class=\"vp-portfolio__item-img\">\n\t\t\t<a\n\t\thref=\"https:\/\/www.pictofoundation.fr\/en\/finalistes-prix-picto-de-la-mode-2024-anna-leonte-loron\/\"\n\t\t\t>\n\t\n\t\t<noscript><img loading=\"lazy\" decoding=\"async\" width=\"1280\" height=\"1931\" data-skip-lazy src=\"https:\/\/www.pictofoundation.fr\/wp-content\/uploads\/2024\/04\/ANNA-LEONTE-LORON_HERITAGE_01_BD-1280x1931.jpg\" class=\"wp-image-11150\" alt=\"\" srcset=\"https:\/\/www.pictofoundation.fr\/wp-content\/uploads\/2024\/04\/ANNA-LEONTE-LORON_HERITAGE_01_BD-1280x1931.jpg 1280w, https:\/\/www.pictofoundation.fr\/wp-content\/uploads\/2024\/04\/ANNA-LEONTE-LORON_HERITAGE_01_BD-199x300.jpg 199w, https:\/\/www.pictofoundation.fr\/wp-content\/uploads\/2024\/04\/ANNA-LEONTE-LORON_HERITAGE_01_BD-679x1024.jpg 679w, https:\/\/www.pictofoundation.fr\/wp-content\/uploads\/2024\/04\/ANNA-LEONTE-LORON_HERITAGE_01_BD-768x1158.jpg 768w, https:\/\/www.pictofoundation.fr\/wp-content\/uploads\/2024\/04\/ANNA-LEONTE-LORON_HERITAGE_01_BD-1018x1536.jpg 1018w, https:\/\/www.pictofoundation.fr\/wp-content\/uploads\/2024\/04\/ANNA-LEONTE-LORON_HERITAGE_01_BD-500x754.jpg 500w, https:\/\/www.pictofoundation.fr\/wp-content\/uploads\/2024\/04\/ANNA-LEONTE-LORON_HERITAGE_01_BD-800x1207.jpg 800w, https:\/\/www.pictofoundation.fr\/wp-content\/uploads\/2024\/04\/ANNA-LEONTE-LORON_HERITAGE_01_BD.jpg 1326w\" sizes=\"auto, (max-width: 1280px) 100vw, 1280px\" \/><\/noscript><img decoding=\"async\" width=\"1280\" height=\"1931\" src=\"https:\/\/www.pictofoundation.fr\/wp-content\/uploads\/2024\/04\/ANNA-LEONTE-LORON_HERITAGE_01_BD-1280x1931.jpg\" class=\"wp-image-11150 vp-lazyload\" alt srcset=\"data:image\/svg+xml;base64,PHN2ZyB3aWR0aD0iMTI4MCIgaGVpZ2h0PSIxOTMxIiB2aWV3Qm94PSIwIDAgMTI4MCAxOTMxIiBmaWxsPSJub25lIiB4bWxucz0iaHR0cDovL3d3dy53My5vcmcvMjAwMC9zdmciPjwvc3ZnPg==\" data-src=\"https:\/\/www.pictofoundation.fr\/wp-content\/uploads\/2024\/04\/ANNA-LEONTE-LORON_HERITAGE_01_BD-1280x1931.jpg\" data-srcset=\"https:\/\/www.pictofoundation.fr\/wp-content\/uploads\/2024\/04\/ANNA-LEONTE-LORON_HERITAGE_01_BD-1280x1931.jpg 1280w, https:\/\/www.pictofoundation.fr\/wp-content\/uploads\/2024\/04\/ANNA-LEONTE-LORON_HERITAGE_01_BD-199x300.jpg 199w, https:\/\/www.pictofoundation.fr\/wp-content\/uploads\/2024\/04\/ANNA-LEONTE-LORON_HERITAGE_01_BD-679x1024.jpg 679w, https:\/\/www.pictofoundation.fr\/wp-content\/uploads\/2024\/04\/ANNA-LEONTE-LORON_HERITAGE_01_BD-768x1158.jpg 768w, https:\/\/www.pictofoundation.fr\/wp-content\/uploads\/2024\/04\/ANNA-LEONTE-LORON_HERITAGE_01_BD-1018x1536.jpg 1018w, https:\/\/www.pictofoundation.fr\/wp-content\/uploads\/2024\/04\/ANNA-LEONTE-LORON_HERITAGE_01_BD-500x754.jpg 500w, https:\/\/www.pictofoundation.fr\/wp-content\/uploads\/2024\/04\/ANNA-LEONTE-LORON_HERITAGE_01_BD-800x1207.jpg 800w, https:\/\/www.pictofoundation.fr\/wp-content\/uploads\/2024\/04\/ANNA-LEONTE-LORON_HERITAGE_01_BD.jpg 1326w\" data-sizes=\"auto\" loading=\"eager\">\n\t\t<div class=\"vp-portfolio__item-overlay\"><\/div>\n\n\t\t<\/a>\t<\/div>\n<\/div>\n\n<figcaption class=\"vp-portfolio__item-overlay vp-portfolio__item-align-center\">\n\t\t\t<div class=\"vp-portfolio__item-meta\">\n\t\t\t\t\t\t\t<h2 class=\"vp-portfolio__item-meta-title\">\n\t\t\t\t\t\t\t\t\t\t\t<a href=\"https:\/\/www.pictofoundation.fr\/en\/finalistes-prix-picto-de-la-mode-2024-anna-leonte-loron\/\"\n\t\t\t\t\t\t\t\t\t\t\t\t\t>\n\t\t\t\t\t\t\tFinalist &#8211; Prix Picto de la Mode 2024 : Anna Leonte Loron\t\t\t\t\t\t<\/a>\n\t\t\t\t\t\t\t\t\t\t<\/h2>\n\t\t\t\t\t\t<\/div>\n\t<\/figcaption>\t\t\t<\/figure>\n\t\t\t\t\t<\/article>\n\t\t\n\t\t<article\t\tclass=\"vp-portfolio__item-wrap post-11883 page type-page status-publish has-post-thumbnail hentry vp-portfolio__item-uid-4132b00f\" data-vp-filter=\"\" \t\t>\n\t\t\t\t\t\t\t\t\t<figure class=\"vp-portfolio__item\">\n\t\t\t\t\n<div class=\"vp-portfolio__item-img-wrap\">\n\t<div class=\"vp-portfolio__item-img\">\n\t\t\t<a\n\t\thref=\"https:\/\/www.pictofoundation.fr\/en\/finalistes-prix-picto-de-la-mode-2024-marine-leroy\/\"\n\t\t\t>\n\t\n\t\t<noscript><img loading=\"lazy\" decoding=\"async\" width=\"1280\" height=\"1791\" data-skip-lazy src=\"https:\/\/www.pictofoundation.fr\/wp-content\/uploads\/2024\/04\/LEROY_ON-THE-EDGE_N\u00b04_BD-1280x1791.jpg\" class=\"wp-image-11198\" alt=\"\" srcset=\"https:\/\/www.pictofoundation.fr\/wp-content\/uploads\/2024\/04\/LEROY_ON-THE-EDGE_N\u00b04_BD-1280x1791.jpg 1280w, https:\/\/www.pictofoundation.fr\/wp-content\/uploads\/2024\/04\/LEROY_ON-THE-EDGE_N\u00b04_BD-214x300.jpg 214w, https:\/\/www.pictofoundation.fr\/wp-content\/uploads\/2024\/04\/LEROY_ON-THE-EDGE_N\u00b04_BD-732x1024.jpg 732w, https:\/\/www.pictofoundation.fr\/wp-content\/uploads\/2024\/04\/LEROY_ON-THE-EDGE_N\u00b04_BD-768x1075.jpg 768w, https:\/\/www.pictofoundation.fr\/wp-content\/uploads\/2024\/04\/LEROY_ON-THE-EDGE_N\u00b04_BD-1097x1536.jpg 1097w, https:\/\/www.pictofoundation.fr\/wp-content\/uploads\/2024\/04\/LEROY_ON-THE-EDGE_N\u00b04_BD-500x700.jpg 500w, https:\/\/www.pictofoundation.fr\/wp-content\/uploads\/2024\/04\/LEROY_ON-THE-EDGE_N\u00b04_BD-800x1120.jpg 800w, https:\/\/www.pictofoundation.fr\/wp-content\/uploads\/2024\/04\/LEROY_ON-THE-EDGE_N\u00b04_BD.jpg 1429w\" sizes=\"auto, (max-width: 1280px) 100vw, 1280px\" \/><\/noscript><img decoding=\"async\" width=\"1280\" height=\"1791\" src=\"https:\/\/www.pictofoundation.fr\/wp-content\/uploads\/2024\/04\/LEROY_ON-THE-EDGE_N\u00b04_BD-1280x1791.jpg\" class=\"wp-image-11198 vp-lazyload\" alt srcset=\"data:image\/svg+xml;base64,PHN2ZyB3aWR0aD0iMTI4MCIgaGVpZ2h0PSIxNzkxIiB2aWV3Qm94PSIwIDAgMTI4MCAxNzkxIiBmaWxsPSJub25lIiB4bWxucz0iaHR0cDovL3d3dy53My5vcmcvMjAwMC9zdmciPjwvc3ZnPg==\" data-src=\"https:\/\/www.pictofoundation.fr\/wp-content\/uploads\/2024\/04\/LEROY_ON-THE-EDGE_N\u00b04_BD-1280x1791.jpg\" data-srcset=\"https:\/\/www.pictofoundation.fr\/wp-content\/uploads\/2024\/04\/LEROY_ON-THE-EDGE_N\u00b04_BD-1280x1791.jpg 1280w, https:\/\/www.pictofoundation.fr\/wp-content\/uploads\/2024\/04\/LEROY_ON-THE-EDGE_N\u00b04_BD-214x300.jpg 214w, https:\/\/www.pictofoundation.fr\/wp-content\/uploads\/2024\/04\/LEROY_ON-THE-EDGE_N\u00b04_BD-732x1024.jpg 732w, https:\/\/www.pictofoundation.fr\/wp-content\/uploads\/2024\/04\/LEROY_ON-THE-EDGE_N\u00b04_BD-768x1075.jpg 768w, https:\/\/www.pictofoundation.fr\/wp-content\/uploads\/2024\/04\/LEROY_ON-THE-EDGE_N\u00b04_BD-1097x1536.jpg 1097w, https:\/\/www.pictofoundation.fr\/wp-content\/uploads\/2024\/04\/LEROY_ON-THE-EDGE_N\u00b04_BD-500x700.jpg 500w, https:\/\/www.pictofoundation.fr\/wp-content\/uploads\/2024\/04\/LEROY_ON-THE-EDGE_N\u00b04_BD-800x1120.jpg 800w, https:\/\/www.pictofoundation.fr\/wp-content\/uploads\/2024\/04\/LEROY_ON-THE-EDGE_N\u00b04_BD.jpg 1429w\" data-sizes=\"auto\" loading=\"eager\">\n\t\t<div class=\"vp-portfolio__item-overlay\"><\/div>\n\n\t\t<\/a>\t<\/div>\n<\/div>\n\n<figcaption class=\"vp-portfolio__item-overlay vp-portfolio__item-align-center\">\n\t\t\t<div class=\"vp-portfolio__item-meta\">\n\t\t\t\t\t\t\t<h2 class=\"vp-portfolio__item-meta-title\">\n\t\t\t\t\t\t\t\t\t\t\t<a href=\"https:\/\/www.pictofoundation.fr\/en\/finalistes-prix-picto-de-la-mode-2024-marine-leroy\/\"\n\t\t\t\t\t\t\t\t\t\t\t\t\t>\n\t\t\t\t\t\t\tFinalist &#8211; Prix Picto de la Mode 2024 : Marine Leroy\t\t\t\t\t\t<\/a>\n\t\t\t\t\t\t\t\t\t\t<\/h2>\n\t\t\t\t\t\t<\/div>\n\t<\/figcaption>\t\t\t<\/figure>\n\t\t\t\t\t<\/article>\n\t\t\n\t\t<article\t\tclass=\"vp-portfolio__item-wrap post-11884 page type-page status-publish has-post-thumbnail hentry vp-portfolio__item-uid-df5625ac\" data-vp-filter=\"\" \t\t>\n\t\t\t\t\t\t\t\t\t<figure class=\"vp-portfolio__item\">\n\t\t\t\t\n<div class=\"vp-portfolio__item-img-wrap\">\n\t<div class=\"vp-portfolio__item-img\">\n\t\t\t<a\n\t\thref=\"https:\/\/www.pictofoundation.fr\/en\/finalistes-prix-picto-de-la-mode-2024-shubham-lodha\/\"\n\t\t\t>\n\t\n\t\t<noscript><img loading=\"lazy\" decoding=\"async\" width=\"1000\" height=\"1250\" data-skip-lazy src=\"https:\/\/www.pictofoundation.fr\/wp-content\/uploads\/2024\/04\/SHUBHAM-LODHA_GOA-YOUTH_04_LR-copie.jpg\" class=\"wp-image-11245\" alt=\"\" srcset=\"https:\/\/www.pictofoundation.fr\/wp-content\/uploads\/2024\/04\/SHUBHAM-LODHA_GOA-YOUTH_04_LR-copie.jpg 1000w, https:\/\/www.pictofoundation.fr\/wp-content\/uploads\/2024\/04\/SHUBHAM-LODHA_GOA-YOUTH_04_LR-copie-240x300.jpg 240w, https:\/\/www.pictofoundation.fr\/wp-content\/uploads\/2024\/04\/SHUBHAM-LODHA_GOA-YOUTH_04_LR-copie-819x1024.jpg 819w, https:\/\/www.pictofoundation.fr\/wp-content\/uploads\/2024\/04\/SHUBHAM-LODHA_GOA-YOUTH_04_LR-copie-768x960.jpg 768w, https:\/\/www.pictofoundation.fr\/wp-content\/uploads\/2024\/04\/SHUBHAM-LODHA_GOA-YOUTH_04_LR-copie-500x625.jpg 500w, https:\/\/www.pictofoundation.fr\/wp-content\/uploads\/2024\/04\/SHUBHAM-LODHA_GOA-YOUTH_04_LR-copie-800x1000.jpg 800w\" sizes=\"auto, (max-width: 1000px) 100vw, 1000px\" \/><\/noscript><img decoding=\"async\" width=\"1000\" height=\"1250\" src=\"https:\/\/www.pictofoundation.fr\/wp-content\/uploads\/2024\/04\/SHUBHAM-LODHA_GOA-YOUTH_04_LR-copie.jpg\" class=\"wp-image-11245 vp-lazyload\" alt srcset=\"data:image\/svg+xml;base64,PHN2ZyB3aWR0aD0iMTAwMCIgaGVpZ2h0PSIxMjUwIiB2aWV3Qm94PSIwIDAgMTAwMCAxMjUwIiBmaWxsPSJub25lIiB4bWxucz0iaHR0cDovL3d3dy53My5vcmcvMjAwMC9zdmciPjwvc3ZnPg==\" data-src=\"https:\/\/www.pictofoundation.fr\/wp-content\/uploads\/2024\/04\/SHUBHAM-LODHA_GOA-YOUTH_04_LR-copie.jpg\" data-srcset=\"https:\/\/www.pictofoundation.fr\/wp-content\/uploads\/2024\/04\/SHUBHAM-LODHA_GOA-YOUTH_04_LR-copie.jpg 1000w, https:\/\/www.pictofoundation.fr\/wp-content\/uploads\/2024\/04\/SHUBHAM-LODHA_GOA-YOUTH_04_LR-copie-240x300.jpg 240w, https:\/\/www.pictofoundation.fr\/wp-content\/uploads\/2024\/04\/SHUBHAM-LODHA_GOA-YOUTH_04_LR-copie-819x1024.jpg 819w, https:\/\/www.pictofoundation.fr\/wp-content\/uploads\/2024\/04\/SHUBHAM-LODHA_GOA-YOUTH_04_LR-copie-768x960.jpg 768w, https:\/\/www.pictofoundation.fr\/wp-content\/uploads\/2024\/04\/SHUBHAM-LODHA_GOA-YOUTH_04_LR-copie-500x625.jpg 500w, https:\/\/www.pictofoundation.fr\/wp-content\/uploads\/2024\/04\/SHUBHAM-LODHA_GOA-YOUTH_04_LR-copie-800x1000.jpg 800w\" data-sizes=\"auto\" loading=\"eager\">\n\t\t<div class=\"vp-portfolio__item-overlay\"><\/div>\n\n\t\t<\/a>\t<\/div>\n<\/div>\n\n<figcaption class=\"vp-portfolio__item-overlay vp-portfolio__item-align-center\">\n\t\t\t<div class=\"vp-portfolio__item-meta\">\n\t\t\t\t\t\t\t<h2 class=\"vp-portfolio__item-meta-title\">\n\t\t\t\t\t\t\t\t\t\t\t<a href=\"https:\/\/www.pictofoundation.fr\/en\/finalistes-prix-picto-de-la-mode-2024-shubham-lodha\/\"\n\t\t\t\t\t\t\t\t\t\t\t\t\t>\n\t\t\t\t\t\t\tFinalist &#8211; Prix Picto de la Mode 2024 : Shubham Lodha\t\t\t\t\t\t<\/a>\n\t\t\t\t\t\t\t\t\t\t<\/h2>\n\t\t\t\t\t\t<\/div>\n\t<\/figcaption>\t\t\t<\/figure>\n\t\t\t\t\t<\/article>\n\t\t\n\t\t<article\t\tclass=\"vp-portfolio__item-wrap post-11885 page type-page status-publish has-post-thumbnail hentry vp-portfolio__item-uid-a851153a\" data-vp-filter=\"\" \t\t>\n\t\t\t\t\t\t\t\t\t<figure class=\"vp-portfolio__item\">\n\t\t\t\t\n<div class=\"vp-portfolio__item-img-wrap\">\n\t<div class=\"vp-portfolio__item-img\">\n\t\t\t<a\n\t\thref=\"https:\/\/www.pictofoundation.fr\/en\/finalistes-prix-picto-de-la-mode-2024-flore-lorente\/\"\n\t\t\t>\n\t\n\t\t<noscript><img loading=\"lazy\" decoding=\"async\" width=\"751\" height=\"960\" data-skip-lazy src=\"https:\/\/www.pictofoundation.fr\/wp-content\/uploads\/2024\/04\/Lorente_A-balade-into-bodies-prints_15_BD-copie.jpg\" class=\"wp-image-11301\" alt=\"\" srcset=\"https:\/\/www.pictofoundation.fr\/wp-content\/uploads\/2024\/04\/Lorente_A-balade-into-bodies-prints_15_BD-copie.jpg 751w, https:\/\/www.pictofoundation.fr\/wp-content\/uploads\/2024\/04\/Lorente_A-balade-into-bodies-prints_15_BD-copie-235x300.jpg 235w, https:\/\/www.pictofoundation.fr\/wp-content\/uploads\/2024\/04\/Lorente_A-balade-into-bodies-prints_15_BD-copie-500x639.jpg 500w\" sizes=\"auto, (max-width: 751px) 100vw, 751px\" \/><\/noscript><img decoding=\"async\" width=\"751\" height=\"960\" src=\"https:\/\/www.pictofoundation.fr\/wp-content\/uploads\/2024\/04\/Lorente_A-balade-into-bodies-prints_15_BD-copie.jpg\" class=\"wp-image-11301 vp-lazyload\" alt srcset=\"data:image\/svg+xml;base64,PHN2ZyB3aWR0aD0iNzUxIiBoZWlnaHQ9Ijk2MCIgdmlld0JveD0iMCAwIDc1MSA5NjAiIGZpbGw9Im5vbmUiIHhtbG5zPSJodHRwOi8vd3d3LnczLm9yZy8yMDAwL3N2ZyI+PC9zdmc+\" data-src=\"https:\/\/www.pictofoundation.fr\/wp-content\/uploads\/2024\/04\/Lorente_A-balade-into-bodies-prints_15_BD-copie.jpg\" data-srcset=\"https:\/\/www.pictofoundation.fr\/wp-content\/uploads\/2024\/04\/Lorente_A-balade-into-bodies-prints_15_BD-copie.jpg 751w, https:\/\/www.pictofoundation.fr\/wp-content\/uploads\/2024\/04\/Lorente_A-balade-into-bodies-prints_15_BD-copie-235x300.jpg 235w, https:\/\/www.pictofoundation.fr\/wp-content\/uploads\/2024\/04\/Lorente_A-balade-into-bodies-prints_15_BD-copie-500x639.jpg 500w\" data-sizes=\"auto\" loading=\"eager\">\n\t\t<div class=\"vp-portfolio__item-overlay\"><\/div>\n\n\t\t<\/a>\t<\/div>\n<\/div>\n\n<figcaption class=\"vp-portfolio__item-overlay vp-portfolio__item-align-center\">\n\t\t\t<div class=\"vp-portfolio__item-meta\">\n\t\t\t\t\t\t\t<h2 class=\"vp-portfolio__item-meta-title\">\n\t\t\t\t\t\t\t\t\t\t\t<a href=\"https:\/\/www.pictofoundation.fr\/en\/finalistes-prix-picto-de-la-mode-2024-flore-lorente\/\"\n\t\t\t\t\t\t\t\t\t\t\t\t\t>\n\t\t\t\t\t\t\tFinalist &#8211; Prix Picto de la Mode 2024 : Flore Lorent\u00e9\t\t\t\t\t\t<\/a>\n\t\t\t\t\t\t\t\t\t\t<\/h2>\n\t\t\t\t\t\t<\/div>\n\t<\/figcaption>\t\t\t<\/figure>\n\t\t\t\t\t<\/article>\n\t\t\n\t\t<article\t\tclass=\"vp-portfolio__item-wrap post-11886 page type-page status-publish has-post-thumbnail hentry vp-portfolio__item-uid-31584480\" data-vp-filter=\"\" \t\t>\n\t\t\t\t\t\t\t\t\t<figure class=\"vp-portfolio__item\">\n\t\t\t\t\n<div class=\"vp-portfolio__item-img-wrap\">\n\t<div class=\"vp-portfolio__item-img\">\n\t\t\t<a\n\t\thref=\"https:\/\/www.pictofoundation.fr\/en\/finalistes-prix-picto-de-la-mode-2024-luca-meneghel\/\"\n\t\t\t>\n\t\n\t\t<noscript><img loading=\"lazy\" decoding=\"async\" width=\"1280\" height=\"1648\" data-skip-lazy src=\"https:\/\/www.pictofoundation.fr\/wp-content\/uploads\/2024\/04\/luca-meneghel_there-is-no-planet-B_3_LR-copie-1280x1648.jpg\" class=\"wp-image-11354\" alt=\"\" srcset=\"https:\/\/www.pictofoundation.fr\/wp-content\/uploads\/2024\/04\/luca-meneghel_there-is-no-planet-B_3_LR-copie-1280x1648.jpg 1280w, https:\/\/www.pictofoundation.fr\/wp-content\/uploads\/2024\/04\/luca-meneghel_there-is-no-planet-B_3_LR-copie-233x300.jpg 233w, https:\/\/www.pictofoundation.fr\/wp-content\/uploads\/2024\/04\/luca-meneghel_there-is-no-planet-B_3_LR-copie-795x1024.jpg 795w, https:\/\/www.pictofoundation.fr\/wp-content\/uploads\/2024\/04\/luca-meneghel_there-is-no-planet-B_3_LR-copie-768x989.jpg 768w, https:\/\/www.pictofoundation.fr\/wp-content\/uploads\/2024\/04\/luca-meneghel_there-is-no-planet-B_3_LR-copie-1193x1536.jpg 1193w, https:\/\/www.pictofoundation.fr\/wp-content\/uploads\/2024\/04\/luca-meneghel_there-is-no-planet-B_3_LR-copie-500x644.jpg 500w, https:\/\/www.pictofoundation.fr\/wp-content\/uploads\/2024\/04\/luca-meneghel_there-is-no-planet-B_3_LR-copie-800x1030.jpg 800w, https:\/\/www.pictofoundation.fr\/wp-content\/uploads\/2024\/04\/luca-meneghel_there-is-no-planet-B_3_LR-copie.jpg 1398w\" sizes=\"auto, (max-width: 1280px) 100vw, 1280px\" \/><\/noscript><img decoding=\"async\" width=\"1280\" height=\"1648\" src=\"https:\/\/www.pictofoundation.fr\/wp-content\/uploads\/2024\/04\/luca-meneghel_there-is-no-planet-B_3_LR-copie-1280x1648.jpg\" class=\"wp-image-11354 vp-lazyload\" alt srcset=\"data:image\/svg+xml;base64,PHN2ZyB3aWR0aD0iMTI4MCIgaGVpZ2h0PSIxNjQ4IiB2aWV3Qm94PSIwIDAgMTI4MCAxNjQ4IiBmaWxsPSJub25lIiB4bWxucz0iaHR0cDovL3d3dy53My5vcmcvMjAwMC9zdmciPjwvc3ZnPg==\" data-src=\"https:\/\/www.pictofoundation.fr\/wp-content\/uploads\/2024\/04\/luca-meneghel_there-is-no-planet-B_3_LR-copie-1280x1648.jpg\" data-srcset=\"https:\/\/www.pictofoundation.fr\/wp-content\/uploads\/2024\/04\/luca-meneghel_there-is-no-planet-B_3_LR-copie-1280x1648.jpg 1280w, https:\/\/www.pictofoundation.fr\/wp-content\/uploads\/2024\/04\/luca-meneghel_there-is-no-planet-B_3_LR-copie-233x300.jpg 233w, https:\/\/www.pictofoundation.fr\/wp-content\/uploads\/2024\/04\/luca-meneghel_there-is-no-planet-B_3_LR-copie-795x1024.jpg 795w, https:\/\/www.pictofoundation.fr\/wp-content\/uploads\/2024\/04\/luca-meneghel_there-is-no-planet-B_3_LR-copie-768x989.jpg 768w, https:\/\/www.pictofoundation.fr\/wp-content\/uploads\/2024\/04\/luca-meneghel_there-is-no-planet-B_3_LR-copie-1193x1536.jpg 1193w, https:\/\/www.pictofoundation.fr\/wp-content\/uploads\/2024\/04\/luca-meneghel_there-is-no-planet-B_3_LR-copie-500x644.jpg 500w, https:\/\/www.pictofoundation.fr\/wp-content\/uploads\/2024\/04\/luca-meneghel_there-is-no-planet-B_3_LR-copie-800x1030.jpg 800w, https:\/\/www.pictofoundation.fr\/wp-content\/uploads\/2024\/04\/luca-meneghel_there-is-no-planet-B_3_LR-copie.jpg 1398w\" data-sizes=\"auto\" loading=\"eager\">\n\t\t<div class=\"vp-portfolio__item-overlay\"><\/div>\n\n\t\t<\/a>\t<\/div>\n<\/div>\n\n<figcaption class=\"vp-portfolio__item-overlay vp-portfolio__item-align-center\">\n\t\t\t<div class=\"vp-portfolio__item-meta\">\n\t\t\t\t\t\t\t<h2 class=\"vp-portfolio__item-meta-title\">\n\t\t\t\t\t\t\t\t\t\t\t<a href=\"https:\/\/www.pictofoundation.fr\/en\/finalistes-prix-picto-de-la-mode-2024-luca-meneghel\/\"\n\t\t\t\t\t\t\t\t\t\t\t\t\t>\n\t\t\t\t\t\t\tFinalist &#8211; Prix Picto de la Mode 2024 : Luca Meneghel\t\t\t\t\t\t<\/a>\n\t\t\t\t\t\t\t\t\t\t<\/h2>\n\t\t\t\t\t\t<\/div>\n\t<\/figcaption>\t\t\t<\/figure>\n\t\t\t\t\t<\/article>\n\t\t\n\t\t<article\t\tclass=\"vp-portfolio__item-wrap post-11887 page type-page status-publish has-post-thumbnail hentry vp-portfolio__item-uid-465f7416\" data-vp-filter=\"\" \t\t>\n\t\t\t\t\t\t\t\t\t<figure class=\"vp-portfolio__item\">\n\t\t\t\t\n<div class=\"vp-portfolio__item-img-wrap\">\n\t<div class=\"vp-portfolio__item-img\">\n\t\t\t<a\n\t\thref=\"https:\/\/www.pictofoundation.fr\/en\/finalistes-prix-picto-de-la-mode-2024-alan-marty\/\"\n\t\t\t>\n\t\n\t\t<noscript><img loading=\"lazy\" decoding=\"async\" width=\"1200\" height=\"1800\" data-skip-lazy src=\"https:\/\/www.pictofoundation.fr\/wp-content\/uploads\/2024\/04\/MARTY_LES_GRANDES_VACANCES_009_SD-copie.jpg\" class=\"wp-image-11329\" alt=\"\" srcset=\"https:\/\/www.pictofoundation.fr\/wp-content\/uploads\/2024\/04\/MARTY_LES_GRANDES_VACANCES_009_SD-copie.jpg 1200w, https:\/\/www.pictofoundation.fr\/wp-content\/uploads\/2024\/04\/MARTY_LES_GRANDES_VACANCES_009_SD-copie-200x300.jpg 200w, https:\/\/www.pictofoundation.fr\/wp-content\/uploads\/2024\/04\/MARTY_LES_GRANDES_VACANCES_009_SD-copie-683x1024.jpg 683w, https:\/\/www.pictofoundation.fr\/wp-content\/uploads\/2024\/04\/MARTY_LES_GRANDES_VACANCES_009_SD-copie-768x1152.jpg 768w, https:\/\/www.pictofoundation.fr\/wp-content\/uploads\/2024\/04\/MARTY_LES_GRANDES_VACANCES_009_SD-copie-1024x1536.jpg 1024w, https:\/\/www.pictofoundation.fr\/wp-content\/uploads\/2024\/04\/MARTY_LES_GRANDES_VACANCES_009_SD-copie-500x750.jpg 500w, https:\/\/www.pictofoundation.fr\/wp-content\/uploads\/2024\/04\/MARTY_LES_GRANDES_VACANCES_009_SD-copie-800x1200.jpg 800w\" sizes=\"auto, (max-width: 1200px) 100vw, 1200px\" \/><\/noscript><img decoding=\"async\" width=\"1200\" height=\"1800\" src=\"https:\/\/www.pictofoundation.fr\/wp-content\/uploads\/2024\/04\/MARTY_LES_GRANDES_VACANCES_009_SD-copie.jpg\" class=\"wp-image-11329 vp-lazyload\" alt srcset=\"data:image\/svg+xml;base64,PHN2ZyB3aWR0aD0iMTIwMCIgaGVpZ2h0PSIxODAwIiB2aWV3Qm94PSIwIDAgMTIwMCAxODAwIiBmaWxsPSJub25lIiB4bWxucz0iaHR0cDovL3d3dy53My5vcmcvMjAwMC9zdmciPjwvc3ZnPg==\" data-src=\"https:\/\/www.pictofoundation.fr\/wp-content\/uploads\/2024\/04\/MARTY_LES_GRANDES_VACANCES_009_SD-copie.jpg\" data-srcset=\"https:\/\/www.pictofoundation.fr\/wp-content\/uploads\/2024\/04\/MARTY_LES_GRANDES_VACANCES_009_SD-copie.jpg 1200w, https:\/\/www.pictofoundation.fr\/wp-content\/uploads\/2024\/04\/MARTY_LES_GRANDES_VACANCES_009_SD-copie-200x300.jpg 200w, https:\/\/www.pictofoundation.fr\/wp-content\/uploads\/2024\/04\/MARTY_LES_GRANDES_VACANCES_009_SD-copie-683x1024.jpg 683w, https:\/\/www.pictofoundation.fr\/wp-content\/uploads\/2024\/04\/MARTY_LES_GRANDES_VACANCES_009_SD-copie-768x1152.jpg 768w, https:\/\/www.pictofoundation.fr\/wp-content\/uploads\/2024\/04\/MARTY_LES_GRANDES_VACANCES_009_SD-copie-1024x1536.jpg 1024w, https:\/\/www.pictofoundation.fr\/wp-content\/uploads\/2024\/04\/MARTY_LES_GRANDES_VACANCES_009_SD-copie-500x750.jpg 500w, https:\/\/www.pictofoundation.fr\/wp-content\/uploads\/2024\/04\/MARTY_LES_GRANDES_VACANCES_009_SD-copie-800x1200.jpg 800w\" data-sizes=\"auto\" loading=\"eager\">\n\t\t<div class=\"vp-portfolio__item-overlay\"><\/div>\n\n\t\t<\/a>\t<\/div>\n<\/div>\n\n<figcaption class=\"vp-portfolio__item-overlay vp-portfolio__item-align-center\">\n\t\t\t<div class=\"vp-portfolio__item-meta\">\n\t\t\t\t\t\t\t<h2 class=\"vp-portfolio__item-meta-title\">\n\t\t\t\t\t\t\t\t\t\t\t<a href=\"https:\/\/www.pictofoundation.fr\/en\/finalistes-prix-picto-de-la-mode-2024-alan-marty\/\"\n\t\t\t\t\t\t\t\t\t\t\t\t\t>\n\t\t\t\t\t\t\tFinalist &#8211; Prix Picto de la Mode 2024 : Alan Marty\t\t\t\t\t\t<\/a>\n\t\t\t\t\t\t\t\t\t\t<\/h2>\n\t\t\t\t\t\t<\/div>\n\t<\/figcaption>\t\t\t<\/figure>\n\t\t\t\t\t<\/article>\n\t\t\n\t\t<article\t\tclass=\"vp-portfolio__item-wrap post-11888 page type-page status-publish has-post-thumbnail hentry vp-portfolio__item-uid-d6e06987\" data-vp-filter=\"\" \t\t>\n\t\t\t\t\t\t\t\t\t<figure class=\"vp-portfolio__item\">\n\t\t\t\t\n<div class=\"vp-portfolio__item-img-wrap\">\n\t<div class=\"vp-portfolio__item-img\">\n\t\t\t<a\n\t\thref=\"https:\/\/www.pictofoundation.fr\/en\/finalistes-prix-picto-de-la-mode-2024-sasha-mongin\/\"\n\t\t\t>\n\t\n\t\t<noscript><img loading=\"lazy\" decoding=\"async\" width=\"1280\" height=\"1920\" data-skip-lazy src=\"https:\/\/www.pictofoundation.fr\/wp-content\/uploads\/2024\/04\/MONGIN_AUDELADURIDEAU_2-copie_BD-1280x1920.jpg\" class=\"wp-image-11390\" alt=\"\" srcset=\"https:\/\/www.pictofoundation.fr\/wp-content\/uploads\/2024\/04\/MONGIN_AUDELADURIDEAU_2-copie_BD-1280x1920.jpg 1280w, https:\/\/www.pictofoundation.fr\/wp-content\/uploads\/2024\/04\/MONGIN_AUDELADURIDEAU_2-copie_BD-200x300.jpg 200w, https:\/\/www.pictofoundation.fr\/wp-content\/uploads\/2024\/04\/MONGIN_AUDELADURIDEAU_2-copie_BD-682x1024.jpg 682w, https:\/\/www.pictofoundation.fr\/wp-content\/uploads\/2024\/04\/MONGIN_AUDELADURIDEAU_2-copie_BD-768x1152.jpg 768w, https:\/\/www.pictofoundation.fr\/wp-content\/uploads\/2024\/04\/MONGIN_AUDELADURIDEAU_2-copie_BD-1024x1536.jpg 1024w, https:\/\/www.pictofoundation.fr\/wp-content\/uploads\/2024\/04\/MONGIN_AUDELADURIDEAU_2-copie_BD-500x750.jpg 500w, https:\/\/www.pictofoundation.fr\/wp-content\/uploads\/2024\/04\/MONGIN_AUDELADURIDEAU_2-copie_BD-800x1200.jpg 800w, https:\/\/www.pictofoundation.fr\/wp-content\/uploads\/2024\/04\/MONGIN_AUDELADURIDEAU_2-copie_BD.jpg 1333w\" sizes=\"auto, (max-width: 1280px) 100vw, 1280px\" \/><\/noscript><img decoding=\"async\" width=\"1280\" height=\"1920\" src=\"https:\/\/www.pictofoundation.fr\/wp-content\/uploads\/2024\/04\/MONGIN_AUDELADURIDEAU_2-copie_BD-1280x1920.jpg\" class=\"wp-image-11390 vp-lazyload\" alt srcset=\"data:image\/svg+xml;base64,PHN2ZyB3aWR0aD0iMTI4MCIgaGVpZ2h0PSIxOTIwIiB2aWV3Qm94PSIwIDAgMTI4MCAxOTIwIiBmaWxsPSJub25lIiB4bWxucz0iaHR0cDovL3d3dy53My5vcmcvMjAwMC9zdmciPjwvc3ZnPg==\" data-src=\"https:\/\/www.pictofoundation.fr\/wp-content\/uploads\/2024\/04\/MONGIN_AUDELADURIDEAU_2-copie_BD-1280x1920.jpg\" data-srcset=\"https:\/\/www.pictofoundation.fr\/wp-content\/uploads\/2024\/04\/MONGIN_AUDELADURIDEAU_2-copie_BD-1280x1920.jpg 1280w, https:\/\/www.pictofoundation.fr\/wp-content\/uploads\/2024\/04\/MONGIN_AUDELADURIDEAU_2-copie_BD-200x300.jpg 200w, https:\/\/www.pictofoundation.fr\/wp-content\/uploads\/2024\/04\/MONGIN_AUDELADURIDEAU_2-copie_BD-682x1024.jpg 682w, https:\/\/www.pictofoundation.fr\/wp-content\/uploads\/2024\/04\/MONGIN_AUDELADURIDEAU_2-copie_BD-768x1152.jpg 768w, https:\/\/www.pictofoundation.fr\/wp-content\/uploads\/2024\/04\/MONGIN_AUDELADURIDEAU_2-copie_BD-1024x1536.jpg 1024w, https:\/\/www.pictofoundation.fr\/wp-content\/uploads\/2024\/04\/MONGIN_AUDELADURIDEAU_2-copie_BD-500x750.jpg 500w, https:\/\/www.pictofoundation.fr\/wp-content\/uploads\/2024\/04\/MONGIN_AUDELADURIDEAU_2-copie_BD-800x1200.jpg 800w, https:\/\/www.pictofoundation.fr\/wp-content\/uploads\/2024\/04\/MONGIN_AUDELADURIDEAU_2-copie_BD.jpg 1333w\" data-sizes=\"auto\" loading=\"eager\">\n\t\t<div class=\"vp-portfolio__item-overlay\"><\/div>\n\n\t\t<\/a>\t<\/div>\n<\/div>\n\n<figcaption class=\"vp-portfolio__item-overlay vp-portfolio__item-align-center\">\n\t\t\t<div class=\"vp-portfolio__item-meta\">\n\t\t\t\t\t\t\t<h2 class=\"vp-portfolio__item-meta-title\">\n\t\t\t\t\t\t\t\t\t\t\t<a href=\"https:\/\/www.pictofoundation.fr\/en\/finalistes-prix-picto-de-la-mode-2024-sasha-mongin\/\"\n\t\t\t\t\t\t\t\t\t\t\t\t\t>\n\t\t\t\t\t\t\tFinalist &#8211; Prix Picto de la Mode 2024 : Sasha Mongin\t\t\t\t\t\t<\/a>\n\t\t\t\t\t\t\t\t\t\t<\/h2>\n\t\t\t\t\t\t<\/div>\n\t<\/figcaption>\t\t\t<\/figure>\n\t\t\t\t\t<\/article>\n\t\t\n\t\t<article\t\tclass=\"vp-portfolio__item-wrap post-11890 page type-page status-publish has-post-thumbnail hentry vp-portfolio__item-uid-c120d0f4\" data-vp-filter=\"\" \t\t>\n\t\t\t\t\t\t\t\t\t<figure class=\"vp-portfolio__item\">\n\t\t\t\t\n<div class=\"vp-portfolio__item-img-wrap\">\n\t<div class=\"vp-portfolio__item-img\">\n\t\t\t<a\n\t\thref=\"https:\/\/www.pictofoundation.fr\/en\/finalistes-prix-picto-de-la-mode-2024-steve-ney\/\"\n\t\t\t>\n\t\n\t\t<noscript><img loading=\"lazy\" decoding=\"async\" width=\"1280\" height=\"1600\" data-skip-lazy src=\"https:\/\/www.pictofoundation.fr\/wp-content\/uploads\/2024\/04\/STEVE-NEY_NIJAM_N\u00b0-5_BD-copie-1280x1600.jpg\" class=\"wp-image-11472\" alt=\"\" srcset=\"https:\/\/www.pictofoundation.fr\/wp-content\/uploads\/2024\/04\/STEVE-NEY_NIJAM_N\u00b0-5_BD-copie-1280x1600.jpg 1280w, https:\/\/www.pictofoundation.fr\/wp-content\/uploads\/2024\/04\/STEVE-NEY_NIJAM_N\u00b0-5_BD-copie-240x300.jpg 240w, https:\/\/www.pictofoundation.fr\/wp-content\/uploads\/2024\/04\/STEVE-NEY_NIJAM_N\u00b0-5_BD-copie-819x1024.jpg 819w, https:\/\/www.pictofoundation.fr\/wp-content\/uploads\/2024\/04\/STEVE-NEY_NIJAM_N\u00b0-5_BD-copie-768x960.jpg 768w, https:\/\/www.pictofoundation.fr\/wp-content\/uploads\/2024\/04\/STEVE-NEY_NIJAM_N\u00b0-5_BD-copie-1229x1536.jpg 1229w, https:\/\/www.pictofoundation.fr\/wp-content\/uploads\/2024\/04\/STEVE-NEY_NIJAM_N\u00b0-5_BD-copie-500x625.jpg 500w, https:\/\/www.pictofoundation.fr\/wp-content\/uploads\/2024\/04\/STEVE-NEY_NIJAM_N\u00b0-5_BD-copie-800x1000.jpg 800w, https:\/\/www.pictofoundation.fr\/wp-content\/uploads\/2024\/04\/STEVE-NEY_NIJAM_N\u00b0-5_BD-copie.jpg 1638w\" sizes=\"auto, (max-width: 1280px) 100vw, 1280px\" \/><\/noscript><img decoding=\"async\" width=\"1280\" height=\"1600\" src=\"https:\/\/www.pictofoundation.fr\/wp-content\/uploads\/2024\/04\/STEVE-NEY_NIJAM_N\u00b0-5_BD-copie-1280x1600.jpg\" class=\"wp-image-11472 vp-lazyload\" alt srcset=\"data:image\/svg+xml;base64,PHN2ZyB3aWR0aD0iMTI4MCIgaGVpZ2h0PSIxNjAwIiB2aWV3Qm94PSIwIDAgMTI4MCAxNjAwIiBmaWxsPSJub25lIiB4bWxucz0iaHR0cDovL3d3dy53My5vcmcvMjAwMC9zdmciPjwvc3ZnPg==\" data-src=\"https:\/\/www.pictofoundation.fr\/wp-content\/uploads\/2024\/04\/STEVE-NEY_NIJAM_N\u00b0-5_BD-copie-1280x1600.jpg\" data-srcset=\"https:\/\/www.pictofoundation.fr\/wp-content\/uploads\/2024\/04\/STEVE-NEY_NIJAM_N\u00b0-5_BD-copie-1280x1600.jpg 1280w, https:\/\/www.pictofoundation.fr\/wp-content\/uploads\/2024\/04\/STEVE-NEY_NIJAM_N\u00b0-5_BD-copie-240x300.jpg 240w, https:\/\/www.pictofoundation.fr\/wp-content\/uploads\/2024\/04\/STEVE-NEY_NIJAM_N\u00b0-5_BD-copie-819x1024.jpg 819w, https:\/\/www.pictofoundation.fr\/wp-content\/uploads\/2024\/04\/STEVE-NEY_NIJAM_N\u00b0-5_BD-copie-768x960.jpg 768w, https:\/\/www.pictofoundation.fr\/wp-content\/uploads\/2024\/04\/STEVE-NEY_NIJAM_N\u00b0-5_BD-copie-1229x1536.jpg 1229w, https:\/\/www.pictofoundation.fr\/wp-content\/uploads\/2024\/04\/STEVE-NEY_NIJAM_N\u00b0-5_BD-copie-500x625.jpg 500w, https:\/\/www.pictofoundation.fr\/wp-content\/uploads\/2024\/04\/STEVE-NEY_NIJAM_N\u00b0-5_BD-copie-800x1000.jpg 800w, https:\/\/www.pictofoundation.fr\/wp-content\/uploads\/2024\/04\/STEVE-NEY_NIJAM_N\u00b0-5_BD-copie.jpg 1638w\" data-sizes=\"auto\" loading=\"eager\">\n\t\t<div class=\"vp-portfolio__item-overlay\"><\/div>\n\n\t\t<\/a>\t<\/div>\n<\/div>\n\n<figcaption class=\"vp-portfolio__item-overlay vp-portfolio__item-align-center\">\n\t\t\t<div class=\"vp-portfolio__item-meta\">\n\t\t\t\t\t\t\t<h2 class=\"vp-portfolio__item-meta-title\">\n\t\t\t\t\t\t\t\t\t\t\t<a href=\"https:\/\/www.pictofoundation.fr\/en\/finalistes-prix-picto-de-la-mode-2024-steve-ney\/\"\n\t\t\t\t\t\t\t\t\t\t\t\t\t>\n\t\t\t\t\t\t\tFinalist &#8211; Prix Picto de la Mode 2024 : Steve Ney\t\t\t\t\t\t<\/a>\n\t\t\t\t\t\t\t\t\t\t<\/h2>\n\t\t\t\t\t\t<\/div>\n\t<\/figcaption>\t\t\t<\/figure>\n\t\t\t\t\t<\/article>\n\t\t\n\t\t<article\t\tclass=\"vp-portfolio__item-wrap post-11891 page type-page status-publish has-post-thumbnail hentry vp-portfolio__item-uid-b627e062\" data-vp-filter=\"\" \t\t>\n\t\t\t\t\t\t\t\t\t<figure class=\"vp-portfolio__item\">\n\t\t\t\t\n<div class=\"vp-portfolio__item-img-wrap\">\n\t<div class=\"vp-portfolio__item-img\">\n\t\t\t<a\n\t\thref=\"https:\/\/www.pictofoundation.fr\/en\/finalistes-prix-picto-de-la-mode-2024-flore-prebay\/\"\n\t\t\t>\n\t\n\t\t<noscript><img loading=\"lazy\" decoding=\"async\" width=\"860\" height=\"1204\" data-skip-lazy src=\"https:\/\/www.pictofoundation.fr\/wp-content\/uploads\/2024\/04\/PREBAY_ONIRIQUE_13_BD-copie.jpg\" class=\"wp-image-11536\" alt=\"\" srcset=\"https:\/\/www.pictofoundation.fr\/wp-content\/uploads\/2024\/04\/PREBAY_ONIRIQUE_13_BD-copie.jpg 860w, https:\/\/www.pictofoundation.fr\/wp-content\/uploads\/2024\/04\/PREBAY_ONIRIQUE_13_BD-copie-214x300.jpg 214w, https:\/\/www.pictofoundation.fr\/wp-content\/uploads\/2024\/04\/PREBAY_ONIRIQUE_13_BD-copie-731x1024.jpg 731w, https:\/\/www.pictofoundation.fr\/wp-content\/uploads\/2024\/04\/PREBAY_ONIRIQUE_13_BD-copie-768x1075.jpg 768w, https:\/\/www.pictofoundation.fr\/wp-content\/uploads\/2024\/04\/PREBAY_ONIRIQUE_13_BD-copie-500x700.jpg 500w, https:\/\/www.pictofoundation.fr\/wp-content\/uploads\/2024\/04\/PREBAY_ONIRIQUE_13_BD-copie-800x1120.jpg 800w\" sizes=\"auto, (max-width: 860px) 100vw, 860px\" \/><\/noscript><img decoding=\"async\" width=\"860\" height=\"1204\" src=\"https:\/\/www.pictofoundation.fr\/wp-content\/uploads\/2024\/04\/PREBAY_ONIRIQUE_13_BD-copie.jpg\" class=\"wp-image-11536 vp-lazyload\" alt srcset=\"data:image\/svg+xml;base64,PHN2ZyB3aWR0aD0iODYwIiBoZWlnaHQ9IjEyMDQiIHZpZXdCb3g9IjAgMCA4NjAgMTIwNCIgZmlsbD0ibm9uZSIgeG1sbnM9Imh0dHA6Ly93d3cudzMub3JnLzIwMDAvc3ZnIj48L3N2Zz4=\" data-src=\"https:\/\/www.pictofoundation.fr\/wp-content\/uploads\/2024\/04\/PREBAY_ONIRIQUE_13_BD-copie.jpg\" data-srcset=\"https:\/\/www.pictofoundation.fr\/wp-content\/uploads\/2024\/04\/PREBAY_ONIRIQUE_13_BD-copie.jpg 860w, https:\/\/www.pictofoundation.fr\/wp-content\/uploads\/2024\/04\/PREBAY_ONIRIQUE_13_BD-copie-214x300.jpg 214w, https:\/\/www.pictofoundation.fr\/wp-content\/uploads\/2024\/04\/PREBAY_ONIRIQUE_13_BD-copie-731x1024.jpg 731w, https:\/\/www.pictofoundation.fr\/wp-content\/uploads\/2024\/04\/PREBAY_ONIRIQUE_13_BD-copie-768x1075.jpg 768w, https:\/\/www.pictofoundation.fr\/wp-content\/uploads\/2024\/04\/PREBAY_ONIRIQUE_13_BD-copie-500x700.jpg 500w, https:\/\/www.pictofoundation.fr\/wp-content\/uploads\/2024\/04\/PREBAY_ONIRIQUE_13_BD-copie-800x1120.jpg 800w\" data-sizes=\"auto\" loading=\"eager\">\n\t\t<div class=\"vp-portfolio__item-overlay\"><\/div>\n\n\t\t<\/a>\t<\/div>\n<\/div>\n\n<figcaption class=\"vp-portfolio__item-overlay vp-portfolio__item-align-center\">\n\t\t\t<div class=\"vp-portfolio__item-meta\">\n\t\t\t\t\t\t\t<h2 class=\"vp-portfolio__item-meta-title\">\n\t\t\t\t\t\t\t\t\t\t\t<a href=\"https:\/\/www.pictofoundation.fr\/en\/finalistes-prix-picto-de-la-mode-2024-flore-prebay\/\"\n\t\t\t\t\t\t\t\t\t\t\t\t\t>\n\t\t\t\t\t\t\tFinalist &#8211; Prix Picto de la Mode 2024 : Flore Pr\u00e9bay\t\t\t\t\t\t<\/a>\n\t\t\t\t\t\t\t\t\t\t<\/h2>\n\t\t\t\t\t\t<\/div>\n\t<\/figcaption>\t\t\t<\/figure>\n\t\t\t\t\t<\/article>\n\t\t\n\t\t<article\t\tclass=\"vp-portfolio__item-wrap post-11892 page type-page status-publish has-post-thumbnail hentry vp-portfolio__item-uid-2f2eb1d8\" data-vp-filter=\"\" \t\t>\n\t\t\t\t\t\t\t\t\t<figure class=\"vp-portfolio__item\">\n\t\t\t\t\n<div class=\"vp-portfolio__item-img-wrap\">\n\t<div class=\"vp-portfolio__item-img\">\n\t\t\t<a\n\t\thref=\"https:\/\/www.pictofoundation.fr\/en\/finalistes-prix-picto-de-la-mode-2024-flaminia-reposi\/\"\n\t\t\t>\n\t\n\t\t<noscript><img loading=\"lazy\" decoding=\"async\" width=\"1280\" height=\"853\" data-skip-lazy src=\"https:\/\/www.pictofoundation.fr\/wp-content\/uploads\/2024\/04\/Reposi_Anatomiedunelampe_02_BD-1280x853.jpg\" class=\"wp-image-11554\" alt=\"\" srcset=\"https:\/\/www.pictofoundation.fr\/wp-content\/uploads\/2024\/04\/Reposi_Anatomiedunelampe_02_BD-1280x853.jpg 1280w, https:\/\/www.pictofoundation.fr\/wp-content\/uploads\/2024\/04\/Reposi_Anatomiedunelampe_02_BD-300x200.jpg 300w, https:\/\/www.pictofoundation.fr\/wp-content\/uploads\/2024\/04\/Reposi_Anatomiedunelampe_02_BD-1024x682.jpg 1024w, https:\/\/www.pictofoundation.fr\/wp-content\/uploads\/2024\/04\/Reposi_Anatomiedunelampe_02_BD-768x512.jpg 768w, https:\/\/www.pictofoundation.fr\/wp-content\/uploads\/2024\/04\/Reposi_Anatomiedunelampe_02_BD-1536x1024.jpg 1536w, https:\/\/www.pictofoundation.fr\/wp-content\/uploads\/2024\/04\/Reposi_Anatomiedunelampe_02_BD-500x333.jpg 500w, https:\/\/www.pictofoundation.fr\/wp-content\/uploads\/2024\/04\/Reposi_Anatomiedunelampe_02_BD-800x533.jpg 800w, https:\/\/www.pictofoundation.fr\/wp-content\/uploads\/2024\/04\/Reposi_Anatomiedunelampe_02_BD-1920x1280.jpg 1920w, https:\/\/www.pictofoundation.fr\/wp-content\/uploads\/2024\/04\/Reposi_Anatomiedunelampe_02_BD.jpg 2000w\" sizes=\"auto, (max-width: 1280px) 100vw, 1280px\" \/><\/noscript><img decoding=\"async\" width=\"1280\" height=\"853\" src=\"https:\/\/www.pictofoundation.fr\/wp-content\/uploads\/2024\/04\/Reposi_Anatomiedunelampe_02_BD-1280x853.jpg\" class=\"wp-image-11554 vp-lazyload\" alt srcset=\"data:image\/svg+xml;base64,PHN2ZyB3aWR0aD0iMTI4MCIgaGVpZ2h0PSI4NTMiIHZpZXdCb3g9IjAgMCAxMjgwIDg1MyIgZmlsbD0ibm9uZSIgeG1sbnM9Imh0dHA6Ly93d3cudzMub3JnLzIwMDAvc3ZnIj48L3N2Zz4=\" data-src=\"https:\/\/www.pictofoundation.fr\/wp-content\/uploads\/2024\/04\/Reposi_Anatomiedunelampe_02_BD-1280x853.jpg\" data-srcset=\"https:\/\/www.pictofoundation.fr\/wp-content\/uploads\/2024\/04\/Reposi_Anatomiedunelampe_02_BD-1280x853.jpg 1280w, https:\/\/www.pictofoundation.fr\/wp-content\/uploads\/2024\/04\/Reposi_Anatomiedunelampe_02_BD-300x200.jpg 300w, https:\/\/www.pictofoundation.fr\/wp-content\/uploads\/2024\/04\/Reposi_Anatomiedunelampe_02_BD-1024x682.jpg 1024w, https:\/\/www.pictofoundation.fr\/wp-content\/uploads\/2024\/04\/Reposi_Anatomiedunelampe_02_BD-768x512.jpg 768w, https:\/\/www.pictofoundation.fr\/wp-content\/uploads\/2024\/04\/Reposi_Anatomiedunelampe_02_BD-1536x1024.jpg 1536w, https:\/\/www.pictofoundation.fr\/wp-content\/uploads\/2024\/04\/Reposi_Anatomiedunelampe_02_BD-500x333.jpg 500w, https:\/\/www.pictofoundation.fr\/wp-content\/uploads\/2024\/04\/Reposi_Anatomiedunelampe_02_BD-800x533.jpg 800w, https:\/\/www.pictofoundation.fr\/wp-content\/uploads\/2024\/04\/Reposi_Anatomiedunelampe_02_BD-1920x1280.jpg 1920w, https:\/\/www.pictofoundation.fr\/wp-content\/uploads\/2024\/04\/Reposi_Anatomiedunelampe_02_BD.jpg 2000w\" data-sizes=\"auto\" loading=\"eager\">\n\t\t<div class=\"vp-portfolio__item-overlay\"><\/div>\n\n\t\t<\/a>\t<\/div>\n<\/div>\n\n<figcaption class=\"vp-portfolio__item-overlay vp-portfolio__item-align-center\">\n\t\t\t<div class=\"vp-portfolio__item-meta\">\n\t\t\t\t\t\t\t<h2 class=\"vp-portfolio__item-meta-title\">\n\t\t\t\t\t\t\t\t\t\t\t<a href=\"https:\/\/www.pictofoundation.fr\/en\/finalistes-prix-picto-de-la-mode-2024-flaminia-reposi\/\"\n\t\t\t\t\t\t\t\t\t\t\t\t\t>\n\t\t\t\t\t\t\tFinalist &#8211; Prix Picto de la Mode 2024 : Flaminia Reposi\t\t\t\t\t\t<\/a>\n\t\t\t\t\t\t\t\t\t\t<\/h2>\n\t\t\t\t\t\t<\/div>\n\t<\/figcaption>\t\t\t<\/figure>\n\t\t\t\t\t<\/article>\n\t\t\n\t\t<article\t\tclass=\"vp-portfolio__item-wrap post-11874 page type-page status-publish has-post-thumbnail hentry vp-portfolio__item-uid-58ce3963\" data-vp-filter=\"\" \t\t>\n\t\t\t\t\t\t\t\t\t<figure class=\"vp-portfolio__item\">\n\t\t\t\t\n<div class=\"vp-portfolio__item-img-wrap\">\n\t<div class=\"vp-portfolio__item-img\">\n\t\t\t<a\n\t\thref=\"https:\/\/www.pictofoundation.fr\/en\/finalistes-prix-picto-de-la-mode-2024-study-from-life-duo-de-photographes\/\"\n\t\t\t>\n\t\n\t\t<noscript><img loading=\"lazy\" decoding=\"async\" width=\"1280\" height=\"1878\" data-skip-lazy src=\"https:\/\/www.pictofoundation.fr\/wp-content\/uploads\/2024\/03\/STUDYFROMLIFE_Don_tdaretolovemeN\u00b01_LR-1280x1878.jpg\" class=\"wp-image-10778\" alt=\"\" srcset=\"https:\/\/www.pictofoundation.fr\/wp-content\/uploads\/2024\/03\/STUDYFROMLIFE_Don_tdaretolovemeN\u00b01_LR-1280x1878.jpg 1280w, https:\/\/www.pictofoundation.fr\/wp-content\/uploads\/2024\/03\/STUDYFROMLIFE_Don_tdaretolovemeN\u00b01_LR-204x300.jpg 204w, https:\/\/www.pictofoundation.fr\/wp-content\/uploads\/2024\/03\/STUDYFROMLIFE_Don_tdaretolovemeN\u00b01_LR-698x1024.jpg 698w, https:\/\/www.pictofoundation.fr\/wp-content\/uploads\/2024\/03\/STUDYFROMLIFE_Don_tdaretolovemeN\u00b01_LR-768x1127.jpg 768w, https:\/\/www.pictofoundation.fr\/wp-content\/uploads\/2024\/03\/STUDYFROMLIFE_Don_tdaretolovemeN\u00b01_LR-1047x1536.jpg 1047w, https:\/\/www.pictofoundation.fr\/wp-content\/uploads\/2024\/03\/STUDYFROMLIFE_Don_tdaretolovemeN\u00b01_LR-500x734.jpg 500w, https:\/\/www.pictofoundation.fr\/wp-content\/uploads\/2024\/03\/STUDYFROMLIFE_Don_tdaretolovemeN\u00b01_LR-800x1174.jpg 800w, https:\/\/www.pictofoundation.fr\/wp-content\/uploads\/2024\/03\/STUDYFROMLIFE_Don_tdaretolovemeN\u00b01_LR.jpg 1363w\" sizes=\"auto, (max-width: 1280px) 100vw, 1280px\" \/><\/noscript><img decoding=\"async\" width=\"1280\" height=\"1878\" src=\"https:\/\/www.pictofoundation.fr\/wp-content\/uploads\/2024\/03\/STUDYFROMLIFE_Don_tdaretolovemeN\u00b01_LR-1280x1878.jpg\" class=\"wp-image-10778 vp-lazyload\" alt srcset=\"data:image\/svg+xml;base64,PHN2ZyB3aWR0aD0iMTI4MCIgaGVpZ2h0PSIxODc4IiB2aWV3Qm94PSIwIDAgMTI4MCAxODc4IiBmaWxsPSJub25lIiB4bWxucz0iaHR0cDovL3d3dy53My5vcmcvMjAwMC9zdmciPjwvc3ZnPg==\" data-src=\"https:\/\/www.pictofoundation.fr\/wp-content\/uploads\/2024\/03\/STUDYFROMLIFE_Don_tdaretolovemeN\u00b01_LR-1280x1878.jpg\" data-srcset=\"https:\/\/www.pictofoundation.fr\/wp-content\/uploads\/2024\/03\/STUDYFROMLIFE_Don_tdaretolovemeN\u00b01_LR-1280x1878.jpg 1280w, https:\/\/www.pictofoundation.fr\/wp-content\/uploads\/2024\/03\/STUDYFROMLIFE_Don_tdaretolovemeN\u00b01_LR-204x300.jpg 204w, https:\/\/www.pictofoundation.fr\/wp-content\/uploads\/2024\/03\/STUDYFROMLIFE_Don_tdaretolovemeN\u00b01_LR-698x1024.jpg 698w, https:\/\/www.pictofoundation.fr\/wp-content\/uploads\/2024\/03\/STUDYFROMLIFE_Don_tdaretolovemeN\u00b01_LR-768x1127.jpg 768w, https:\/\/www.pictofoundation.fr\/wp-content\/uploads\/2024\/03\/STUDYFROMLIFE_Don_tdaretolovemeN\u00b01_LR-1047x1536.jpg 1047w, https:\/\/www.pictofoundation.fr\/wp-content\/uploads\/2024\/03\/STUDYFROMLIFE_Don_tdaretolovemeN\u00b01_LR-500x734.jpg 500w, https:\/\/www.pictofoundation.fr\/wp-content\/uploads\/2024\/03\/STUDYFROMLIFE_Don_tdaretolovemeN\u00b01_LR-800x1174.jpg 800w, https:\/\/www.pictofoundation.fr\/wp-content\/uploads\/2024\/03\/STUDYFROMLIFE_Don_tdaretolovemeN\u00b01_LR.jpg 1363w\" data-sizes=\"auto\" loading=\"eager\">\n\t\t<div class=\"vp-portfolio__item-overlay\"><\/div>\n\n\t\t<\/a>\t<\/div>\n<\/div>\n\n<figcaption class=\"vp-portfolio__item-overlay vp-portfolio__item-align-center\">\n\t\t\t<div class=\"vp-portfolio__item-meta\">\n\t\t\t\t\t\t\t<h2 class=\"vp-portfolio__item-meta-title\">\n\t\t\t\t\t\t\t\t\t\t\t<a href=\"https:\/\/www.pictofoundation.fr\/en\/finalistes-prix-picto-de-la-mode-2024-study-from-life-duo-de-photographes\/\"\n\t\t\t\t\t\t\t\t\t\t\t\t\t>\n\t\t\t\t\t\t\tFinalist &#8211; Prix Picto de la Mode 2024 : Study From Life (duo d&#8217;artistes)\t\t\t\t\t\t<\/a>\n\t\t\t\t\t\t\t\t\t\t<\/h2>\n\t\t\t\t\t\t<\/div>\n\t<\/figcaption>\t\t\t<\/figure>\n\t\t\t\t\t<\/article>\n\t\t\n\t\t<article\t\tclass=\"vp-portfolio__item-wrap post-11894 page type-page status-publish has-post-thumbnail hentry vp-portfolio__item-uid-c64d14ed\" data-vp-filter=\"\" \t\t>\n\t\t\t\t\t\t\t\t\t<figure class=\"vp-portfolio__item\">\n\t\t\t\t\n<div class=\"vp-portfolio__item-img-wrap\">\n\t<div class=\"vp-portfolio__item-img\">\n\t\t\t<a\n\t\thref=\"https:\/\/www.pictofoundation.fr\/en\/finalistes-prix-picto-de-la-mode-2024-ksenia-usacheva\/\"\n\t\t\t>\n\t\n\t\t<noscript><img loading=\"lazy\" decoding=\"async\" width=\"1280\" height=\"1786\" data-skip-lazy src=\"https:\/\/www.pictofoundation.fr\/wp-content\/uploads\/2024\/04\/KSENIAUSACHEVA_LAPOESIEDEDISTORSION_N\u00b010_BD-1280x1786.jpg\" class=\"wp-image-11651\" alt=\"\" srcset=\"https:\/\/www.pictofoundation.fr\/wp-content\/uploads\/2024\/04\/KSENIAUSACHEVA_LAPOESIEDEDISTORSION_N\u00b010_BD-1280x1786.jpg 1280w, https:\/\/www.pictofoundation.fr\/wp-content\/uploads\/2024\/04\/KSENIAUSACHEVA_LAPOESIEDEDISTORSION_N\u00b010_BD-215x300.jpg 215w, https:\/\/www.pictofoundation.fr\/wp-content\/uploads\/2024\/04\/KSENIAUSACHEVA_LAPOESIEDEDISTORSION_N\u00b010_BD-734x1024.jpg 734w, https:\/\/www.pictofoundation.fr\/wp-content\/uploads\/2024\/04\/KSENIAUSACHEVA_LAPOESIEDEDISTORSION_N\u00b010_BD-768x1072.jpg 768w, https:\/\/www.pictofoundation.fr\/wp-content\/uploads\/2024\/04\/KSENIAUSACHEVA_LAPOESIEDEDISTORSION_N\u00b010_BD-1101x1536.jpg 1101w, https:\/\/www.pictofoundation.fr\/wp-content\/uploads\/2024\/04\/KSENIAUSACHEVA_LAPOESIEDEDISTORSION_N\u00b010_BD-500x698.jpg 500w, https:\/\/www.pictofoundation.fr\/wp-content\/uploads\/2024\/04\/KSENIAUSACHEVA_LAPOESIEDEDISTORSION_N\u00b010_BD-800x1117.jpg 800w, https:\/\/www.pictofoundation.fr\/wp-content\/uploads\/2024\/04\/KSENIAUSACHEVA_LAPOESIEDEDISTORSION_N\u00b010_BD.jpg 1433w\" sizes=\"auto, (max-width: 1280px) 100vw, 1280px\" \/><\/noscript><img decoding=\"async\" width=\"1280\" height=\"1786\" src=\"https:\/\/www.pictofoundation.fr\/wp-content\/uploads\/2024\/04\/KSENIAUSACHEVA_LAPOESIEDEDISTORSION_N\u00b010_BD-1280x1786.jpg\" class=\"wp-image-11651 vp-lazyload\" alt srcset=\"data:image\/svg+xml;base64,PHN2ZyB3aWR0aD0iMTI4MCIgaGVpZ2h0PSIxNzg2IiB2aWV3Qm94PSIwIDAgMTI4MCAxNzg2IiBmaWxsPSJub25lIiB4bWxucz0iaHR0cDovL3d3dy53My5vcmcvMjAwMC9zdmciPjwvc3ZnPg==\" data-src=\"https:\/\/www.pictofoundation.fr\/wp-content\/uploads\/2024\/04\/KSENIAUSACHEVA_LAPOESIEDEDISTORSION_N\u00b010_BD-1280x1786.jpg\" data-srcset=\"https:\/\/www.pictofoundation.fr\/wp-content\/uploads\/2024\/04\/KSENIAUSACHEVA_LAPOESIEDEDISTORSION_N\u00b010_BD-1280x1786.jpg 1280w, https:\/\/www.pictofoundation.fr\/wp-content\/uploads\/2024\/04\/KSENIAUSACHEVA_LAPOESIEDEDISTORSION_N\u00b010_BD-215x300.jpg 215w, https:\/\/www.pictofoundation.fr\/wp-content\/uploads\/2024\/04\/KSENIAUSACHEVA_LAPOESIEDEDISTORSION_N\u00b010_BD-734x1024.jpg 734w, https:\/\/www.pictofoundation.fr\/wp-content\/uploads\/2024\/04\/KSENIAUSACHEVA_LAPOESIEDEDISTORSION_N\u00b010_BD-768x1072.jpg 768w, https:\/\/www.pictofoundation.fr\/wp-content\/uploads\/2024\/04\/KSENIAUSACHEVA_LAPOESIEDEDISTORSION_N\u00b010_BD-1101x1536.jpg 1101w, https:\/\/www.pictofoundation.fr\/wp-content\/uploads\/2024\/04\/KSENIAUSACHEVA_LAPOESIEDEDISTORSION_N\u00b010_BD-500x698.jpg 500w, https:\/\/www.pictofoundation.fr\/wp-content\/uploads\/2024\/04\/KSENIAUSACHEVA_LAPOESIEDEDISTORSION_N\u00b010_BD-800x1117.jpg 800w, https:\/\/www.pictofoundation.fr\/wp-content\/uploads\/2024\/04\/KSENIAUSACHEVA_LAPOESIEDEDISTORSION_N\u00b010_BD.jpg 1433w\" data-sizes=\"auto\" loading=\"eager\">\n\t\t<div class=\"vp-portfolio__item-overlay\"><\/div>\n\n\t\t<\/a>\t<\/div>\n<\/div>\n\n<figcaption class=\"vp-portfolio__item-overlay vp-portfolio__item-align-center\">\n\t\t\t<div class=\"vp-portfolio__item-meta\">\n\t\t\t\t\t\t\t<h2 class=\"vp-portfolio__item-meta-title\">\n\t\t\t\t\t\t\t\t\t\t\t<a href=\"https:\/\/www.pictofoundation.fr\/en\/finalistes-prix-picto-de-la-mode-2024-ksenia-usacheva\/\"\n\t\t\t\t\t\t\t\t\t\t\t\t\t>\n\t\t\t\t\t\t\tFinalist &#8211; Prix Picto de la Mode 2024 : Ksenia Usacheva\t\t\t\t\t\t<\/a>\n\t\t\t\t\t\t\t\t\t\t<\/h2>\n\t\t\t\t\t\t<\/div>\n\t<\/figcaption>\t\t\t<\/figure>\n\t\t\t\t\t<\/article>\n\t\t\n<\/div>\n\t\t<\/div>\n\t\t\t\t<div class=\"vp-portfolio__layout-elements vp-portfolio__layout-elements-bottom vp-portfolio__layout-elements-align-center\">\n\t\t\t\t<div class=\"vp-portfolio__pagination-wrap\">\n\t\t\t\t<\/div>\n\t\t\t\t<\/div>\n\t\t\n<\/div>\n\n","protected":false},"excerpt":{"rendered":"<p>L&#8217;appel \u00e0 candidatures de la 26\u00e8me \u00e9dition du Prix Picto de la Photographie de Mode s&#8217;est cl\u00f4tur\u00e9 le 17 mars dernier, les dossiers des 24 finalistes ont \u00e9t\u00e9 pr\u00e9sent\u00e9s \u00e0 un jury pr\u00e9sid\u00e9 par Alexandre Mattiussi compos\u00e9s de professionnels du monde de la mode et de la photographie. La c\u00e9r\u00e9monie de remise des prix a eu lieu le mercredi 5 juin mai au Palais Galliera, Mus\u00e9e de la Mode de Paris pour remettre les quatre prix et une mention sp\u00e9ciale. C&#8217;est la photographe franco-s\u00e9n\u00e9galaise Yama Ndiaye qui remporte le Grand Prix Picto de la Photographie de Mode 2024. D\u00e9couvrez tous le palmar\u00e8s.<\/p>\n","protected":false},"author":3,"featured_media":11461,"comment_status":"closed","ping_status":"closed","sticky":false,"template":"single-post-style-2.php","format":"standard","meta":{"_acf_changed":false,"_vp_format_video_url":"https:\/\/youtu.be\/5CMZu7NJoVM","_vp_image_focal_point":[],"footnotes":""},"categories":[117],"tags":[118],"class_list":["post-12172","post","type-post","status-publish","format-standard","has-post-thumbnail","hentry","category-prix-picto-photo-mode-en","tag-prix-picto-de-la-photographie-de-mode-en"],"acf":[],"yoast_head":"<!-- This site is optimized with the Yoast SEO plugin v25.4 - https:\/\/yoast.com\/wordpress\/plugins\/seo\/ -->\n<title>Laureates of 2024 Prix Picto de la Mode - Picto Foundation<\/title>\n<meta name=\"robots\" content=\"index, follow, max-snippet:-1, max-image-preview:large, max-video-preview:-1\" \/>\n<link rel=\"canonical\" href=\"https:\/\/www.pictofoundation.fr\/en\/les-laureats-du-prix-picto-de-la-photographie-de-mode-2024\/\" \/>\n<meta property=\"og:locale\" content=\"en_US\" \/>\n<meta property=\"og:type\" content=\"article\" \/>\n<meta property=\"og:title\" content=\"Laureates of 2024 Prix Picto de la Mode - Picto Foundation\" \/>\n<meta property=\"og:description\" content=\"L&#039;appel \u00e0 candidatures de la 26\u00e8me \u00e9dition du Prix Picto de la Photographie de Mode s&#039;est cl\u00f4tur\u00e9 le 17 mars dernier, les dossiers des 24 finalistes ont \u00e9t\u00e9 pr\u00e9sent\u00e9s \u00e0 un jury pr\u00e9sid\u00e9 par Alexandre Mattiussi compos\u00e9s de professionnels du monde de la mode et de la photographie. La c\u00e9r\u00e9monie de remise des prix a eu lieu le mercredi 5 juin mai au Palais Galliera, Mus\u00e9e de la Mode de Paris pour remettre les quatre prix et une mention sp\u00e9ciale. C&#039;est la photographe franco-s\u00e9n\u00e9galaise Yama Ndiaye qui remporte le Grand Prix Picto de la Photographie de Mode 2024. D\u00e9couvrez tous le palmar\u00e8s.\" \/>\n<meta property=\"og:url\" content=\"https:\/\/www.pictofoundation.fr\/en\/les-laureats-du-prix-picto-de-la-photographie-de-mode-2024\/\" \/>\n<meta property=\"og:site_name\" content=\"Picto Foundation\" \/>\n<meta property=\"article:published_time\" content=\"2024-06-06T05:00:31+00:00\" \/>\n<meta property=\"article:modified_time\" content=\"2024-06-10T09:33:13+00:00\" \/>\n<meta property=\"og:image\" content=\"https:\/\/www.pictofoundation.fr\/wp-content\/uploads\/2024\/04\/YAMA_NDIAYE_NATAAL_16_BD-copie.jpg\" \/>\n\t<meta property=\"og:image:width\" content=\"571\" \/>\n\t<meta property=\"og:image:height\" content=\"799\" \/>\n\t<meta property=\"og:image:type\" content=\"image\/jpeg\" \/>\n<meta name=\"author\" content=\"Ericka Weidmann\" \/>\n<meta name=\"twitter:card\" content=\"summary_large_image\" \/>\n<meta name=\"twitter:label1\" content=\"Written by\" \/>\n\t<meta name=\"twitter:data1\" content=\"Ericka Weidmann\" \/>\n\t<meta name=\"twitter:label2\" content=\"Est. reading time\" \/>\n\t<meta name=\"twitter:data2\" content=\"1 minute\" \/>\n<script type=\"application\/ld+json\" class=\"yoast-schema-graph\">{\"@context\":\"https:\/\/schema.org\",\"@graph\":[{\"@type\":\"WebPage\",\"@id\":\"https:\/\/www.pictofoundation.fr\/en\/les-laureats-du-prix-picto-de-la-photographie-de-mode-2024\/\",\"url\":\"https:\/\/www.pictofoundation.fr\/en\/les-laureats-du-prix-picto-de-la-photographie-de-mode-2024\/\",\"name\":\"Laureates of 2024 Prix Picto de la Mode - Picto Foundation\",\"isPartOf\":{\"@id\":\"https:\/\/www.pictofoundation.fr\/en\/#website\"},\"primaryImageOfPage\":{\"@id\":\"https:\/\/www.pictofoundation.fr\/en\/les-laureats-du-prix-picto-de-la-photographie-de-mode-2024\/#primaryimage\"},\"image\":{\"@id\":\"https:\/\/www.pictofoundation.fr\/en\/les-laureats-du-prix-picto-de-la-photographie-de-mode-2024\/#primaryimage\"},\"thumbnailUrl\":\"https:\/\/www.pictofoundation.fr\/wp-content\/uploads\/2024\/04\/YAMA_NDIAYE_NATAAL_16_BD-copie.jpg\",\"datePublished\":\"2024-06-06T05:00:31+00:00\",\"dateModified\":\"2024-06-10T09:33:13+00:00\",\"author\":{\"@id\":\"https:\/\/www.pictofoundation.fr\/en\/#\/schema\/person\/b80b86e5bfdeda634261a6b76495817c\"},\"breadcrumb\":{\"@id\":\"https:\/\/www.pictofoundation.fr\/en\/les-laureats-du-prix-picto-de-la-photographie-de-mode-2024\/#breadcrumb\"},\"inLanguage\":\"en-US\",\"potentialAction\":[{\"@type\":\"ReadAction\",\"target\":[\"https:\/\/www.pictofoundation.fr\/en\/les-laureats-du-prix-picto-de-la-photographie-de-mode-2024\/\"]}]},{\"@type\":\"ImageObject\",\"inLanguage\":\"en-US\",\"@id\":\"https:\/\/www.pictofoundation.fr\/en\/les-laureats-du-prix-picto-de-la-photographie-de-mode-2024\/#primaryimage\",\"url\":\"https:\/\/www.pictofoundation.fr\/wp-content\/uploads\/2024\/04\/YAMA_NDIAYE_NATAAL_16_BD-copie.jpg\",\"contentUrl\":\"https:\/\/www.pictofoundation.fr\/wp-content\/uploads\/2024\/04\/YAMA_NDIAYE_NATAAL_16_BD-copie.jpg\",\"width\":571,\"height\":799},{\"@type\":\"BreadcrumbList\",\"@id\":\"https:\/\/www.pictofoundation.fr\/en\/les-laureats-du-prix-picto-de-la-photographie-de-mode-2024\/#breadcrumb\",\"itemListElement\":[{\"@type\":\"ListItem\",\"position\":1,\"name\":\"Accueil\",\"item\":\"https:\/\/www.pictofoundation.fr\/en\/\"},{\"@type\":\"ListItem\",\"position\":2,\"name\":\"Laureates of 2024 Prix Picto de la Mode\"}]},{\"@type\":\"WebSite\",\"@id\":\"https:\/\/www.pictofoundation.fr\/en\/#website\",\"url\":\"https:\/\/www.pictofoundation.fr\/en\/\",\"name\":\"Picto Foundation\",\"description\":\"Site de la fondation Picto, Groupe Picto\",\"potentialAction\":[{\"@type\":\"SearchAction\",\"target\":{\"@type\":\"EntryPoint\",\"urlTemplate\":\"https:\/\/www.pictofoundation.fr\/en\/?s={search_term_string}\"},\"query-input\":{\"@type\":\"PropertyValueSpecification\",\"valueRequired\":true,\"valueName\":\"search_term_string\"}}],\"inLanguage\":\"en-US\"},{\"@type\":\"Person\",\"@id\":\"https:\/\/www.pictofoundation.fr\/en\/#\/schema\/person\/b80b86e5bfdeda634261a6b76495817c\",\"name\":\"Ericka Weidmann\",\"url\":\"https:\/\/www.pictofoundation.fr\/en\/author\/ericka\/\"}]}<\/script>\n<!-- \/ Yoast SEO plugin. -->","yoast_head_json":{"title":"Laureates of 2024 Prix Picto de la Mode - Picto Foundation","robots":{"index":"index","follow":"follow","max-snippet":"max-snippet:-1","max-image-preview":"max-image-preview:large","max-video-preview":"max-video-preview:-1"},"canonical":"https:\/\/www.pictofoundation.fr\/en\/les-laureats-du-prix-picto-de-la-photographie-de-mode-2024\/","og_locale":"en_US","og_type":"article","og_title":"Laureates of 2024 Prix Picto de la Mode - Picto Foundation","og_description":"L'appel \u00e0 candidatures de la 26\u00e8me \u00e9dition du Prix Picto de la Photographie de Mode s'est cl\u00f4tur\u00e9 le 17 mars dernier, les dossiers des 24 finalistes ont \u00e9t\u00e9 pr\u00e9sent\u00e9s \u00e0 un jury pr\u00e9sid\u00e9 par Alexandre Mattiussi compos\u00e9s de professionnels du monde de la mode et de la photographie. La c\u00e9r\u00e9monie de remise des prix a eu lieu le mercredi 5 juin mai au Palais Galliera, Mus\u00e9e de la Mode de Paris pour remettre les quatre prix et une mention sp\u00e9ciale. C'est la photographe franco-s\u00e9n\u00e9galaise Yama Ndiaye qui remporte le Grand Prix Picto de la Photographie de Mode 2024. D\u00e9couvrez tous le palmar\u00e8s.","og_url":"https:\/\/www.pictofoundation.fr\/en\/les-laureats-du-prix-picto-de-la-photographie-de-mode-2024\/","og_site_name":"Picto Foundation","article_published_time":"2024-06-06T05:00:31+00:00","article_modified_time":"2024-06-10T09:33:13+00:00","og_image":[{"width":571,"height":799,"url":"https:\/\/www.pictofoundation.fr\/wp-content\/uploads\/2024\/04\/YAMA_NDIAYE_NATAAL_16_BD-copie.jpg","type":"image\/jpeg"}],"author":"Ericka Weidmann","twitter_card":"summary_large_image","twitter_misc":{"Written by":"Ericka Weidmann","Est. reading time":"1 minute"},"schema":{"@context":"https:\/\/schema.org","@graph":[{"@type":"WebPage","@id":"https:\/\/www.pictofoundation.fr\/en\/les-laureats-du-prix-picto-de-la-photographie-de-mode-2024\/","url":"https:\/\/www.pictofoundation.fr\/en\/les-laureats-du-prix-picto-de-la-photographie-de-mode-2024\/","name":"Laureates of 2024 Prix Picto de la Mode - Picto Foundation","isPartOf":{"@id":"https:\/\/www.pictofoundation.fr\/en\/#website"},"primaryImageOfPage":{"@id":"https:\/\/www.pictofoundation.fr\/en\/les-laureats-du-prix-picto-de-la-photographie-de-mode-2024\/#primaryimage"},"image":{"@id":"https:\/\/www.pictofoundation.fr\/en\/les-laureats-du-prix-picto-de-la-photographie-de-mode-2024\/#primaryimage"},"thumbnailUrl":"https:\/\/www.pictofoundation.fr\/wp-content\/uploads\/2024\/04\/YAMA_NDIAYE_NATAAL_16_BD-copie.jpg","datePublished":"2024-06-06T05:00:31+00:00","dateModified":"2024-06-10T09:33:13+00:00","author":{"@id":"https:\/\/www.pictofoundation.fr\/en\/#\/schema\/person\/b80b86e5bfdeda634261a6b76495817c"},"breadcrumb":{"@id":"https:\/\/www.pictofoundation.fr\/en\/les-laureats-du-prix-picto-de-la-photographie-de-mode-2024\/#breadcrumb"},"inLanguage":"en-US","potentialAction":[{"@type":"ReadAction","target":["https:\/\/www.pictofoundation.fr\/en\/les-laureats-du-prix-picto-de-la-photographie-de-mode-2024\/"]}]},{"@type":"ImageObject","inLanguage":"en-US","@id":"https:\/\/www.pictofoundation.fr\/en\/les-laureats-du-prix-picto-de-la-photographie-de-mode-2024\/#primaryimage","url":"https:\/\/www.pictofoundation.fr\/wp-content\/uploads\/2024\/04\/YAMA_NDIAYE_NATAAL_16_BD-copie.jpg","contentUrl":"https:\/\/www.pictofoundation.fr\/wp-content\/uploads\/2024\/04\/YAMA_NDIAYE_NATAAL_16_BD-copie.jpg","width":571,"height":799},{"@type":"BreadcrumbList","@id":"https:\/\/www.pictofoundation.fr\/en\/les-laureats-du-prix-picto-de-la-photographie-de-mode-2024\/#breadcrumb","itemListElement":[{"@type":"ListItem","position":1,"name":"Accueil","item":"https:\/\/www.pictofoundation.fr\/en\/"},{"@type":"ListItem","position":2,"name":"Laureates of 2024 Prix Picto de la Mode"}]},{"@type":"WebSite","@id":"https:\/\/www.pictofoundation.fr\/en\/#website","url":"https:\/\/www.pictofoundation.fr\/en\/","name":"Picto Foundation","description":"Site de la fondation Picto, Groupe Picto","potentialAction":[{"@type":"SearchAction","target":{"@type":"EntryPoint","urlTemplate":"https:\/\/www.pictofoundation.fr\/en\/?s={search_term_string}"},"query-input":{"@type":"PropertyValueSpecification","valueRequired":true,"valueName":"search_term_string"}}],"inLanguage":"en-US"},{"@type":"Person","@id":"https:\/\/www.pictofoundation.fr\/en\/#\/schema\/person\/b80b86e5bfdeda634261a6b76495817c","name":"Ericka Weidmann","url":"https:\/\/www.pictofoundation.fr\/en\/author\/ericka\/"}]}},"_links":{"self":[{"href":"https:\/\/www.pictofoundation.fr\/en\/wp-json\/wp\/v2\/posts\/12172","targetHints":{"allow":["GET"]}}],"collection":[{"href":"https:\/\/www.pictofoundation.fr\/en\/wp-json\/wp\/v2\/posts"}],"about":[{"href":"https:\/\/www.pictofoundation.fr\/en\/wp-json\/wp\/v2\/types\/post"}],"author":[{"embeddable":true,"href":"https:\/\/www.pictofoundation.fr\/en\/wp-json\/wp\/v2\/users\/3"}],"replies":[{"embeddable":true,"href":"https:\/\/www.pictofoundation.fr\/en\/wp-json\/wp\/v2\/comments?post=12172"}],"version-history":[{"count":0,"href":"https:\/\/www.pictofoundation.fr\/en\/wp-json\/wp\/v2\/posts\/12172\/revisions"}],"wp:featuredmedia":[{"embeddable":true,"href":"https:\/\/www.pictofoundation.fr\/en\/wp-json\/wp\/v2\/media\/11461"}],"wp:attachment":[{"href":"https:\/\/www.pictofoundation.fr\/en\/wp-json\/wp\/v2\/media?parent=12172"}],"wp:term":[{"taxonomy":"category","embeddable":true,"href":"https:\/\/www.pictofoundation.fr\/en\/wp-json\/wp\/v2\/categories?post=12172"},{"taxonomy":"post_tag","embeddable":true,"href":"https:\/\/www.pictofoundation.fr\/en\/wp-json\/wp\/v2\/tags?post=12172"}],"curies":[{"name":"wp","href":"https:\/\/api.w.org\/{rel}","templated":true}]}}