{"id":12185,"date":"2020-06-02T16:02:29","date_gmt":"2020-06-02T14:02:29","guid":{"rendered":"https:\/\/www.pictofoundation.fr\/promenades-photographiques-de-vendome-2020\/"},"modified":"2024-05-29T13:50:53","modified_gmt":"2024-05-29T11:50:53","slug":"promenades-photographiques-de-vendome-2020","status":"publish","type":"post","link":"https:\/\/www.pictofoundation.fr\/en\/promenades-photographiques-de-vendome-2020\/","title":{"rendered":"The Promenades Photographiques de Vend\u00f4me 2020"},"content":{"rendered":"<p class=\"p1\">The 2020 edition of the Promenades Photographiques de Vend\u00f4me has been slightly modified by government measures related to the covid-19 health crisis. Usually inaugurated in mid-June, this year, the festival will open its doors to the public in mid-July and the 30 exhibitions, on the theme of the Far East, will be visible until September 20.<\/p>\n<p class=\"p1\">Part of the previously unpublished programming will be presented for the first time in Europe. Also new for this 2020 year, three new places are associated with an initiative called \u201cConvergence\u201d. Exhibitions will be visible at the Ch\u00e2teau de Meslay, the Domaine du Plessis Sasni\u00e8res and the Fondation du Doute.<\/p>\n<p>\u2013 EXHIBITIONS \u2013<\/p>\n<p>MAX PAM Sea of love<br \/>\nALBARR\u00c1N &amp; CABRERA The Mouth of Krishna<br \/>\nCUCHI WHITE Les incongruit\u00e9s du r\u00e9el<br \/>\nYANN STOFER Hokkaido<br \/>\nALEX HUANFA CHENG Chinese Wonderland<br \/>\nLAWRENCE SUMULANG Manila Gothic<br \/>\nKENSAKU SEKI Gokab<br \/>\nTSUTMOTU YAMAGATA Ten Disciples<br \/>\nYAN MORVAN BBK<br \/>\nWIKTORIA WOJCIECHOWSKA Short Flashes<br \/>\nMAKI UMABA Futari<br \/>\nMI-YEON I and Thou<br \/>\nMARVIN TANG Stateland<br \/>\nE.ARFEUIL &amp; A. LIEBERT Scars of Cambodia. Un pass\u00e9 sous silence<br \/>\nALEXANDRE DUPEYRON Runners of the Future<br \/>\nFR\u00c9D\u00c9RIC STUCIN Sumatra, Indon\u00e9sie<br \/>\nAKIHIRO SHIROZA Glorification of the dead<br \/>\nALAIN LE BACQUER Ren<br \/>\nLAURA BONNEFOUS Failles<\/p>\n<p>\u2022 Prizes<br \/>\nBOURSE DES AMIS DU MUS\u00c9E ALBERT-KAHN Laureates :<br \/>\nJULIE FRANCHET Esprit de famille-Arm\u00e9nie<br \/>\nYULIA GRIGORYANTS Cosmic Solitude<br \/>\nALEKSEY MYAKISHEV Le nord russe<br \/>\nPRIX MARK GROSSET<\/p>\n<p>\u2022 Les v\u00e9g\u00e9tales exhibition<br \/>\nALINE H\u00c9AU L\u2019herbier bleu<br \/>\nJEAN-PAUL TEXIER Monde agit\u00e9<br \/>\nPASCAL GO\u00cbT Pareidolia<br \/>\nVIRGINIE SUERES Water beings<br \/>\nMICHEL GANTNER Nuits v\u00e9g\u00e9tales<br \/>\nCYRUS CORNUT Lost in the Forest<\/p>\n<p>\u2013 COMMIT TO EDUCATION \u2013<\/p>\n<p>To nourish the field of ideas, strengthen critical thinking and social cohesion, create dialogue between multiple horizons, culture, art and education remain a crying necessity. Since 2005, Promenades Photographiques have been keen to maintain and transmit their commitment to art and education. Through two experimental laboratories, the Atelier des Photos Et des Mots and the International Campus and the Mark Grosset Prize, the festival perpetuates its photographic mission by articulating a tenuous relationship between culture and education, these essentials that the festival supports and defends. .<br \/>\nThe PICTO laboratory is a partner of this event.<\/p>\n<p><a href=\"https:\/\/promenadesphotographiques.com\/\" target=\"_blank\" rel=\"noopener\">https:\/\/promenadesphotographiques.com\/<\/a><\/p>\n<p>Cover picture: The Mouth of Krishna \u00a9 ALBARR\u00c1N &#038; CABRERA<\/p>\n","protected":false},"excerpt":{"rendered":"<p>The 2020 edition of the Promenades Photographiques de Vend\u00f4me has been slightly modified by government measures related to the covid-19 health crisis. Usually inaugurated in mid-June, this year, the festival will open its doors to the public in mid-July and the 30 exhibitions, on the theme of the Far East, will be visible until September [&hellip;]<\/p>\n","protected":false},"author":3,"featured_media":6638,"comment_status":"closed","ping_status":"open","sticky":false,"template":"single-post-style-2.php","format":"standard","meta":{"_acf_changed":false,"_vp_format_video_url":"","_vp_image_focal_point":[],"footnotes":""},"categories":[134],"tags":[136,138],"class_list":["post-12185","post","type-post","status-publish","format-standard","has-post-thumbnail","hentry","category-festival-en","tag-festival-en","tag-promenades-photographiques-de-vendome-en"],"acf":[],"yoast_head":"<!-- This site is optimized with the Yoast SEO plugin v25.4 - https:\/\/yoast.com\/wordpress\/plugins\/seo\/ -->\n<title>The Promenades Photographiques de Vend\u00f4me 2020 - Picto Foundation<\/title>\n<meta name=\"robots\" content=\"index, follow, max-snippet:-1, max-image-preview:large, max-video-preview:-1\" \/>\n<link rel=\"canonical\" href=\"https:\/\/www.pictofoundation.fr\/en\/promenades-photographiques-de-vendome-2020\/\" \/>\n<meta property=\"og:locale\" content=\"en_US\" \/>\n<meta property=\"og:type\" content=\"article\" \/>\n<meta property=\"og:title\" content=\"The Promenades Photographiques de Vend\u00f4me 2020 - Picto Foundation\" \/>\n<meta property=\"og:description\" content=\"The 2020 edition of the Promenades Photographiques de Vend\u00f4me has been slightly modified by government measures related to the covid-19 health crisis. Usually inaugurated in mid-June, this year, the festival will open its doors to the public in mid-July and the 30 exhibitions, on the theme of the Far East, will be visible until September [&hellip;]\" \/>\n<meta property=\"og:url\" content=\"https:\/\/www.pictofoundation.fr\/en\/promenades-photographiques-de-vendome-2020\/\" \/>\n<meta property=\"og:site_name\" content=\"Picto Foundation\" \/>\n<meta property=\"article:published_time\" content=\"2020-06-02T14:02:29+00:00\" \/>\n<meta property=\"article:modified_time\" content=\"2024-05-29T11:50:53+00:00\" \/>\n<meta property=\"og:image\" content=\"https:\/\/www.pictofoundation.fr\/wp-content\/uploads\/2021\/07\/ALBARRaN-CABRERA.jpeg\" \/>\n\t<meta property=\"og:image:width\" content=\"2000\" \/>\n\t<meta property=\"og:image:height\" content=\"1333\" \/>\n\t<meta property=\"og:image:type\" content=\"image\/jpeg\" \/>\n<meta name=\"author\" content=\"Ericka Weidmann\" \/>\n<meta name=\"twitter:card\" content=\"summary_large_image\" \/>\n<meta name=\"twitter:label1\" content=\"Written by\" \/>\n\t<meta name=\"twitter:data1\" content=\"Ericka Weidmann\" \/>\n\t<meta name=\"twitter:label2\" content=\"Est. reading time\" \/>\n\t<meta name=\"twitter:data2\" content=\"2 minutes\" \/>\n<script type=\"application\/ld+json\" class=\"yoast-schema-graph\">{\"@context\":\"https:\/\/schema.org\",\"@graph\":[{\"@type\":\"WebPage\",\"@id\":\"https:\/\/www.pictofoundation.fr\/en\/promenades-photographiques-de-vendome-2020\/\",\"url\":\"https:\/\/www.pictofoundation.fr\/en\/promenades-photographiques-de-vendome-2020\/\",\"name\":\"The Promenades Photographiques de Vend\u00f4me 2020 - Picto Foundation\",\"isPartOf\":{\"@id\":\"https:\/\/www.pictofoundation.fr\/en\/#website\"},\"primaryImageOfPage\":{\"@id\":\"https:\/\/www.pictofoundation.fr\/en\/promenades-photographiques-de-vendome-2020\/#primaryimage\"},\"image\":{\"@id\":\"https:\/\/www.pictofoundation.fr\/en\/promenades-photographiques-de-vendome-2020\/#primaryimage\"},\"thumbnailUrl\":\"https:\/\/www.pictofoundation.fr\/wp-content\/uploads\/2021\/07\/ALBARRaN-CABRERA.jpeg\",\"datePublished\":\"2020-06-02T14:02:29+00:00\",\"dateModified\":\"2024-05-29T11:50:53+00:00\",\"author\":{\"@id\":\"https:\/\/www.pictofoundation.fr\/en\/#\/schema\/person\/b80b86e5bfdeda634261a6b76495817c\"},\"breadcrumb\":{\"@id\":\"https:\/\/www.pictofoundation.fr\/en\/promenades-photographiques-de-vendome-2020\/#breadcrumb\"},\"inLanguage\":\"en-US\",\"potentialAction\":[{\"@type\":\"ReadAction\",\"target\":[\"https:\/\/www.pictofoundation.fr\/en\/promenades-photographiques-de-vendome-2020\/\"]}]},{\"@type\":\"ImageObject\",\"inLanguage\":\"en-US\",\"@id\":\"https:\/\/www.pictofoundation.fr\/en\/promenades-photographiques-de-vendome-2020\/#primaryimage\",\"url\":\"https:\/\/www.pictofoundation.fr\/wp-content\/uploads\/2021\/07\/ALBARRaN-CABRERA.jpeg\",\"contentUrl\":\"https:\/\/www.pictofoundation.fr\/wp-content\/uploads\/2021\/07\/ALBARRaN-CABRERA.jpeg\",\"width\":2000,\"height\":1333,\"caption\":\"The Mouth of Krishna \u00a9 ALBARR\u00c1N & CABRERA\"},{\"@type\":\"BreadcrumbList\",\"@id\":\"https:\/\/www.pictofoundation.fr\/en\/promenades-photographiques-de-vendome-2020\/#breadcrumb\",\"itemListElement\":[{\"@type\":\"ListItem\",\"position\":1,\"name\":\"Accueil\",\"item\":\"https:\/\/www.pictofoundation.fr\/en\/\"},{\"@type\":\"ListItem\",\"position\":2,\"name\":\"The Promenades Photographiques de Vend\u00f4me 2020\"}]},{\"@type\":\"WebSite\",\"@id\":\"https:\/\/www.pictofoundation.fr\/en\/#website\",\"url\":\"https:\/\/www.pictofoundation.fr\/en\/\",\"name\":\"Picto Foundation\",\"description\":\"Site de la fondation Picto, Groupe Picto\",\"potentialAction\":[{\"@type\":\"SearchAction\",\"target\":{\"@type\":\"EntryPoint\",\"urlTemplate\":\"https:\/\/www.pictofoundation.fr\/en\/?s={search_term_string}\"},\"query-input\":{\"@type\":\"PropertyValueSpecification\",\"valueRequired\":true,\"valueName\":\"search_term_string\"}}],\"inLanguage\":\"en-US\"},{\"@type\":\"Person\",\"@id\":\"https:\/\/www.pictofoundation.fr\/en\/#\/schema\/person\/b80b86e5bfdeda634261a6b76495817c\",\"name\":\"Ericka Weidmann\",\"url\":\"https:\/\/www.pictofoundation.fr\/en\/author\/ericka\/\"}]}<\/script>\n<!-- \/ Yoast SEO plugin. -->","yoast_head_json":{"title":"The Promenades Photographiques de Vend\u00f4me 2020 - Picto Foundation","robots":{"index":"index","follow":"follow","max-snippet":"max-snippet:-1","max-image-preview":"max-image-preview:large","max-video-preview":"max-video-preview:-1"},"canonical":"https:\/\/www.pictofoundation.fr\/en\/promenades-photographiques-de-vendome-2020\/","og_locale":"en_US","og_type":"article","og_title":"The Promenades Photographiques de Vend\u00f4me 2020 - Picto Foundation","og_description":"The 2020 edition of the Promenades Photographiques de Vend\u00f4me has been slightly modified by government measures related to the covid-19 health crisis. Usually inaugurated in mid-June, this year, the festival will open its doors to the public in mid-July and the 30 exhibitions, on the theme of the Far East, will be visible until September [&hellip;]","og_url":"https:\/\/www.pictofoundation.fr\/en\/promenades-photographiques-de-vendome-2020\/","og_site_name":"Picto Foundation","article_published_time":"2020-06-02T14:02:29+00:00","article_modified_time":"2024-05-29T11:50:53+00:00","og_image":[{"width":2000,"height":1333,"url":"https:\/\/www.pictofoundation.fr\/wp-content\/uploads\/2021\/07\/ALBARRaN-CABRERA.jpeg","type":"image\/jpeg"}],"author":"Ericka Weidmann","twitter_card":"summary_large_image","twitter_misc":{"Written by":"Ericka Weidmann","Est. reading time":"2 minutes"},"schema":{"@context":"https:\/\/schema.org","@graph":[{"@type":"WebPage","@id":"https:\/\/www.pictofoundation.fr\/en\/promenades-photographiques-de-vendome-2020\/","url":"https:\/\/www.pictofoundation.fr\/en\/promenades-photographiques-de-vendome-2020\/","name":"The Promenades Photographiques de Vend\u00f4me 2020 - Picto Foundation","isPartOf":{"@id":"https:\/\/www.pictofoundation.fr\/en\/#website"},"primaryImageOfPage":{"@id":"https:\/\/www.pictofoundation.fr\/en\/promenades-photographiques-de-vendome-2020\/#primaryimage"},"image":{"@id":"https:\/\/www.pictofoundation.fr\/en\/promenades-photographiques-de-vendome-2020\/#primaryimage"},"thumbnailUrl":"https:\/\/www.pictofoundation.fr\/wp-content\/uploads\/2021\/07\/ALBARRaN-CABRERA.jpeg","datePublished":"2020-06-02T14:02:29+00:00","dateModified":"2024-05-29T11:50:53+00:00","author":{"@id":"https:\/\/www.pictofoundation.fr\/en\/#\/schema\/person\/b80b86e5bfdeda634261a6b76495817c"},"breadcrumb":{"@id":"https:\/\/www.pictofoundation.fr\/en\/promenades-photographiques-de-vendome-2020\/#breadcrumb"},"inLanguage":"en-US","potentialAction":[{"@type":"ReadAction","target":["https:\/\/www.pictofoundation.fr\/en\/promenades-photographiques-de-vendome-2020\/"]}]},{"@type":"ImageObject","inLanguage":"en-US","@id":"https:\/\/www.pictofoundation.fr\/en\/promenades-photographiques-de-vendome-2020\/#primaryimage","url":"https:\/\/www.pictofoundation.fr\/wp-content\/uploads\/2021\/07\/ALBARRaN-CABRERA.jpeg","contentUrl":"https:\/\/www.pictofoundation.fr\/wp-content\/uploads\/2021\/07\/ALBARRaN-CABRERA.jpeg","width":2000,"height":1333,"caption":"The Mouth of Krishna \u00a9 ALBARR\u00c1N & CABRERA"},{"@type":"BreadcrumbList","@id":"https:\/\/www.pictofoundation.fr\/en\/promenades-photographiques-de-vendome-2020\/#breadcrumb","itemListElement":[{"@type":"ListItem","position":1,"name":"Accueil","item":"https:\/\/www.pictofoundation.fr\/en\/"},{"@type":"ListItem","position":2,"name":"The Promenades Photographiques de Vend\u00f4me 2020"}]},{"@type":"WebSite","@id":"https:\/\/www.pictofoundation.fr\/en\/#website","url":"https:\/\/www.pictofoundation.fr\/en\/","name":"Picto Foundation","description":"Site de la fondation Picto, Groupe Picto","potentialAction":[{"@type":"SearchAction","target":{"@type":"EntryPoint","urlTemplate":"https:\/\/www.pictofoundation.fr\/en\/?s={search_term_string}"},"query-input":{"@type":"PropertyValueSpecification","valueRequired":true,"valueName":"search_term_string"}}],"inLanguage":"en-US"},{"@type":"Person","@id":"https:\/\/www.pictofoundation.fr\/en\/#\/schema\/person\/b80b86e5bfdeda634261a6b76495817c","name":"Ericka Weidmann","url":"https:\/\/www.pictofoundation.fr\/en\/author\/ericka\/"}]}},"_links":{"self":[{"href":"https:\/\/www.pictofoundation.fr\/en\/wp-json\/wp\/v2\/posts\/12185","targetHints":{"allow":["GET"]}}],"collection":[{"href":"https:\/\/www.pictofoundation.fr\/en\/wp-json\/wp\/v2\/posts"}],"about":[{"href":"https:\/\/www.pictofoundation.fr\/en\/wp-json\/wp\/v2\/types\/post"}],"author":[{"embeddable":true,"href":"https:\/\/www.pictofoundation.fr\/en\/wp-json\/wp\/v2\/users\/3"}],"replies":[{"embeddable":true,"href":"https:\/\/www.pictofoundation.fr\/en\/wp-json\/wp\/v2\/comments?post=12185"}],"version-history":[{"count":0,"href":"https:\/\/www.pictofoundation.fr\/en\/wp-json\/wp\/v2\/posts\/12185\/revisions"}],"wp:featuredmedia":[{"embeddable":true,"href":"https:\/\/www.pictofoundation.fr\/en\/wp-json\/wp\/v2\/media\/6638"}],"wp:attachment":[{"href":"https:\/\/www.pictofoundation.fr\/en\/wp-json\/wp\/v2\/media?parent=12185"}],"wp:term":[{"taxonomy":"category","embeddable":true,"href":"https:\/\/www.pictofoundation.fr\/en\/wp-json\/wp\/v2\/categories?post=12185"},{"taxonomy":"post_tag","embeddable":true,"href":"https:\/\/www.pictofoundation.fr\/en\/wp-json\/wp\/v2\/tags?post=12185"}],"curies":[{"name":"wp","href":"https:\/\/api.w.org\/{rel}","templated":true}]}}