{"id":12201,"date":"2021-11-02T17:11:01","date_gmt":"2021-11-02T16:11:01","guid":{"rendered":"https:\/\/www.pictofoundation.fr\/restitution-du-programme-de-mentorat-les-filles-de-la-photo\/"},"modified":"2024-05-29T16:17:33","modified_gmt":"2024-05-29T14:17:33","slug":"restitution-du-programme-de-mentorat-les-filles-de-la-photo","status":"publish","type":"post","link":"https:\/\/www.pictofoundation.fr\/en\/restitution-du-programme-de-mentorat-les-filles-de-la-photo\/","title":{"rendered":"Restitution of Les Filles de la Photo mentoring program"},"content":{"rendered":"<h2>As part of the PhotoSaintGermain event, the Les Filles de la Photo association presents to the public the restitution of the first mentoring program. For a year, five women photographers were accompanied by godmothers from the world of photography. Each project was carried out as part of this sororal support. From November 4 to 20, the five photographers \u2013 Anne-Lou Buzot, Am\u00e9lie Chassary, Juliette-Andrea Elie, Camille Gharbi and Elsa Leydier \u2013 exhibit at the Galerie des femmes, in Paris.<\/h2>\n<p>&nbsp;<\/p>\n<p><strong>The Tilted Horizon Theory<\/strong><br \/>\n<strong>Anne-Lou Buzot<\/strong><\/p>\n<p>The Tilted Horizon Theory is a project inspired by flatist theories (according to which the Earth is flat). It is a question of questioning \u2013 not without humor and derision \u2013 the framing of the image as such as well as the evidentiary value attributed to the photographs. The whole thing begins like a fable: in 2019, Anne-Lou Buzot finds a cardboard box in the cellar of a family home. Inside, carefully recorded photographic documents. Most belong to a curious institution, The New Inclined Horizon Society. The photographer then opens a photographic investigation which allows us to retrace the history of this incongruous theory and these\u2026 stunning images.<\/p>\n<p>Godmothers<br \/>\n<strong>Rapha\u00eble Bertho, Lecturer in Arts, Exhibition Curator<br \/>\nEmilia Genuardi, Founder of salon A PPR OC HE &#038; Director of CCR OC HE \/ Cultural Conten<\/strong>t<\/p>\n<p><strong> Autumn Flora, Impressions of a Wild Nature <\/strong><br \/>\n<strong>Am\u00e9lie Chassary<\/strong><\/p>\n<p>Flore d\u2019Automne is like a poem where nature awakens every day of autumn. Am\u00e9lie Chassary went to explore the forests of Bourgogne Franche Comt\u00e9 to glean the hues of these spectacular months, where nature passes from life to death in a drape of ever-changing colors. Branches, mushrooms and berries are captured in the workshop under the light of day, the brushes then come to tickle the leaves of the trees. From the outside to the intimate, from photography to painting, Am\u00e9lie Chassary humbly reminds us of the enchanting power of this familiar nature<\/p>\n<p>Godmothers<br \/>\n<em>Julie Champin, Cultural projects coordination \u2013 Art purchase \/ Regard Suspendu<br \/>\nCl\u00e9mentine de la F\u00e9ronni\u00e8re, Gallerist and publisher, Cl\u00e9mentine de la F\u00e9ronni\u00e8re gallery \/ Maison CF<\/em><\/p>\n<p><strong>FIRE)(SCAPES<\/strong><br \/>\n<strong>Juliette-Andr\u00e9a Elie<\/strong><\/p>\n<p>The planet is burning spectacularly. The bush and those who inhabit the forests of Victoria went up in smoke in 2019, and the images taken by Juliette-And\u00e9a Elie just three years earlier on these territories too quickly became the archives of a vanished world. Without giving in to the temptation of nostalgic evocation, the photographer seizes this state of affairs to plastically question this tragic shift. The images are colonized with scientific data, duplicate and overlap to evoke the overlapping and fragility of our ecosystems. A veritable constellation of singular photographic objects that weave poetic paths between the beginning of disasters and the fertility of life.<\/p>\n<p>Godmothers<br \/>\n<em>Val\u00e9rie Henry, Artist Agent<br \/>\nCaroline Stein, Patronage Manager \/ Neuflize OBC Bank<\/em><\/p>\n<p><strong>Camille Gharbi<\/strong><br \/>\n<strong> Monsters don&#8217;t exist <\/strong><\/p>\n<p>This photographic work highlights the perpetrators of violent acts within couples, who are engaged in a process of reflection on taking responsibility for the acts they have committed. Through these people, our entire society faces its own violence. Violent spouses are not monsters living on the margins, but individuals who are most often very well integrated into the world in which they live. Their actions, due to their systemic aspect, speak to us about our world, its brutality, its injustice. This series is the second part of a long-term project that Camille Gharbi devotes to domestic violence, initiated with \u201cPreuves d\u2019amour\u201d. The extracts from this series were produced with inmates from the Vivonne penitentiary center, in the Vienne, in spring 2021, thanks to the support of SPIP86.<\/p>\n<p>Godmothers<br \/>\n<em>Corinna Schack, Photographers Agent \/ PHOM<br \/>\nV\u00e9ronique Prugnaud, Editorial and Development Director \/ The Eyes and The Eyes +<\/em><\/p>\n<p><strong>Les D\u00e9sob\u00e9issances<\/strong><br \/>\nLes D\u00e9sob\u00e9issances (the disobediences) presents itself in the form of a photographic ecosystem which unfolds around the idea of \u200b\u200becofeminism &#8211; the thought that the oppression of women and the oppression of Nature find their source in the same causes, and that the liberation of each of them can only function if the other is liberated at the same time, as well as of all other types of oppression that govern the world. A complex set of relationships that the photographer attempts to map and then highlight in installations. An essay which constitutes a form of breeding ground, rich in paths which will take root or remain in seed form. The Brands, one of the first parts of the work, establishes a parallel between the control of life by giant seed seller and the control of women&#8217;s bodies in media and advertising imagery.<br \/>\nHere free seeds (or country seeds), prohibited for sale in many countries because they are considered \u201cheterogeneous and unpredictable\u201d, are put in relation to these smooth skins of glossy paper. As it grows, the plant colonizes these faces which find defects, cracks and wrinkles again, as well as the possibility of the random and the unexpected.<\/p>\n<p>Godmothers<br \/>\n<em>Emmanuelle Kouchner, Editor, founder of La Compagnie culturelle<br \/>\nS\u00e9verine Morel, Art Buyer, Image Director and Curator<\/em><\/p>\n<p><strong> Useful information<br \/>\n<\/strong>Les Exp\u00e9rimentales #1<br \/>\nFrom November 4 to 20, 2021<br \/>\nEspace des femmes<br \/>\n35, rue Jacob<br \/>\n75006 Paris<br \/>\n<a href=\"http:\/\/www.lesfillesdelaphoto.com\/portfolio\/lementorat\/\" target=\"_blank\" rel=\"noopener noreferrer\">http:\/\/www.lesfillesdelaphoto.com\/portfolio\/lementorat\/<\/a><\/p>\n","protected":false},"excerpt":{"rendered":"<p>As part of the PhotoSaintGermain event, the Les Filles de la Photo association presents to the public the restitution of the first mentoring program. For a year, five women photographers were accompanied by godmothers from the world of photography. Each project was carried out as part of this sororal support. From November 4 to 20, [&hellip;]<\/p>\n","protected":false},"author":3,"featured_media":6990,"comment_status":"closed","ping_status":"closed","sticky":false,"template":"single-post-style-2.php","format":"standard","meta":{"_acf_changed":false,"_vp_format_video_url":"","_vp_image_focal_point":[],"footnotes":""},"categories":[139],"tags":[140,141,142],"class_list":["post-12201","post","type-post","status-publish","format-standard","has-post-thumbnail","hentry","category-expos-en","tag-accompagner-exposition-en","tag-exposition-en","tag-mentorat-en"],"acf":[],"yoast_head":"<!-- This site is optimized with the Yoast SEO plugin v25.4 - https:\/\/yoast.com\/wordpress\/plugins\/seo\/ -->\n<title>Restitution of Les Filles de la Photo mentoring program - Picto Foundation<\/title>\n<meta name=\"robots\" content=\"index, follow, max-snippet:-1, max-image-preview:large, max-video-preview:-1\" \/>\n<link rel=\"canonical\" href=\"https:\/\/www.pictofoundation.fr\/en\/restitution-du-programme-de-mentorat-les-filles-de-la-photo\/\" \/>\n<meta property=\"og:locale\" content=\"en_US\" \/>\n<meta property=\"og:type\" content=\"article\" \/>\n<meta property=\"og:title\" content=\"Restitution of Les Filles de la Photo mentoring program - Picto Foundation\" \/>\n<meta property=\"og:description\" content=\"As part of the PhotoSaintGermain event, the Les Filles de la Photo association presents to the public the restitution of the first mentoring program. For a year, five women photographers were accompanied by godmothers from the world of photography. Each project was carried out as part of this sororal support. From November 4 to 20, [&hellip;]\" \/>\n<meta property=\"og:url\" content=\"https:\/\/www.pictofoundation.fr\/en\/restitution-du-programme-de-mentorat-les-filles-de-la-photo\/\" \/>\n<meta property=\"og:site_name\" content=\"Picto Foundation\" \/>\n<meta property=\"article:published_time\" content=\"2021-11-02T16:11:01+00:00\" \/>\n<meta property=\"article:modified_time\" content=\"2024-05-29T14:17:33+00:00\" \/>\n<meta property=\"og:image\" content=\"https:\/\/www.pictofoundation.fr\/wp-content\/uploads\/2021\/11\/experimentales-copie.jpeg\" \/>\n\t<meta property=\"og:image:width\" content=\"1024\" \/>\n\t<meta property=\"og:image:height\" content=\"546\" \/>\n\t<meta property=\"og:image:type\" content=\"image\/jpeg\" \/>\n<meta name=\"author\" content=\"Ericka Weidmann\" \/>\n<meta name=\"twitter:card\" content=\"summary_large_image\" \/>\n<meta name=\"twitter:label1\" content=\"Written by\" \/>\n\t<meta name=\"twitter:data1\" content=\"Ericka Weidmann\" \/>\n\t<meta name=\"twitter:label2\" content=\"Est. reading time\" \/>\n\t<meta name=\"twitter:data2\" content=\"4 minutes\" \/>\n<script type=\"application\/ld+json\" class=\"yoast-schema-graph\">{\"@context\":\"https:\/\/schema.org\",\"@graph\":[{\"@type\":\"WebPage\",\"@id\":\"https:\/\/www.pictofoundation.fr\/en\/restitution-du-programme-de-mentorat-les-filles-de-la-photo\/\",\"url\":\"https:\/\/www.pictofoundation.fr\/en\/restitution-du-programme-de-mentorat-les-filles-de-la-photo\/\",\"name\":\"Restitution of Les Filles de la Photo mentoring program - Picto Foundation\",\"isPartOf\":{\"@id\":\"https:\/\/www.pictofoundation.fr\/en\/#website\"},\"primaryImageOfPage\":{\"@id\":\"https:\/\/www.pictofoundation.fr\/en\/restitution-du-programme-de-mentorat-les-filles-de-la-photo\/#primaryimage\"},\"image\":{\"@id\":\"https:\/\/www.pictofoundation.fr\/en\/restitution-du-programme-de-mentorat-les-filles-de-la-photo\/#primaryimage\"},\"thumbnailUrl\":\"https:\/\/www.pictofoundation.fr\/wp-content\/uploads\/2021\/11\/experimentales-copie.jpeg\",\"datePublished\":\"2021-11-02T16:11:01+00:00\",\"dateModified\":\"2024-05-29T14:17:33+00:00\",\"author\":{\"@id\":\"https:\/\/www.pictofoundation.fr\/en\/#\/schema\/person\/b80b86e5bfdeda634261a6b76495817c\"},\"breadcrumb\":{\"@id\":\"https:\/\/www.pictofoundation.fr\/en\/restitution-du-programme-de-mentorat-les-filles-de-la-photo\/#breadcrumb\"},\"inLanguage\":\"en-US\",\"potentialAction\":[{\"@type\":\"ReadAction\",\"target\":[\"https:\/\/www.pictofoundation.fr\/en\/restitution-du-programme-de-mentorat-les-filles-de-la-photo\/\"]}]},{\"@type\":\"ImageObject\",\"inLanguage\":\"en-US\",\"@id\":\"https:\/\/www.pictofoundation.fr\/en\/restitution-du-programme-de-mentorat-les-filles-de-la-photo\/#primaryimage\",\"url\":\"https:\/\/www.pictofoundation.fr\/wp-content\/uploads\/2021\/11\/experimentales-copie.jpeg\",\"contentUrl\":\"https:\/\/www.pictofoundation.fr\/wp-content\/uploads\/2021\/11\/experimentales-copie.jpeg\",\"width\":1024,\"height\":546},{\"@type\":\"BreadcrumbList\",\"@id\":\"https:\/\/www.pictofoundation.fr\/en\/restitution-du-programme-de-mentorat-les-filles-de-la-photo\/#breadcrumb\",\"itemListElement\":[{\"@type\":\"ListItem\",\"position\":1,\"name\":\"Accueil\",\"item\":\"https:\/\/www.pictofoundation.fr\/en\/\"},{\"@type\":\"ListItem\",\"position\":2,\"name\":\"Restitution of Les Filles de la Photo mentoring program\"}]},{\"@type\":\"WebSite\",\"@id\":\"https:\/\/www.pictofoundation.fr\/en\/#website\",\"url\":\"https:\/\/www.pictofoundation.fr\/en\/\",\"name\":\"Picto Foundation\",\"description\":\"Site de la fondation Picto, Groupe Picto\",\"potentialAction\":[{\"@type\":\"SearchAction\",\"target\":{\"@type\":\"EntryPoint\",\"urlTemplate\":\"https:\/\/www.pictofoundation.fr\/en\/?s={search_term_string}\"},\"query-input\":{\"@type\":\"PropertyValueSpecification\",\"valueRequired\":true,\"valueName\":\"search_term_string\"}}],\"inLanguage\":\"en-US\"},{\"@type\":\"Person\",\"@id\":\"https:\/\/www.pictofoundation.fr\/en\/#\/schema\/person\/b80b86e5bfdeda634261a6b76495817c\",\"name\":\"Ericka Weidmann\",\"url\":\"https:\/\/www.pictofoundation.fr\/en\/author\/ericka\/\"}]}<\/script>\n<!-- \/ Yoast SEO plugin. -->","yoast_head_json":{"title":"Restitution of Les Filles de la Photo mentoring program - Picto Foundation","robots":{"index":"index","follow":"follow","max-snippet":"max-snippet:-1","max-image-preview":"max-image-preview:large","max-video-preview":"max-video-preview:-1"},"canonical":"https:\/\/www.pictofoundation.fr\/en\/restitution-du-programme-de-mentorat-les-filles-de-la-photo\/","og_locale":"en_US","og_type":"article","og_title":"Restitution of Les Filles de la Photo mentoring program - Picto Foundation","og_description":"As part of the PhotoSaintGermain event, the Les Filles de la Photo association presents to the public the restitution of the first mentoring program. For a year, five women photographers were accompanied by godmothers from the world of photography. Each project was carried out as part of this sororal support. From November 4 to 20, [&hellip;]","og_url":"https:\/\/www.pictofoundation.fr\/en\/restitution-du-programme-de-mentorat-les-filles-de-la-photo\/","og_site_name":"Picto Foundation","article_published_time":"2021-11-02T16:11:01+00:00","article_modified_time":"2024-05-29T14:17:33+00:00","og_image":[{"width":1024,"height":546,"url":"https:\/\/www.pictofoundation.fr\/wp-content\/uploads\/2021\/11\/experimentales-copie.jpeg","type":"image\/jpeg"}],"author":"Ericka Weidmann","twitter_card":"summary_large_image","twitter_misc":{"Written by":"Ericka Weidmann","Est. reading time":"4 minutes"},"schema":{"@context":"https:\/\/schema.org","@graph":[{"@type":"WebPage","@id":"https:\/\/www.pictofoundation.fr\/en\/restitution-du-programme-de-mentorat-les-filles-de-la-photo\/","url":"https:\/\/www.pictofoundation.fr\/en\/restitution-du-programme-de-mentorat-les-filles-de-la-photo\/","name":"Restitution of Les Filles de la Photo mentoring program - Picto Foundation","isPartOf":{"@id":"https:\/\/www.pictofoundation.fr\/en\/#website"},"primaryImageOfPage":{"@id":"https:\/\/www.pictofoundation.fr\/en\/restitution-du-programme-de-mentorat-les-filles-de-la-photo\/#primaryimage"},"image":{"@id":"https:\/\/www.pictofoundation.fr\/en\/restitution-du-programme-de-mentorat-les-filles-de-la-photo\/#primaryimage"},"thumbnailUrl":"https:\/\/www.pictofoundation.fr\/wp-content\/uploads\/2021\/11\/experimentales-copie.jpeg","datePublished":"2021-11-02T16:11:01+00:00","dateModified":"2024-05-29T14:17:33+00:00","author":{"@id":"https:\/\/www.pictofoundation.fr\/en\/#\/schema\/person\/b80b86e5bfdeda634261a6b76495817c"},"breadcrumb":{"@id":"https:\/\/www.pictofoundation.fr\/en\/restitution-du-programme-de-mentorat-les-filles-de-la-photo\/#breadcrumb"},"inLanguage":"en-US","potentialAction":[{"@type":"ReadAction","target":["https:\/\/www.pictofoundation.fr\/en\/restitution-du-programme-de-mentorat-les-filles-de-la-photo\/"]}]},{"@type":"ImageObject","inLanguage":"en-US","@id":"https:\/\/www.pictofoundation.fr\/en\/restitution-du-programme-de-mentorat-les-filles-de-la-photo\/#primaryimage","url":"https:\/\/www.pictofoundation.fr\/wp-content\/uploads\/2021\/11\/experimentales-copie.jpeg","contentUrl":"https:\/\/www.pictofoundation.fr\/wp-content\/uploads\/2021\/11\/experimentales-copie.jpeg","width":1024,"height":546},{"@type":"BreadcrumbList","@id":"https:\/\/www.pictofoundation.fr\/en\/restitution-du-programme-de-mentorat-les-filles-de-la-photo\/#breadcrumb","itemListElement":[{"@type":"ListItem","position":1,"name":"Accueil","item":"https:\/\/www.pictofoundation.fr\/en\/"},{"@type":"ListItem","position":2,"name":"Restitution of Les Filles de la Photo mentoring program"}]},{"@type":"WebSite","@id":"https:\/\/www.pictofoundation.fr\/en\/#website","url":"https:\/\/www.pictofoundation.fr\/en\/","name":"Picto Foundation","description":"Site de la fondation Picto, Groupe Picto","potentialAction":[{"@type":"SearchAction","target":{"@type":"EntryPoint","urlTemplate":"https:\/\/www.pictofoundation.fr\/en\/?s={search_term_string}"},"query-input":{"@type":"PropertyValueSpecification","valueRequired":true,"valueName":"search_term_string"}}],"inLanguage":"en-US"},{"@type":"Person","@id":"https:\/\/www.pictofoundation.fr\/en\/#\/schema\/person\/b80b86e5bfdeda634261a6b76495817c","name":"Ericka Weidmann","url":"https:\/\/www.pictofoundation.fr\/en\/author\/ericka\/"}]}},"_links":{"self":[{"href":"https:\/\/www.pictofoundation.fr\/en\/wp-json\/wp\/v2\/posts\/12201","targetHints":{"allow":["GET"]}}],"collection":[{"href":"https:\/\/www.pictofoundation.fr\/en\/wp-json\/wp\/v2\/posts"}],"about":[{"href":"https:\/\/www.pictofoundation.fr\/en\/wp-json\/wp\/v2\/types\/post"}],"author":[{"embeddable":true,"href":"https:\/\/www.pictofoundation.fr\/en\/wp-json\/wp\/v2\/users\/3"}],"replies":[{"embeddable":true,"href":"https:\/\/www.pictofoundation.fr\/en\/wp-json\/wp\/v2\/comments?post=12201"}],"version-history":[{"count":0,"href":"https:\/\/www.pictofoundation.fr\/en\/wp-json\/wp\/v2\/posts\/12201\/revisions"}],"wp:featuredmedia":[{"embeddable":true,"href":"https:\/\/www.pictofoundation.fr\/en\/wp-json\/wp\/v2\/media\/6990"}],"wp:attachment":[{"href":"https:\/\/www.pictofoundation.fr\/en\/wp-json\/wp\/v2\/media?parent=12201"}],"wp:term":[{"taxonomy":"category","embeddable":true,"href":"https:\/\/www.pictofoundation.fr\/en\/wp-json\/wp\/v2\/categories?post=12201"},{"taxonomy":"post_tag","embeddable":true,"href":"https:\/\/www.pictofoundation.fr\/en\/wp-json\/wp\/v2\/tags?post=12201"}],"curies":[{"name":"wp","href":"https:\/\/api.w.org\/{rel}","templated":true}]}}