{"id":12202,"date":"2020-10-02T10:00:18","date_gmt":"2020-10-02T08:00:18","guid":{"rendered":"https:\/\/www.pictofoundation.fr\/les-cinq-laureates-du-mentorat-des-filles-de-la-photo\/"},"modified":"2024-05-29T16:14:49","modified_gmt":"2024-05-29T14:14:49","slug":"les-cinq-laureates-du-mentorat-des-filles-de-la-photo","status":"publish","type":"post","link":"https:\/\/www.pictofoundation.fr\/en\/les-cinq-laureates-du-mentorat-des-filles-de-la-photo\/","title":{"rendered":"The five laureates of the Les Filles de la Photo mentoring"},"content":{"rendered":"<h2>The Les Filles de la Photo association and Picto are pleased to announce the winners of the first edition of the mentoring program, the career accelerator dedicated to women photographers.<\/h2>\n<p>The mentoring program for girls in photography was created in response to the Observatoire de la Mixit\u00e9 which highlighted the disparity that exists between men and women photographers on their path to recognition. For its 1st edition, 355 candidates responded to the call for projects launched on May 4, thus confirming the expectation of women photographers to be supported by experts in their project and their recognition journey.<\/p>\n<p><strong>The 5 finalists accompanied by their pair of godmothers are\u00a0:\u00a0<\/strong><\/p>\n<h5><strong><a href=\"https:\/\/julietteandreaelie.com\/\" target=\"_blank\" rel=\"noopener noreferrer\">JULIETTE-ANDR\u00c9A ELIE<\/a><\/strong><\/h5>\n<p><img loading=\"lazy\" decoding=\"async\" class=\"aligncenter size-full wp-image-7053\" src=\"https:\/\/www.pictofoundation.fr\/wp-content\/uploads\/2022\/01\/ELIE-Juliette-Andrea_mentorat_PRESSE.jpeg\" alt=\"\" width=\"567\" height=\"379\" srcset=\"https:\/\/www.pictofoundation.fr\/wp-content\/uploads\/2022\/01\/ELIE-Juliette-Andrea_mentorat_PRESSE.jpeg 567w, https:\/\/www.pictofoundation.fr\/wp-content\/uploads\/2022\/01\/ELIE-Juliette-Andrea_mentorat_PRESSE-300x201.jpeg 300w, https:\/\/www.pictofoundation.fr\/wp-content\/uploads\/2022\/01\/ELIE-Juliette-Andrea_mentorat_PRESSE-500x334.jpeg 500w\" sizes=\"auto, (max-width: 567px) 100vw, 567px\" \/><\/p>\n<p>Godmothers: Val\u00e9rie Henry, Artist Agent<br \/>\n&#038; Caroline Stein, Patronage Manager \/ Neuflize OBC Bank<\/p>\n<h5><a href=\"https:\/\/anneloubuzot.com\/\" target=\"_blank\" rel=\"noopener noreferrer\"><strong>ANNE-LOU BUZOT<\/strong><\/a><\/h5>\n<p><img loading=\"lazy\" decoding=\"async\" class=\"aligncenter size-full wp-image-7054\" src=\"https:\/\/www.pictofoundation.fr\/wp-content\/uploads\/2022\/01\/AnneLouBuzot_TheTiltedHorizonTheory_03.jpeg\" alt=\"\" width=\"425\" height=\"601\" srcset=\"https:\/\/www.pictofoundation.fr\/wp-content\/uploads\/2022\/01\/AnneLouBuzot_TheTiltedHorizonTheory_03.jpeg 425w, https:\/\/www.pictofoundation.fr\/wp-content\/uploads\/2022\/01\/AnneLouBuzot_TheTiltedHorizonTheory_03-212x300.jpeg 212w\" sizes=\"auto, (max-width: 425px) 100vw, 425px\" \/><\/p>\n<p>Godmothers: Rapha\u00eble Bertho, Lecturer in Arts, Exhibition Curator<br \/>\n&#038; Emilia Genuardi, Founder of A PPR OC HE salon &#038; Director of A CCR OC HE \/ Cultural Content<\/p>\n<h5>\u00a0<a href=\"http:\/\/ameliechassary.com\/fr\/accueil.html\" target=\"_blank\" rel=\"noopener noreferrer\"><strong>AM\u00c9LIE CHASSARY<\/strong><\/a><\/h5>\n<p><img loading=\"lazy\" decoding=\"async\" class=\"aligncenter size-full wp-image-7055\" src=\"https:\/\/www.pictofoundation.fr\/wp-content\/uploads\/2022\/01\/Amelie_Chassary_Bouquets_Jaune.jpeg\" alt=\"\" width=\"567\" height=\"425\" srcset=\"https:\/\/www.pictofoundation.fr\/wp-content\/uploads\/2022\/01\/Amelie_Chassary_Bouquets_Jaune.jpeg 567w, https:\/\/www.pictofoundation.fr\/wp-content\/uploads\/2022\/01\/Amelie_Chassary_Bouquets_Jaune-300x225.jpeg 300w, https:\/\/www.pictofoundation.fr\/wp-content\/uploads\/2022\/01\/Amelie_Chassary_Bouquets_Jaune-500x375.jpeg 500w\" sizes=\"auto, (max-width: 567px) 100vw, 567px\" \/><\/p>\n<p>Godmothers: Julie Champin, Cultural projects coordination \u2013 Art purchase \/ Regard Suspendu<br \/>\n&#038; Cl\u00e9mentine de la F\u00e9ronni\u00e8re, Gallery owner and publisher, Cl\u00e9mentine de la F\u00e9ronni\u00e8re gallery \/ Maison CF<\/p>\n<h5><a href=\"http:\/\/elsaleydier.com\/fr\/\" target=\"_blank\" rel=\"noopener noreferrer\">\u00a0<strong>ELSA LEYDIER<\/strong><\/a><\/h5>\n<p><img loading=\"lazy\" decoding=\"async\" class=\"aligncenter size-full wp-image-7056\" src=\"https:\/\/www.pictofoundation.fr\/wp-content\/uploads\/2022\/01\/Elsa_Leydier_Fashion_IMAG0224bweb-scaled-1.jpeg\" alt=\"\" width=\"425\" height=\"603\" srcset=\"https:\/\/www.pictofoundation.fr\/wp-content\/uploads\/2022\/01\/Elsa_Leydier_Fashion_IMAG0224bweb-scaled-1.jpeg 425w, https:\/\/www.pictofoundation.fr\/wp-content\/uploads\/2022\/01\/Elsa_Leydier_Fashion_IMAG0224bweb-scaled-1-211x300.jpeg 211w\" sizes=\"auto, (max-width: 425px) 100vw, 425px\" \/><\/p>\n<p>Godmothers: Emmanuelle Kouchner, Editor, founder of La Compagnie culturelle<br \/>\n&#038; S\u00e9verine Morel, Art Buyer and Curator \/ Havas Paris \/ Havas Gallery<\/p>\n<h5>\u00a0<strong><a href=\"https:\/\/www.camillegharbi.com\/\" target=\"_blank\" rel=\"noopener noreferrer\">CAMILLE GHARB<\/a>I<\/strong><\/h5>\n<p><img loading=\"lazy\" decoding=\"async\" class=\"aligncenter size-full wp-image-7057\" src=\"https:\/\/www.pictofoundation.fr\/wp-content\/uploads\/2022\/01\/GHARBI_PRESSE_01-800x800-1.jpeg\" alt=\"\" width=\"800\" height=\"800\" srcset=\"https:\/\/www.pictofoundation.fr\/wp-content\/uploads\/2022\/01\/GHARBI_PRESSE_01-800x800-1.jpeg 800w, https:\/\/www.pictofoundation.fr\/wp-content\/uploads\/2022\/01\/GHARBI_PRESSE_01-800x800-1-300x300.jpeg 300w, https:\/\/www.pictofoundation.fr\/wp-content\/uploads\/2022\/01\/GHARBI_PRESSE_01-800x800-1-150x150.jpeg 150w, https:\/\/www.pictofoundation.fr\/wp-content\/uploads\/2022\/01\/GHARBI_PRESSE_01-800x800-1-768x768.jpeg 768w, https:\/\/www.pictofoundation.fr\/wp-content\/uploads\/2022\/01\/GHARBI_PRESSE_01-800x800-1-500x500.jpeg 500w\" sizes=\"auto, (max-width: 800px) 100vw, 800px\" \/><\/p>\n<p>Godmothers: Corinna Schack, Photographer Agent \/ PHOM<br \/>\n&#038; V\u00e9ronique Prugnaud, Editorial and Development Director \/ The Eyes and The Eyes +<\/p>\n<p>For 10 months, the winners will benefit from regular support from each pair of sponsors in the production of their project and the development of their journey.<\/p>\n<h5>THIS LES FILLES DE LA PHOTO MENTORING INCLUDES :<\/h5>\n<p>\u2013 Personalized support for the artistic project and its development<br \/>\n\u2013 Connecting with professionals<br \/>\n\u2013 Visibility within the photography ecosystem, from the art market to commercial orders.<\/p>\n<p>The restitution of the projects and of support will take place at the Rencontres d\u2019Arles 2021 on the occasion of the ritual anniversary of the Filles de la Photo.<\/p>\n<p>Find out more :<a href=\"http:\/\/www.lesfillesdelaphoto.com\/portfolio\/lementorat\/\"> http:\/\/www.lesfillesdelaphoto.com\/portfolio\/lementorat\/<\/a><\/p>\n","protected":false},"excerpt":{"rendered":"<p>The Les Filles de la Photo association and Picto are pleased to announce the winners of the first edition of the mentoring program, the career accelerator dedicated to women photographers. The mentoring program for girls in photography was created in response to the Observatoire de la Mixit\u00e9 which highlighted the disparity that exists between men [&hellip;]<\/p>\n","protected":false},"author":3,"featured_media":7052,"comment_status":"closed","ping_status":"closed","sticky":false,"template":"single-post-style-2.php","format":"standard","meta":{"_acf_changed":false,"_vp_format_video_url":"","_vp_image_focal_point":[],"footnotes":""},"categories":[139],"tags":[140,141,142],"class_list":["post-12202","post","type-post","status-publish","format-standard","has-post-thumbnail","hentry","category-expos-en","tag-accompagner-exposition-en","tag-exposition-en","tag-mentorat-en"],"acf":[],"yoast_head":"<!-- This site is optimized with the Yoast SEO plugin v25.4 - https:\/\/yoast.com\/wordpress\/plugins\/seo\/ -->\n<title>The five laureates of the Les Filles de la Photo mentoring - Picto Foundation<\/title>\n<meta name=\"robots\" content=\"index, follow, max-snippet:-1, max-image-preview:large, max-video-preview:-1\" \/>\n<link rel=\"canonical\" href=\"https:\/\/www.pictofoundation.fr\/en\/les-cinq-laureates-du-mentorat-des-filles-de-la-photo\/\" \/>\n<meta property=\"og:locale\" content=\"en_US\" \/>\n<meta property=\"og:type\" content=\"article\" \/>\n<meta property=\"og:title\" content=\"The five laureates of the Les Filles de la Photo mentoring - Picto Foundation\" \/>\n<meta property=\"og:description\" content=\"The Les Filles de la Photo association and Picto are pleased to announce the winners of the first edition of the mentoring program, the career accelerator dedicated to women photographers. The mentoring program for girls in photography was created in response to the Observatoire de la Mixit\u00e9 which highlighted the disparity that exists between men [&hellip;]\" \/>\n<meta property=\"og:url\" content=\"https:\/\/www.pictofoundation.fr\/en\/les-cinq-laureates-du-mentorat-des-filles-de-la-photo\/\" \/>\n<meta property=\"og:site_name\" content=\"Picto Foundation\" \/>\n<meta property=\"article:published_time\" content=\"2020-10-02T08:00:18+00:00\" \/>\n<meta property=\"article:modified_time\" content=\"2024-05-29T14:14:49+00:00\" \/>\n<meta property=\"og:image\" content=\"https:\/\/www.pictofoundation.fr\/wp-content\/uploads\/2022\/01\/GHARBI_PRESSE_01-scaled-copie.jpg\" \/>\n\t<meta property=\"og:image:width\" content=\"1500\" \/>\n\t<meta property=\"og:image:height\" content=\"1500\" \/>\n\t<meta property=\"og:image:type\" content=\"image\/jpeg\" \/>\n<meta name=\"author\" content=\"Ericka Weidmann\" \/>\n<meta name=\"twitter:card\" content=\"summary_large_image\" \/>\n<meta name=\"twitter:label1\" content=\"Written by\" \/>\n\t<meta name=\"twitter:data1\" content=\"Ericka Weidmann\" \/>\n\t<meta name=\"twitter:label2\" content=\"Est. reading time\" \/>\n\t<meta name=\"twitter:data2\" content=\"3 minutes\" \/>\n<script type=\"application\/ld+json\" class=\"yoast-schema-graph\">{\"@context\":\"https:\/\/schema.org\",\"@graph\":[{\"@type\":\"WebPage\",\"@id\":\"https:\/\/www.pictofoundation.fr\/en\/les-cinq-laureates-du-mentorat-des-filles-de-la-photo\/\",\"url\":\"https:\/\/www.pictofoundation.fr\/en\/les-cinq-laureates-du-mentorat-des-filles-de-la-photo\/\",\"name\":\"The five laureates of the Les Filles de la Photo mentoring - Picto Foundation\",\"isPartOf\":{\"@id\":\"https:\/\/www.pictofoundation.fr\/en\/#website\"},\"primaryImageOfPage\":{\"@id\":\"https:\/\/www.pictofoundation.fr\/en\/les-cinq-laureates-du-mentorat-des-filles-de-la-photo\/#primaryimage\"},\"image\":{\"@id\":\"https:\/\/www.pictofoundation.fr\/en\/les-cinq-laureates-du-mentorat-des-filles-de-la-photo\/#primaryimage\"},\"thumbnailUrl\":\"https:\/\/www.pictofoundation.fr\/wp-content\/uploads\/2022\/01\/GHARBI_PRESSE_01-scaled-copie.jpg\",\"datePublished\":\"2020-10-02T08:00:18+00:00\",\"dateModified\":\"2024-05-29T14:14:49+00:00\",\"author\":{\"@id\":\"https:\/\/www.pictofoundation.fr\/en\/#\/schema\/person\/b80b86e5bfdeda634261a6b76495817c\"},\"breadcrumb\":{\"@id\":\"https:\/\/www.pictofoundation.fr\/en\/les-cinq-laureates-du-mentorat-des-filles-de-la-photo\/#breadcrumb\"},\"inLanguage\":\"en-US\",\"potentialAction\":[{\"@type\":\"ReadAction\",\"target\":[\"https:\/\/www.pictofoundation.fr\/en\/les-cinq-laureates-du-mentorat-des-filles-de-la-photo\/\"]}]},{\"@type\":\"ImageObject\",\"inLanguage\":\"en-US\",\"@id\":\"https:\/\/www.pictofoundation.fr\/en\/les-cinq-laureates-du-mentorat-des-filles-de-la-photo\/#primaryimage\",\"url\":\"https:\/\/www.pictofoundation.fr\/wp-content\/uploads\/2022\/01\/GHARBI_PRESSE_01-scaled-copie.jpg\",\"contentUrl\":\"https:\/\/www.pictofoundation.fr\/wp-content\/uploads\/2022\/01\/GHARBI_PRESSE_01-scaled-copie.jpg\",\"width\":1500,\"height\":1500},{\"@type\":\"BreadcrumbList\",\"@id\":\"https:\/\/www.pictofoundation.fr\/en\/les-cinq-laureates-du-mentorat-des-filles-de-la-photo\/#breadcrumb\",\"itemListElement\":[{\"@type\":\"ListItem\",\"position\":1,\"name\":\"Accueil\",\"item\":\"https:\/\/www.pictofoundation.fr\/en\/\"},{\"@type\":\"ListItem\",\"position\":2,\"name\":\"The five laureates of the Les Filles de la Photo mentoring\"}]},{\"@type\":\"WebSite\",\"@id\":\"https:\/\/www.pictofoundation.fr\/en\/#website\",\"url\":\"https:\/\/www.pictofoundation.fr\/en\/\",\"name\":\"Picto Foundation\",\"description\":\"Site de la fondation Picto, Groupe Picto\",\"potentialAction\":[{\"@type\":\"SearchAction\",\"target\":{\"@type\":\"EntryPoint\",\"urlTemplate\":\"https:\/\/www.pictofoundation.fr\/en\/?s={search_term_string}\"},\"query-input\":{\"@type\":\"PropertyValueSpecification\",\"valueRequired\":true,\"valueName\":\"search_term_string\"}}],\"inLanguage\":\"en-US\"},{\"@type\":\"Person\",\"@id\":\"https:\/\/www.pictofoundation.fr\/en\/#\/schema\/person\/b80b86e5bfdeda634261a6b76495817c\",\"name\":\"Ericka Weidmann\",\"url\":\"https:\/\/www.pictofoundation.fr\/en\/author\/ericka\/\"}]}<\/script>\n<!-- \/ Yoast SEO plugin. -->","yoast_head_json":{"title":"The five laureates of the Les Filles de la Photo mentoring - Picto Foundation","robots":{"index":"index","follow":"follow","max-snippet":"max-snippet:-1","max-image-preview":"max-image-preview:large","max-video-preview":"max-video-preview:-1"},"canonical":"https:\/\/www.pictofoundation.fr\/en\/les-cinq-laureates-du-mentorat-des-filles-de-la-photo\/","og_locale":"en_US","og_type":"article","og_title":"The five laureates of the Les Filles de la Photo mentoring - Picto Foundation","og_description":"The Les Filles de la Photo association and Picto are pleased to announce the winners of the first edition of the mentoring program, the career accelerator dedicated to women photographers. The mentoring program for girls in photography was created in response to the Observatoire de la Mixit\u00e9 which highlighted the disparity that exists between men [&hellip;]","og_url":"https:\/\/www.pictofoundation.fr\/en\/les-cinq-laureates-du-mentorat-des-filles-de-la-photo\/","og_site_name":"Picto Foundation","article_published_time":"2020-10-02T08:00:18+00:00","article_modified_time":"2024-05-29T14:14:49+00:00","og_image":[{"width":1500,"height":1500,"url":"https:\/\/www.pictofoundation.fr\/wp-content\/uploads\/2022\/01\/GHARBI_PRESSE_01-scaled-copie.jpg","type":"image\/jpeg"}],"author":"Ericka Weidmann","twitter_card":"summary_large_image","twitter_misc":{"Written by":"Ericka Weidmann","Est. reading time":"3 minutes"},"schema":{"@context":"https:\/\/schema.org","@graph":[{"@type":"WebPage","@id":"https:\/\/www.pictofoundation.fr\/en\/les-cinq-laureates-du-mentorat-des-filles-de-la-photo\/","url":"https:\/\/www.pictofoundation.fr\/en\/les-cinq-laureates-du-mentorat-des-filles-de-la-photo\/","name":"The five laureates of the Les Filles de la Photo mentoring - Picto Foundation","isPartOf":{"@id":"https:\/\/www.pictofoundation.fr\/en\/#website"},"primaryImageOfPage":{"@id":"https:\/\/www.pictofoundation.fr\/en\/les-cinq-laureates-du-mentorat-des-filles-de-la-photo\/#primaryimage"},"image":{"@id":"https:\/\/www.pictofoundation.fr\/en\/les-cinq-laureates-du-mentorat-des-filles-de-la-photo\/#primaryimage"},"thumbnailUrl":"https:\/\/www.pictofoundation.fr\/wp-content\/uploads\/2022\/01\/GHARBI_PRESSE_01-scaled-copie.jpg","datePublished":"2020-10-02T08:00:18+00:00","dateModified":"2024-05-29T14:14:49+00:00","author":{"@id":"https:\/\/www.pictofoundation.fr\/en\/#\/schema\/person\/b80b86e5bfdeda634261a6b76495817c"},"breadcrumb":{"@id":"https:\/\/www.pictofoundation.fr\/en\/les-cinq-laureates-du-mentorat-des-filles-de-la-photo\/#breadcrumb"},"inLanguage":"en-US","potentialAction":[{"@type":"ReadAction","target":["https:\/\/www.pictofoundation.fr\/en\/les-cinq-laureates-du-mentorat-des-filles-de-la-photo\/"]}]},{"@type":"ImageObject","inLanguage":"en-US","@id":"https:\/\/www.pictofoundation.fr\/en\/les-cinq-laureates-du-mentorat-des-filles-de-la-photo\/#primaryimage","url":"https:\/\/www.pictofoundation.fr\/wp-content\/uploads\/2022\/01\/GHARBI_PRESSE_01-scaled-copie.jpg","contentUrl":"https:\/\/www.pictofoundation.fr\/wp-content\/uploads\/2022\/01\/GHARBI_PRESSE_01-scaled-copie.jpg","width":1500,"height":1500},{"@type":"BreadcrumbList","@id":"https:\/\/www.pictofoundation.fr\/en\/les-cinq-laureates-du-mentorat-des-filles-de-la-photo\/#breadcrumb","itemListElement":[{"@type":"ListItem","position":1,"name":"Accueil","item":"https:\/\/www.pictofoundation.fr\/en\/"},{"@type":"ListItem","position":2,"name":"The five laureates of the Les Filles de la Photo mentoring"}]},{"@type":"WebSite","@id":"https:\/\/www.pictofoundation.fr\/en\/#website","url":"https:\/\/www.pictofoundation.fr\/en\/","name":"Picto Foundation","description":"Site de la fondation Picto, Groupe Picto","potentialAction":[{"@type":"SearchAction","target":{"@type":"EntryPoint","urlTemplate":"https:\/\/www.pictofoundation.fr\/en\/?s={search_term_string}"},"query-input":{"@type":"PropertyValueSpecification","valueRequired":true,"valueName":"search_term_string"}}],"inLanguage":"en-US"},{"@type":"Person","@id":"https:\/\/www.pictofoundation.fr\/en\/#\/schema\/person\/b80b86e5bfdeda634261a6b76495817c","name":"Ericka Weidmann","url":"https:\/\/www.pictofoundation.fr\/en\/author\/ericka\/"}]}},"_links":{"self":[{"href":"https:\/\/www.pictofoundation.fr\/en\/wp-json\/wp\/v2\/posts\/12202","targetHints":{"allow":["GET"]}}],"collection":[{"href":"https:\/\/www.pictofoundation.fr\/en\/wp-json\/wp\/v2\/posts"}],"about":[{"href":"https:\/\/www.pictofoundation.fr\/en\/wp-json\/wp\/v2\/types\/post"}],"author":[{"embeddable":true,"href":"https:\/\/www.pictofoundation.fr\/en\/wp-json\/wp\/v2\/users\/3"}],"replies":[{"embeddable":true,"href":"https:\/\/www.pictofoundation.fr\/en\/wp-json\/wp\/v2\/comments?post=12202"}],"version-history":[{"count":0,"href":"https:\/\/www.pictofoundation.fr\/en\/wp-json\/wp\/v2\/posts\/12202\/revisions"}],"wp:featuredmedia":[{"embeddable":true,"href":"https:\/\/www.pictofoundation.fr\/en\/wp-json\/wp\/v2\/media\/7052"}],"wp:attachment":[{"href":"https:\/\/www.pictofoundation.fr\/en\/wp-json\/wp\/v2\/media?parent=12202"}],"wp:term":[{"taxonomy":"category","embeddable":true,"href":"https:\/\/www.pictofoundation.fr\/en\/wp-json\/wp\/v2\/categories?post=12202"},{"taxonomy":"post_tag","embeddable":true,"href":"https:\/\/www.pictofoundation.fr\/en\/wp-json\/wp\/v2\/tags?post=12202"}],"curies":[{"name":"wp","href":"https:\/\/api.w.org\/{rel}","templated":true}]}}