{"id":12217,"date":"2022-11-15T10:00:41","date_gmt":"2022-11-15T09:00:41","guid":{"rendered":"https:\/\/www.pictofoundation.fr\/decouvrez-les-laureats-de-la-11eme-edition-du-estee-lauder-pink-ribbon-photo-award\/"},"modified":"2024-05-30T16:43:36","modified_gmt":"2024-05-30T14:43:36","slug":"decouvrez-les-laureats-de-la-11eme-edition-du-estee-lauder-pink-ribbon-photo-award","status":"publish","type":"post","link":"https:\/\/www.pictofoundation.fr\/en\/decouvrez-les-laureats-de-la-11eme-edition-du-estee-lauder-pink-ribbon-photo-award\/","title":{"rendered":"Discover the laureates of the 11th edition of the Est\u00e9e Lauder Pink Ribbon Photo Award"},"content":{"rendered":"<h2>On Saturday, November 12, the eleventh Est\u00e9e Lauder Companies Pink Ribbon Photo Award ceremony was held at the Grand Palais \u00c9ph\u00e9m\u00e8re in the presence of photographers and their models, as well as members of the Jury and partners. This event took place during Paris Photo, the first international fair dedicated to art photography and official partner of the competition since 2017.<\/h2>\n<p>The 2022 edition took place around the theme \u201cAN EYE FOR BEAUTY\u201d \u2013title of the final work of photographs by Mrs Evelyn H. Lauder. An opportunity to pay tribute to the co-creator of the Pink Ribbon which has become a global symbol of the fight against cancer and to The Est\u00e9e Lauder Companies&#8217; 30 years of commitment to the fight against breast cancer.<br \/>\nThe 2022 list of winners highlight the photos and words of five winners chosen from among the 40 finalists revealed on October 1 at the launch of the Pink October campaign.<\/p>\n<p style=\"text-align: center;\"><strong> THE 2022 AWARDS<\/strong><\/p>\n<p style=\"text-align: center;\"> JURY GRAND PRIZE<br \/>\nJean-Pierre Stagnetto<\/p>\n<figure id=\"attachment_7921\" aria-describedby=\"caption-attachment-7921\" style=\"width: 2000px\" class=\"wp-caption aligncenter\"><img loading=\"lazy\" decoding=\"async\" class=\"size-full wp-image-7922\" src=\"https:\/\/www.pictofoundation.fr\/wp-content\/uploads\/2022\/11\/STAGNETTO_Gd_PRIX_2022-copie.jpg\" alt=\"\" width=\"2000\" height=\"2000\" srcset=\"https:\/\/www.pictofoundation.fr\/wp-content\/uploads\/2022\/11\/STAGNETTO_Gd_PRIX_2022-copie.jpg 2000w, https:\/\/www.pictofoundation.fr\/wp-content\/uploads\/2022\/11\/STAGNETTO_Gd_PRIX_2022-copie-300x300.jpg 300w, https:\/\/www.pictofoundation.fr\/wp-content\/uploads\/2022\/11\/STAGNETTO_Gd_PRIX_2022-copie-1024x1024.jpg 1024w, https:\/\/www.pictofoundation.fr\/wp-content\/uploads\/2022\/11\/STAGNETTO_Gd_PRIX_2022-copie-150x150.jpg 150w, https:\/\/www.pictofoundation.fr\/wp-content\/uploads\/2022\/11\/STAGNETTO_Gd_PRIX_2022-copie-768x768.jpg 768w, https:\/\/www.pictofoundation.fr\/wp-content\/uploads\/2022\/11\/STAGNETTO_Gd_PRIX_2022-copie-1536x1536.jpg 1536w, https:\/\/www.pictofoundation.fr\/wp-content\/uploads\/2022\/11\/STAGNETTO_Gd_PRIX_2022-copie-500x500.jpg 500w, https:\/\/www.pictofoundation.fr\/wp-content\/uploads\/2022\/11\/STAGNETTO_Gd_PRIX_2022-copie-800x800.jpg 800w, https:\/\/www.pictofoundation.fr\/wp-content\/uploads\/2022\/11\/STAGNETTO_Gd_PRIX_2022-copie-1280x1280.jpg 1280w, https:\/\/www.pictofoundation.fr\/wp-content\/uploads\/2022\/11\/STAGNETTO_Gd_PRIX_2022-copie-1920x1920.jpg 1920w\" sizes=\"auto, (max-width: 2000px) 100vw, 2000px\" \/><figcaption id=\"caption-attachment-7921\" class=\"wp-caption-text\">\u00a9 Jean-Pierre Stagnetto \/ Est\u00e9e Lauder Companies Pink Ribbon Photo Award<\/figcaption><\/figure>\n<p style=\"text-align: center;\"> TWO ACCESSITS PRIZES<br \/>\nH\u00e9l\u00e8ne Josnin<br \/>\n&amp; Olivier Denis<\/p>\n<p>&nbsp;<\/p>\n<figure id=\"attachment_7913\" aria-describedby=\"caption-attachment-7913\" style=\"width: 1333px\" class=\"wp-caption aligncenter\"><img loading=\"lazy\" decoding=\"async\" class=\"size-full wp-image-7914\" src=\"https:\/\/www.pictofoundation.fr\/wp-content\/uploads\/2022\/11\/JOSNIN_ACCCESSIT_2022-copie.jpg\" alt=\"\" width=\"1333\" height=\"2000\" srcset=\"https:\/\/www.pictofoundation.fr\/wp-content\/uploads\/2022\/11\/JOSNIN_ACCCESSIT_2022-copie.jpg 1333w, https:\/\/www.pictofoundation.fr\/wp-content\/uploads\/2022\/11\/JOSNIN_ACCCESSIT_2022-copie-200x300.jpg 200w, https:\/\/www.pictofoundation.fr\/wp-content\/uploads\/2022\/11\/JOSNIN_ACCCESSIT_2022-copie-682x1024.jpg 682w, https:\/\/www.pictofoundation.fr\/wp-content\/uploads\/2022\/11\/JOSNIN_ACCCESSIT_2022-copie-768x1152.jpg 768w, https:\/\/www.pictofoundation.fr\/wp-content\/uploads\/2022\/11\/JOSNIN_ACCCESSIT_2022-copie-1024x1536.jpg 1024w, https:\/\/www.pictofoundation.fr\/wp-content\/uploads\/2022\/11\/JOSNIN_ACCCESSIT_2022-copie-500x750.jpg 500w, https:\/\/www.pictofoundation.fr\/wp-content\/uploads\/2022\/11\/JOSNIN_ACCCESSIT_2022-copie-800x1200.jpg 800w, https:\/\/www.pictofoundation.fr\/wp-content\/uploads\/2022\/11\/JOSNIN_ACCCESSIT_2022-copie-1280x1920.jpg 1280w\" sizes=\"auto, (max-width: 1333px) 100vw, 1333px\" \/><figcaption id=\"caption-attachment-7913\" class=\"wp-caption-text\">\u00a9 H\u00e9l\u00e8ne Josnin \/ Est\u00e9e Lauder Companies Pink Ribbon Photo Award<\/figcaption><\/figure>\n<figure id=\"attachment_7917\" aria-describedby=\"caption-attachment-7917\" style=\"width: 2000px\" class=\"wp-caption aligncenter\"><img loading=\"lazy\" decoding=\"async\" class=\"size-full wp-image-7918\" src=\"https:\/\/www.pictofoundation.fr\/wp-content\/uploads\/2022\/11\/DENIS_ACCCESSIT_2022-copie.jpg\" alt=\"\" width=\"2000\" height=\"2000\" srcset=\"https:\/\/www.pictofoundation.fr\/wp-content\/uploads\/2022\/11\/DENIS_ACCCESSIT_2022-copie.jpg 2000w, https:\/\/www.pictofoundation.fr\/wp-content\/uploads\/2022\/11\/DENIS_ACCCESSIT_2022-copie-300x300.jpg 300w, https:\/\/www.pictofoundation.fr\/wp-content\/uploads\/2022\/11\/DENIS_ACCCESSIT_2022-copie-1024x1024.jpg 1024w, https:\/\/www.pictofoundation.fr\/wp-content\/uploads\/2022\/11\/DENIS_ACCCESSIT_2022-copie-150x150.jpg 150w, https:\/\/www.pictofoundation.fr\/wp-content\/uploads\/2022\/11\/DENIS_ACCCESSIT_2022-copie-768x768.jpg 768w, https:\/\/www.pictofoundation.fr\/wp-content\/uploads\/2022\/11\/DENIS_ACCCESSIT_2022-copie-1536x1536.jpg 1536w, https:\/\/www.pictofoundation.fr\/wp-content\/uploads\/2022\/11\/DENIS_ACCCESSIT_2022-copie-500x500.jpg 500w, https:\/\/www.pictofoundation.fr\/wp-content\/uploads\/2022\/11\/DENIS_ACCCESSIT_2022-copie-800x800.jpg 800w, https:\/\/www.pictofoundation.fr\/wp-content\/uploads\/2022\/11\/DENIS_ACCCESSIT_2022-copie-1280x1280.jpg 1280w, https:\/\/www.pictofoundation.fr\/wp-content\/uploads\/2022\/11\/DENIS_ACCCESSIT_2022-copie-1920x1920.jpg 1920w\" sizes=\"auto, (max-width: 2000px) 100vw, 2000px\" \/><figcaption id=\"caption-attachment-7917\" class=\"wp-caption-text\">\u00a9 Olivier Denis \/ Est\u00e9e Lauder Companies Pink Ribbon Photo Award<\/figcaption><\/figure>\n<p style=\"text-align: center;\"> JURY\u2019S FAVORITE<br \/>\nLaetitia Devaux<\/p>\n<figure id=\"attachment_7915\" aria-describedby=\"caption-attachment-7915\" style=\"width: 2000px\" class=\"wp-caption aligncenter\"><img loading=\"lazy\" decoding=\"async\" class=\"size-full wp-image-7916\" src=\"https:\/\/www.pictofoundation.fr\/wp-content\/uploads\/2022\/11\/DEVAUX_Coupdecoeur-2022-copie.jpg\" alt=\"\" width=\"2000\" height=\"1271\" srcset=\"https:\/\/www.pictofoundation.fr\/wp-content\/uploads\/2022\/11\/DEVAUX_Coupdecoeur-2022-copie.jpg 2000w, https:\/\/www.pictofoundation.fr\/wp-content\/uploads\/2022\/11\/DEVAUX_Coupdecoeur-2022-copie-300x191.jpg 300w, https:\/\/www.pictofoundation.fr\/wp-content\/uploads\/2022\/11\/DEVAUX_Coupdecoeur-2022-copie-1024x651.jpg 1024w, https:\/\/www.pictofoundation.fr\/wp-content\/uploads\/2022\/11\/DEVAUX_Coupdecoeur-2022-copie-768x488.jpg 768w, https:\/\/www.pictofoundation.fr\/wp-content\/uploads\/2022\/11\/DEVAUX_Coupdecoeur-2022-copie-1536x976.jpg 1536w, https:\/\/www.pictofoundation.fr\/wp-content\/uploads\/2022\/11\/DEVAUX_Coupdecoeur-2022-copie-500x318.jpg 500w, https:\/\/www.pictofoundation.fr\/wp-content\/uploads\/2022\/11\/DEVAUX_Coupdecoeur-2022-copie-800x508.jpg 800w, https:\/\/www.pictofoundation.fr\/wp-content\/uploads\/2022\/11\/DEVAUX_Coupdecoeur-2022-copie-1280x813.jpg 1280w, https:\/\/www.pictofoundation.fr\/wp-content\/uploads\/2022\/11\/DEVAUX_Coupdecoeur-2022-copie-1920x1220.jpg 1920w\" sizes=\"auto, (max-width: 2000px) 100vw, 2000px\" \/><figcaption id=\"caption-attachment-7915\" class=\"wp-caption-text\">\u00a9 Laetitia Devaux \/ Est\u00e9e Lauder Companies Pink Ribbon Photo Award<\/figcaption><\/figure>\n<p style=\"text-align: center;\"> TEVA AUDIENCE AWARD<br \/>\nJ\u00e9r\u00f4me Blanchard<\/p>\n<figure id=\"attachment_7919\" aria-describedby=\"caption-attachment-7919\" style=\"width: 1337px\" class=\"wp-caption aligncenter\"><img loading=\"lazy\" decoding=\"async\" class=\"size-full wp-image-7920\" src=\"https:\/\/www.pictofoundation.fr\/wp-content\/uploads\/2022\/11\/BLANCHARD_Prix_PUBLIC_TEVA_2022-copie.jpg\" alt=\"\" width=\"1337\" height=\"2000\" srcset=\"https:\/\/www.pictofoundation.fr\/wp-content\/uploads\/2022\/11\/BLANCHARD_Prix_PUBLIC_TEVA_2022-copie.jpg 1337w, https:\/\/www.pictofoundation.fr\/wp-content\/uploads\/2022\/11\/BLANCHARD_Prix_PUBLIC_TEVA_2022-copie-201x300.jpg 201w, https:\/\/www.pictofoundation.fr\/wp-content\/uploads\/2022\/11\/BLANCHARD_Prix_PUBLIC_TEVA_2022-copie-685x1024.jpg 685w, https:\/\/www.pictofoundation.fr\/wp-content\/uploads\/2022\/11\/BLANCHARD_Prix_PUBLIC_TEVA_2022-copie-768x1149.jpg 768w, https:\/\/www.pictofoundation.fr\/wp-content\/uploads\/2022\/11\/BLANCHARD_Prix_PUBLIC_TEVA_2022-copie-1027x1536.jpg 1027w, https:\/\/www.pictofoundation.fr\/wp-content\/uploads\/2022\/11\/BLANCHARD_Prix_PUBLIC_TEVA_2022-copie-500x748.jpg 500w, https:\/\/www.pictofoundation.fr\/wp-content\/uploads\/2022\/11\/BLANCHARD_Prix_PUBLIC_TEVA_2022-copie-800x1197.jpg 800w, https:\/\/www.pictofoundation.fr\/wp-content\/uploads\/2022\/11\/BLANCHARD_Prix_PUBLIC_TEVA_2022-copie-1280x1915.jpg 1280w\" sizes=\"auto, (max-width: 1337px) 100vw, 1337px\" \/><figcaption id=\"caption-attachment-7919\" class=\"wp-caption-text\">\u00a9 J\u00e9r\u00f4me Blanchard \/ Est\u00e9e Lauder Companies<br \/>Pink Ribbon Photo Award<\/figcaption><\/figure>\n<p>The 2022 jury was chaired by Franck Besnard (President of the Ruban Rose Association and The Est\u00e9e Lauder Companies France) and composed of Jane Evelyn Atwood, Florence Bourgeois, Christophe Eisenhuth, Marielle Fournier, Philippe Gassmann, Victor Gassmann, Alain Genestar, La\u00ebtitia Mendes, Catherine Sch\u00f6fer, Gwena\u00eblle Thebault.<\/p>\n<p><strong>Learn more:<\/strong><br \/>\n<a href=\"http:\/\/pinkribbonaward.fr\" target=\"_blank\" rel=\"noopener\">pinkribbonaward.fr<\/a>\u00a0| <a href=\"http:\/\/cancerdusein.org\" target=\"_blank\" rel=\"noopener\">cancerdusein.org<\/a><\/p>\n<p>&nbsp;<\/p>\n<p>Cover photo: \u00a9 Prix Accessit Est\u00e9e Lauder Pink Ribbon Photo Award \u00a9 Val\u00e9rie Pinard<\/p>\n","protected":false},"excerpt":{"rendered":"<p>On Saturday, November 12, the eleventh Est\u00e9e Lauder Companies Pink Ribbon Photo Award ceremony was held at the Grand Palais \u00c9ph\u00e9m\u00e8re in the presence of photographers and their models, as well as members of the Jury and partners. This event took place during Paris Photo, the first international fair dedicated to art photography and official [&hellip;]<\/p>\n","protected":false},"author":3,"featured_media":7918,"comment_status":"closed","ping_status":"open","sticky":false,"template":"single-post-style-2.php","format":"standard","meta":{"_acf_changed":false,"_vp_format_video_url":"","_vp_image_focal_point":[],"footnotes":""},"categories":[132],"tags":[143,144,145],"class_list":["post-12217","post","type-post","status-publish","format-standard","has-post-thumbnail","hentry","category-prix-en","tag-concours-en","tag-estee-lauder-pink-ribbon-photo-award-en","tag-solidarite-en"],"acf":[],"yoast_head":"<!-- This site is optimized with the Yoast SEO plugin v25.4 - https:\/\/yoast.com\/wordpress\/plugins\/seo\/ -->\n<title>Discover the laureates of the 11th edition of the Est\u00e9e Lauder Pink Ribbon Photo Award - Picto Foundation<\/title>\n<meta name=\"robots\" content=\"index, follow, max-snippet:-1, max-image-preview:large, max-video-preview:-1\" \/>\n<link rel=\"canonical\" href=\"https:\/\/www.pictofoundation.fr\/en\/decouvrez-les-laureats-de-la-11eme-edition-du-estee-lauder-pink-ribbon-photo-award\/\" \/>\n<meta property=\"og:locale\" content=\"en_US\" \/>\n<meta property=\"og:type\" content=\"article\" \/>\n<meta property=\"og:title\" content=\"Discover the laureates of the 11th edition of the Est\u00e9e Lauder Pink Ribbon Photo Award - Picto Foundation\" \/>\n<meta property=\"og:description\" content=\"On Saturday, November 12, the eleventh Est\u00e9e Lauder Companies Pink Ribbon Photo Award ceremony was held at the Grand Palais \u00c9ph\u00e9m\u00e8re in the presence of photographers and their models, as well as members of the Jury and partners. This event took place during Paris Photo, the first international fair dedicated to art photography and official [&hellip;]\" \/>\n<meta property=\"og:url\" content=\"https:\/\/www.pictofoundation.fr\/en\/decouvrez-les-laureats-de-la-11eme-edition-du-estee-lauder-pink-ribbon-photo-award\/\" \/>\n<meta property=\"og:site_name\" content=\"Picto Foundation\" \/>\n<meta property=\"article:published_time\" content=\"2022-11-15T09:00:41+00:00\" \/>\n<meta property=\"article:modified_time\" content=\"2024-05-30T14:43:36+00:00\" \/>\n<meta property=\"og:image\" content=\"https:\/\/www.pictofoundation.fr\/wp-content\/uploads\/2022\/11\/DENIS_ACCCESSIT_2022-copie.jpg\" \/>\n\t<meta property=\"og:image:width\" content=\"2000\" \/>\n\t<meta property=\"og:image:height\" content=\"2000\" \/>\n\t<meta property=\"og:image:type\" content=\"image\/jpeg\" \/>\n<meta name=\"author\" content=\"Ericka Weidmann\" \/>\n<meta name=\"twitter:card\" content=\"summary_large_image\" \/>\n<meta name=\"twitter:label1\" content=\"Written by\" \/>\n\t<meta name=\"twitter:data1\" content=\"Ericka Weidmann\" \/>\n\t<meta name=\"twitter:label2\" content=\"Est. reading time\" \/>\n\t<meta name=\"twitter:data2\" content=\"3 minutes\" \/>\n<script type=\"application\/ld+json\" class=\"yoast-schema-graph\">{\"@context\":\"https:\/\/schema.org\",\"@graph\":[{\"@type\":\"WebPage\",\"@id\":\"https:\/\/www.pictofoundation.fr\/en\/decouvrez-les-laureats-de-la-11eme-edition-du-estee-lauder-pink-ribbon-photo-award\/\",\"url\":\"https:\/\/www.pictofoundation.fr\/en\/decouvrez-les-laureats-de-la-11eme-edition-du-estee-lauder-pink-ribbon-photo-award\/\",\"name\":\"Discover the laureates of the 11th edition of the Est\u00e9e Lauder Pink Ribbon Photo Award - Picto Foundation\",\"isPartOf\":{\"@id\":\"https:\/\/www.pictofoundation.fr\/en\/#website\"},\"primaryImageOfPage\":{\"@id\":\"https:\/\/www.pictofoundation.fr\/en\/decouvrez-les-laureats-de-la-11eme-edition-du-estee-lauder-pink-ribbon-photo-award\/#primaryimage\"},\"image\":{\"@id\":\"https:\/\/www.pictofoundation.fr\/en\/decouvrez-les-laureats-de-la-11eme-edition-du-estee-lauder-pink-ribbon-photo-award\/#primaryimage\"},\"thumbnailUrl\":\"https:\/\/www.pictofoundation.fr\/wp-content\/uploads\/2022\/11\/DENIS_ACCCESSIT_2022-copie.jpg\",\"datePublished\":\"2022-11-15T09:00:41+00:00\",\"dateModified\":\"2024-05-30T14:43:36+00:00\",\"author\":{\"@id\":\"https:\/\/www.pictofoundation.fr\/en\/#\/schema\/person\/b80b86e5bfdeda634261a6b76495817c\"},\"breadcrumb\":{\"@id\":\"https:\/\/www.pictofoundation.fr\/en\/decouvrez-les-laureats-de-la-11eme-edition-du-estee-lauder-pink-ribbon-photo-award\/#breadcrumb\"},\"inLanguage\":\"en-US\",\"potentialAction\":[{\"@type\":\"ReadAction\",\"target\":[\"https:\/\/www.pictofoundation.fr\/en\/decouvrez-les-laureats-de-la-11eme-edition-du-estee-lauder-pink-ribbon-photo-award\/\"]}]},{\"@type\":\"ImageObject\",\"inLanguage\":\"en-US\",\"@id\":\"https:\/\/www.pictofoundation.fr\/en\/decouvrez-les-laureats-de-la-11eme-edition-du-estee-lauder-pink-ribbon-photo-award\/#primaryimage\",\"url\":\"https:\/\/www.pictofoundation.fr\/wp-content\/uploads\/2022\/11\/DENIS_ACCCESSIT_2022-copie.jpg\",\"contentUrl\":\"https:\/\/www.pictofoundation.fr\/wp-content\/uploads\/2022\/11\/DENIS_ACCCESSIT_2022-copie.jpg\",\"width\":2000,\"height\":2000,\"caption\":\"\u00a9 Olivier Denis \/ Est\u00e9e Lauder Companies Pink Ribbon Photo Award\"},{\"@type\":\"BreadcrumbList\",\"@id\":\"https:\/\/www.pictofoundation.fr\/en\/decouvrez-les-laureats-de-la-11eme-edition-du-estee-lauder-pink-ribbon-photo-award\/#breadcrumb\",\"itemListElement\":[{\"@type\":\"ListItem\",\"position\":1,\"name\":\"Accueil\",\"item\":\"https:\/\/www.pictofoundation.fr\/en\/\"},{\"@type\":\"ListItem\",\"position\":2,\"name\":\"Discover the laureates of the 11th edition of the Est\u00e9e Lauder Pink Ribbon Photo Award\"}]},{\"@type\":\"WebSite\",\"@id\":\"https:\/\/www.pictofoundation.fr\/en\/#website\",\"url\":\"https:\/\/www.pictofoundation.fr\/en\/\",\"name\":\"Picto Foundation\",\"description\":\"Site de la fondation Picto, Groupe Picto\",\"potentialAction\":[{\"@type\":\"SearchAction\",\"target\":{\"@type\":\"EntryPoint\",\"urlTemplate\":\"https:\/\/www.pictofoundation.fr\/en\/?s={search_term_string}\"},\"query-input\":{\"@type\":\"PropertyValueSpecification\",\"valueRequired\":true,\"valueName\":\"search_term_string\"}}],\"inLanguage\":\"en-US\"},{\"@type\":\"Person\",\"@id\":\"https:\/\/www.pictofoundation.fr\/en\/#\/schema\/person\/b80b86e5bfdeda634261a6b76495817c\",\"name\":\"Ericka Weidmann\",\"url\":\"https:\/\/www.pictofoundation.fr\/en\/author\/ericka\/\"}]}<\/script>\n<!-- \/ Yoast SEO plugin. -->","yoast_head_json":{"title":"Discover the laureates of the 11th edition of the Est\u00e9e Lauder Pink Ribbon Photo Award - Picto Foundation","robots":{"index":"index","follow":"follow","max-snippet":"max-snippet:-1","max-image-preview":"max-image-preview:large","max-video-preview":"max-video-preview:-1"},"canonical":"https:\/\/www.pictofoundation.fr\/en\/decouvrez-les-laureats-de-la-11eme-edition-du-estee-lauder-pink-ribbon-photo-award\/","og_locale":"en_US","og_type":"article","og_title":"Discover the laureates of the 11th edition of the Est\u00e9e Lauder Pink Ribbon Photo Award - Picto Foundation","og_description":"On Saturday, November 12, the eleventh Est\u00e9e Lauder Companies Pink Ribbon Photo Award ceremony was held at the Grand Palais \u00c9ph\u00e9m\u00e8re in the presence of photographers and their models, as well as members of the Jury and partners. This event took place during Paris Photo, the first international fair dedicated to art photography and official [&hellip;]","og_url":"https:\/\/www.pictofoundation.fr\/en\/decouvrez-les-laureats-de-la-11eme-edition-du-estee-lauder-pink-ribbon-photo-award\/","og_site_name":"Picto Foundation","article_published_time":"2022-11-15T09:00:41+00:00","article_modified_time":"2024-05-30T14:43:36+00:00","og_image":[{"width":2000,"height":2000,"url":"https:\/\/www.pictofoundation.fr\/wp-content\/uploads\/2022\/11\/DENIS_ACCCESSIT_2022-copie.jpg","type":"image\/jpeg"}],"author":"Ericka Weidmann","twitter_card":"summary_large_image","twitter_misc":{"Written by":"Ericka Weidmann","Est. reading time":"3 minutes"},"schema":{"@context":"https:\/\/schema.org","@graph":[{"@type":"WebPage","@id":"https:\/\/www.pictofoundation.fr\/en\/decouvrez-les-laureats-de-la-11eme-edition-du-estee-lauder-pink-ribbon-photo-award\/","url":"https:\/\/www.pictofoundation.fr\/en\/decouvrez-les-laureats-de-la-11eme-edition-du-estee-lauder-pink-ribbon-photo-award\/","name":"Discover the laureates of the 11th edition of the Est\u00e9e Lauder Pink Ribbon Photo Award - Picto Foundation","isPartOf":{"@id":"https:\/\/www.pictofoundation.fr\/en\/#website"},"primaryImageOfPage":{"@id":"https:\/\/www.pictofoundation.fr\/en\/decouvrez-les-laureats-de-la-11eme-edition-du-estee-lauder-pink-ribbon-photo-award\/#primaryimage"},"image":{"@id":"https:\/\/www.pictofoundation.fr\/en\/decouvrez-les-laureats-de-la-11eme-edition-du-estee-lauder-pink-ribbon-photo-award\/#primaryimage"},"thumbnailUrl":"https:\/\/www.pictofoundation.fr\/wp-content\/uploads\/2022\/11\/DENIS_ACCCESSIT_2022-copie.jpg","datePublished":"2022-11-15T09:00:41+00:00","dateModified":"2024-05-30T14:43:36+00:00","author":{"@id":"https:\/\/www.pictofoundation.fr\/en\/#\/schema\/person\/b80b86e5bfdeda634261a6b76495817c"},"breadcrumb":{"@id":"https:\/\/www.pictofoundation.fr\/en\/decouvrez-les-laureats-de-la-11eme-edition-du-estee-lauder-pink-ribbon-photo-award\/#breadcrumb"},"inLanguage":"en-US","potentialAction":[{"@type":"ReadAction","target":["https:\/\/www.pictofoundation.fr\/en\/decouvrez-les-laureats-de-la-11eme-edition-du-estee-lauder-pink-ribbon-photo-award\/"]}]},{"@type":"ImageObject","inLanguage":"en-US","@id":"https:\/\/www.pictofoundation.fr\/en\/decouvrez-les-laureats-de-la-11eme-edition-du-estee-lauder-pink-ribbon-photo-award\/#primaryimage","url":"https:\/\/www.pictofoundation.fr\/wp-content\/uploads\/2022\/11\/DENIS_ACCCESSIT_2022-copie.jpg","contentUrl":"https:\/\/www.pictofoundation.fr\/wp-content\/uploads\/2022\/11\/DENIS_ACCCESSIT_2022-copie.jpg","width":2000,"height":2000,"caption":"\u00a9 Olivier Denis \/ Est\u00e9e Lauder Companies Pink Ribbon Photo Award"},{"@type":"BreadcrumbList","@id":"https:\/\/www.pictofoundation.fr\/en\/decouvrez-les-laureats-de-la-11eme-edition-du-estee-lauder-pink-ribbon-photo-award\/#breadcrumb","itemListElement":[{"@type":"ListItem","position":1,"name":"Accueil","item":"https:\/\/www.pictofoundation.fr\/en\/"},{"@type":"ListItem","position":2,"name":"Discover the laureates of the 11th edition of the Est\u00e9e Lauder Pink Ribbon Photo Award"}]},{"@type":"WebSite","@id":"https:\/\/www.pictofoundation.fr\/en\/#website","url":"https:\/\/www.pictofoundation.fr\/en\/","name":"Picto Foundation","description":"Site de la fondation Picto, Groupe Picto","potentialAction":[{"@type":"SearchAction","target":{"@type":"EntryPoint","urlTemplate":"https:\/\/www.pictofoundation.fr\/en\/?s={search_term_string}"},"query-input":{"@type":"PropertyValueSpecification","valueRequired":true,"valueName":"search_term_string"}}],"inLanguage":"en-US"},{"@type":"Person","@id":"https:\/\/www.pictofoundation.fr\/en\/#\/schema\/person\/b80b86e5bfdeda634261a6b76495817c","name":"Ericka Weidmann","url":"https:\/\/www.pictofoundation.fr\/en\/author\/ericka\/"}]}},"_links":{"self":[{"href":"https:\/\/www.pictofoundation.fr\/en\/wp-json\/wp\/v2\/posts\/12217","targetHints":{"allow":["GET"]}}],"collection":[{"href":"https:\/\/www.pictofoundation.fr\/en\/wp-json\/wp\/v2\/posts"}],"about":[{"href":"https:\/\/www.pictofoundation.fr\/en\/wp-json\/wp\/v2\/types\/post"}],"author":[{"embeddable":true,"href":"https:\/\/www.pictofoundation.fr\/en\/wp-json\/wp\/v2\/users\/3"}],"replies":[{"embeddable":true,"href":"https:\/\/www.pictofoundation.fr\/en\/wp-json\/wp\/v2\/comments?post=12217"}],"version-history":[{"count":0,"href":"https:\/\/www.pictofoundation.fr\/en\/wp-json\/wp\/v2\/posts\/12217\/revisions"}],"wp:featuredmedia":[{"embeddable":true,"href":"https:\/\/www.pictofoundation.fr\/en\/wp-json\/wp\/v2\/media\/7918"}],"wp:attachment":[{"href":"https:\/\/www.pictofoundation.fr\/en\/wp-json\/wp\/v2\/media?parent=12217"}],"wp:term":[{"taxonomy":"category","embeddable":true,"href":"https:\/\/www.pictofoundation.fr\/en\/wp-json\/wp\/v2\/categories?post=12217"},{"taxonomy":"post_tag","embeddable":true,"href":"https:\/\/www.pictofoundation.fr\/en\/wp-json\/wp\/v2\/tags?post=12217"}],"curies":[{"name":"wp","href":"https:\/\/api.w.org\/{rel}","templated":true}]}}