{"id":12221,"date":"2021-11-12T10:27:25","date_gmt":"2021-11-12T09:27:25","guid":{"rendered":"https:\/\/www.pictofoundation.fr\/estee-lauder-pink-ribbon-photo-award-2021\/"},"modified":"2024-05-30T16:42:37","modified_gmt":"2024-05-30T14:42:37","slug":"estee-lauder-pink-ribbon-photo-award-2021","status":"publish","type":"post","link":"https:\/\/www.pictofoundation.fr\/en\/estee-lauder-pink-ribbon-photo-award-2021\/","title":{"rendered":"Est\u00e9e Lauder Pink Ribbon Photo Award 2021"},"content":{"rendered":"<p>For this edition of the competition, with the theme: \u201cGRATITUDE\u201d, the Est\u00e9e Lauder Pink Ribbon Award Jury brought together professionals from the world of photography as well as actors committed to the fight against breast cancer. They rewarded 3 winners from a selection of 40 finalists. The Grand Prize was awarded to Marie Daver\u00e8de and the two Accessits Prizes to Clara Ceccarelli and Val\u00e9rie Pinard. The T\u00e9va Audience Award was awarded to Alison Bounce.<\/p>\n<p><strong> THE LAUREATES :<\/strong><\/p>\n<p>Grand Jury Prize: Marie Daver\u00e8de<br \/>\nAccessit Prize: Clara Ceccarelli<br \/>\nAccessit Prize: Val\u00e9rie Pinard<br \/>\nT\u00e9va Audience Award: Alison Bounce<\/p>\n<p><strong> GRAND PRIZE: Marie Daver\u00e8de <\/strong><\/p>\n<figure id=\"attachment_5826\" aria-describedby=\"caption-attachment-5826\" style=\"width: 813px\" class=\"wp-caption aligncenter\"><img loading=\"lazy\" decoding=\"async\" class=\"size-full wp-image-7040\" src=\"https:\/\/www.pictofoundation.fr\/wp-content\/uploads\/2022\/01\/grandprix.jpg\" alt=\"\" width=\"813\" height=\"1024\" srcset=\"https:\/\/www.pictofoundation.fr\/wp-content\/uploads\/2022\/01\/grandprix.jpg 813w, https:\/\/www.pictofoundation.fr\/wp-content\/uploads\/2022\/01\/grandprix-238x300.jpg 238w, https:\/\/www.pictofoundation.fr\/wp-content\/uploads\/2022\/01\/grandprix-768x967.jpg 768w, https:\/\/www.pictofoundation.fr\/wp-content\/uploads\/2022\/01\/grandprix-500x630.jpg 500w, https:\/\/www.pictofoundation.fr\/wp-content\/uploads\/2022\/01\/grandprix-800x1008.jpg 800w\" sizes=\"auto, (max-width: 813px) 100vw, 813px\" \/><figcaption id=\"caption-attachment-5826\" class=\"wp-caption-text\">Grand Prix Este\u0301e Lauder Pink Ribbon Photo Award \u00a9 Marie Daver\u00e8de<\/figcaption><\/figure>\n<p>I met Yasmine in a bar. A sunny and smiling young woman. A year later, she contacted me and informed me that she had been diagnosed with breast cancer; I feel her resilience and positive attitude through her voice. She explains to me that she wants to do a shoot to accept her new look, I was delighted with her proposal and even more so with this session. Lots of energy and a visceral desire to move forward! It was difficult for us to choose a photo because they all expressed something valuable, but in this one, gratitude adorns her eyes and her smile.<\/p>\n<p><strong>ACCESSIT PRIZE: Clara Ceccarelli<\/strong><\/p>\n<figure id=\"attachment_5827\" aria-describedby=\"caption-attachment-5827\" style=\"width: 764px\" class=\"wp-caption aligncenter\"><img loading=\"lazy\" decoding=\"async\" class=\"size-full wp-image-7041\" src=\"https:\/\/www.pictofoundation.fr\/wp-content\/uploads\/2022\/01\/prixaccessit_1.jpg\" alt=\"\" width=\"764\" height=\"1024\" srcset=\"https:\/\/www.pictofoundation.fr\/wp-content\/uploads\/2022\/01\/prixaccessit_1.jpg 764w, https:\/\/www.pictofoundation.fr\/wp-content\/uploads\/2022\/01\/prixaccessit_1-224x300.jpg 224w, https:\/\/www.pictofoundation.fr\/wp-content\/uploads\/2022\/01\/prixaccessit_1-500x670.jpg 500w\" sizes=\"auto, (max-width: 764px) 100vw, 764px\" \/><figcaption id=\"caption-attachment-5827\" class=\"wp-caption-text\">Prix Accessit Este\u0301e Lauder Pink Ribbon Photo Award \u00a9 Clara Ceccarelli<\/figcaption><\/figure>\n<p>\u00ab I remember the people who surrounded me, protected me, pampered me when the heart seeks elsewhere a source of peace. I remember the day when life exploded in my body again, a true healing of the spirit. I then felt like a woman right through to the end of the treatment, a woman right down to the tip of my breast. Little musical notes in mind, drops of water that slide and play with my fingers thanking life and all my people. Tenderness of the women and men encountered on my path to rebuild my future like a song of hope, like a promise of joy. Then this snapshot in a great burst of laughter to embrace the world and open the way for me. \u00bb \u2014Christine<\/p>\n<p><strong> ACCESSIT PRIZE: Val\u00e9rie Pinard <\/strong><\/p>\n<figure id=\"attachment_5829\" aria-describedby=\"caption-attachment-5829\" style=\"width: 683px\" class=\"wp-caption aligncenter\"><img loading=\"lazy\" decoding=\"async\" class=\"size-full wp-image-7043\" src=\"https:\/\/www.pictofoundation.fr\/wp-content\/uploads\/2022\/01\/prixaccessit_2.jpg\" alt=\"\" width=\"683\" height=\"1024\" srcset=\"https:\/\/www.pictofoundation.fr\/wp-content\/uploads\/2022\/01\/prixaccessit_2.jpg 683w, https:\/\/www.pictofoundation.fr\/wp-content\/uploads\/2022\/01\/prixaccessit_2-200x300.jpg 200w, https:\/\/www.pictofoundation.fr\/wp-content\/uploads\/2022\/01\/prixaccessit_2-500x750.jpg 500w\" sizes=\"auto, (max-width: 683px) 100vw, 683px\" \/><figcaption id=\"caption-attachment-5829\" class=\"wp-caption-text\">Prix Accessit Este\u0301e Lauder Pink Ribbon Photo Award \u00a9 Val\u00e9rie Pinard<\/figcaption><\/figure>\n<p>The photograph reflects the affirmation of the choice of a woman who refused the reconstruction of her body by transforming it into a work. With the help of his companion, the composition of the photograph was thought out by three people. The color was preferred for its contemporary character and in accordance with the \u201cGratitude\u201d theme, bringing serenity, hope and the future. It is in these words that Alexandra wishes to raise public awareness among women affected by the disease: \u201cGratitude to these flowers tattooed on my new body transformed by cancer. Gratitude to my femininity and sensuality rediscovered by the magic of a hand that delicately placed these curves on my scar. Gratitude to this tattoo, my reconstruction, which allowed me to rediscover seduction, which makes me feel woman and beautiful, beautiful in the Amazon, beautiful under the hands of my lover. Gratitude to my benefactors, to L\u00e9a for her talent as a tattoo artist, to my loved one for being so beautiful in his eyes. \u00bb<\/p>\n<p><strong>THE TEVA PUBLIC AWARD: Alison Bounce<\/strong><\/p>\n<figure id=\"attachment_5828\" aria-describedby=\"caption-attachment-5828\" style=\"width: 683px\" class=\"wp-caption aligncenter\"><img loading=\"lazy\" decoding=\"async\" class=\"size-full wp-image-7042\" src=\"https:\/\/www.pictofoundation.fr\/wp-content\/uploads\/2022\/01\/prixdupublic.jpg\" alt=\"\" width=\"683\" height=\"1024\" srcset=\"https:\/\/www.pictofoundation.fr\/wp-content\/uploads\/2022\/01\/prixdupublic.jpg 683w, https:\/\/www.pictofoundation.fr\/wp-content\/uploads\/2022\/01\/prixdupublic-200x300.jpg 200w, https:\/\/www.pictofoundation.fr\/wp-content\/uploads\/2022\/01\/prixdupublic-500x750.jpg 500w\" sizes=\"auto, (max-width: 683px) 100vw, 683px\" \/><figcaption id=\"caption-attachment-5828\" class=\"wp-caption-text\">Prix Public Este\u0301e Lauder Pink Ribbon Photo Award \u00a9 Alison Bounce<\/figcaption><\/figure>\n<p>\u00ab I\u2019m Caroline. I lost my parents to cancer at 25, so I traveled the world for a year, alone. When I returned, my cancer was there, hormone-dependent, very aggressive. Another adventure begins. There were two phases. First, fear. Of dying, of not being able to get there. Then acceptance: understanding that my mother&#8217;s cancer is not mine and that I am not responsible. Gratitude comes from others. I have a lot of admiration for the photographers who accompanied me. They sublimated my fears. We worked together on the view of cancer, telling the story with a lot of poetry, sensitivity, and femininity. It\u2019s thanks to them that I see the disease differently. To my parents. I remember from my mother her smile, her strength, her combativeness in the face of adversity even after four recurrences, this ability to always get back up. From my father, his humor and his self-deprecation. Always see the positive side and enjoy life. More than ever, you are with me. \u00bb<br \/>\n\u2014 Caroline<\/p>\n<p>More info : www.pinkribbonaward.fr<\/p>\n","protected":false},"excerpt":{"rendered":"<p>For this edition of the competition, with the theme: \u201cGRATITUDE\u201d, the Est\u00e9e Lauder Pink Ribbon Award Jury brought together professionals from the world of photography as well as actors committed to the fight against breast cancer. They rewarded 3 winners from a selection of 40 finalists. The Grand Prize was awarded to Marie Daver\u00e8de and [&hellip;]<\/p>\n","protected":false},"author":3,"featured_media":7039,"comment_status":"closed","ping_status":"open","sticky":false,"template":"single-post-style-2.php","format":"standard","meta":{"_acf_changed":false,"_vp_format_video_url":"","_vp_image_focal_point":[],"footnotes":""},"categories":[132],"tags":[143,144,145],"class_list":["post-12221","post","type-post","status-publish","format-standard","has-post-thumbnail","hentry","category-prix-en","tag-concours-en","tag-estee-lauder-pink-ribbon-photo-award-en","tag-solidarite-en"],"acf":[],"yoast_head":"<!-- This site is optimized with the Yoast SEO plugin v25.4 - https:\/\/yoast.com\/wordpress\/plugins\/seo\/ -->\n<title>Est\u00e9e Lauder Pink Ribbon Photo Award 2021 - Picto Foundation<\/title>\n<meta name=\"robots\" content=\"index, follow, max-snippet:-1, max-image-preview:large, max-video-preview:-1\" \/>\n<link rel=\"canonical\" href=\"https:\/\/www.pictofoundation.fr\/en\/estee-lauder-pink-ribbon-photo-award-2021\/\" \/>\n<meta property=\"og:locale\" content=\"en_US\" \/>\n<meta property=\"og:type\" content=\"article\" \/>\n<meta property=\"og:title\" content=\"Est\u00e9e Lauder Pink Ribbon Photo Award 2021 - Picto Foundation\" \/>\n<meta property=\"og:description\" content=\"For this edition of the competition, with the theme: \u201cGRATITUDE\u201d, the Est\u00e9e Lauder Pink Ribbon Award Jury brought together professionals from the world of photography as well as actors committed to the fight against breast cancer. They rewarded 3 winners from a selection of 40 finalists. The Grand Prize was awarded to Marie Daver\u00e8de and [&hellip;]\" \/>\n<meta property=\"og:url\" content=\"https:\/\/www.pictofoundation.fr\/en\/estee-lauder-pink-ribbon-photo-award-2021\/\" \/>\n<meta property=\"og:site_name\" content=\"Picto Foundation\" \/>\n<meta property=\"article:published_time\" content=\"2021-11-12T09:27:25+00:00\" \/>\n<meta property=\"article:modified_time\" content=\"2024-05-30T14:42:37+00:00\" \/>\n<meta property=\"og:image\" content=\"https:\/\/www.pictofoundation.fr\/wp-content\/uploads\/2022\/01\/prixaccessit_2-copie.jpg\" \/>\n\t<meta property=\"og:image:width\" content=\"1200\" \/>\n\t<meta property=\"og:image:height\" content=\"829\" \/>\n\t<meta property=\"og:image:type\" content=\"image\/jpeg\" \/>\n<meta name=\"author\" content=\"Ericka Weidmann\" \/>\n<meta name=\"twitter:card\" content=\"summary_large_image\" \/>\n<meta name=\"twitter:label1\" content=\"Written by\" \/>\n\t<meta name=\"twitter:data1\" content=\"Ericka Weidmann\" \/>\n\t<meta name=\"twitter:label2\" content=\"Est. reading time\" \/>\n\t<meta name=\"twitter:data2\" content=\"5 minutes\" \/>\n<script type=\"application\/ld+json\" class=\"yoast-schema-graph\">{\"@context\":\"https:\/\/schema.org\",\"@graph\":[{\"@type\":\"WebPage\",\"@id\":\"https:\/\/www.pictofoundation.fr\/en\/estee-lauder-pink-ribbon-photo-award-2021\/\",\"url\":\"https:\/\/www.pictofoundation.fr\/en\/estee-lauder-pink-ribbon-photo-award-2021\/\",\"name\":\"Est\u00e9e Lauder Pink Ribbon Photo Award 2021 - Picto Foundation\",\"isPartOf\":{\"@id\":\"https:\/\/www.pictofoundation.fr\/en\/#website\"},\"primaryImageOfPage\":{\"@id\":\"https:\/\/www.pictofoundation.fr\/en\/estee-lauder-pink-ribbon-photo-award-2021\/#primaryimage\"},\"image\":{\"@id\":\"https:\/\/www.pictofoundation.fr\/en\/estee-lauder-pink-ribbon-photo-award-2021\/#primaryimage\"},\"thumbnailUrl\":\"https:\/\/www.pictofoundation.fr\/wp-content\/uploads\/2022\/01\/prixaccessit_2-copie.jpg\",\"datePublished\":\"2021-11-12T09:27:25+00:00\",\"dateModified\":\"2024-05-30T14:42:37+00:00\",\"author\":{\"@id\":\"https:\/\/www.pictofoundation.fr\/en\/#\/schema\/person\/b80b86e5bfdeda634261a6b76495817c\"},\"breadcrumb\":{\"@id\":\"https:\/\/www.pictofoundation.fr\/en\/estee-lauder-pink-ribbon-photo-award-2021\/#breadcrumb\"},\"inLanguage\":\"en-US\",\"potentialAction\":[{\"@type\":\"ReadAction\",\"target\":[\"https:\/\/www.pictofoundation.fr\/en\/estee-lauder-pink-ribbon-photo-award-2021\/\"]}]},{\"@type\":\"ImageObject\",\"inLanguage\":\"en-US\",\"@id\":\"https:\/\/www.pictofoundation.fr\/en\/estee-lauder-pink-ribbon-photo-award-2021\/#primaryimage\",\"url\":\"https:\/\/www.pictofoundation.fr\/wp-content\/uploads\/2022\/01\/prixaccessit_2-copie.jpg\",\"contentUrl\":\"https:\/\/www.pictofoundation.fr\/wp-content\/uploads\/2022\/01\/prixaccessit_2-copie.jpg\",\"width\":1200,\"height\":829},{\"@type\":\"BreadcrumbList\",\"@id\":\"https:\/\/www.pictofoundation.fr\/en\/estee-lauder-pink-ribbon-photo-award-2021\/#breadcrumb\",\"itemListElement\":[{\"@type\":\"ListItem\",\"position\":1,\"name\":\"Accueil\",\"item\":\"https:\/\/www.pictofoundation.fr\/en\/\"},{\"@type\":\"ListItem\",\"position\":2,\"name\":\"Est\u00e9e Lauder Pink Ribbon Photo Award 2021\"}]},{\"@type\":\"WebSite\",\"@id\":\"https:\/\/www.pictofoundation.fr\/en\/#website\",\"url\":\"https:\/\/www.pictofoundation.fr\/en\/\",\"name\":\"Picto Foundation\",\"description\":\"Site de la fondation Picto, Groupe Picto\",\"potentialAction\":[{\"@type\":\"SearchAction\",\"target\":{\"@type\":\"EntryPoint\",\"urlTemplate\":\"https:\/\/www.pictofoundation.fr\/en\/?s={search_term_string}\"},\"query-input\":{\"@type\":\"PropertyValueSpecification\",\"valueRequired\":true,\"valueName\":\"search_term_string\"}}],\"inLanguage\":\"en-US\"},{\"@type\":\"Person\",\"@id\":\"https:\/\/www.pictofoundation.fr\/en\/#\/schema\/person\/b80b86e5bfdeda634261a6b76495817c\",\"name\":\"Ericka Weidmann\",\"url\":\"https:\/\/www.pictofoundation.fr\/en\/author\/ericka\/\"}]}<\/script>\n<!-- \/ Yoast SEO plugin. -->","yoast_head_json":{"title":"Est\u00e9e Lauder Pink Ribbon Photo Award 2021 - Picto Foundation","robots":{"index":"index","follow":"follow","max-snippet":"max-snippet:-1","max-image-preview":"max-image-preview:large","max-video-preview":"max-video-preview:-1"},"canonical":"https:\/\/www.pictofoundation.fr\/en\/estee-lauder-pink-ribbon-photo-award-2021\/","og_locale":"en_US","og_type":"article","og_title":"Est\u00e9e Lauder Pink Ribbon Photo Award 2021 - Picto Foundation","og_description":"For this edition of the competition, with the theme: \u201cGRATITUDE\u201d, the Est\u00e9e Lauder Pink Ribbon Award Jury brought together professionals from the world of photography as well as actors committed to the fight against breast cancer. They rewarded 3 winners from a selection of 40 finalists. The Grand Prize was awarded to Marie Daver\u00e8de and [&hellip;]","og_url":"https:\/\/www.pictofoundation.fr\/en\/estee-lauder-pink-ribbon-photo-award-2021\/","og_site_name":"Picto Foundation","article_published_time":"2021-11-12T09:27:25+00:00","article_modified_time":"2024-05-30T14:42:37+00:00","og_image":[{"width":1200,"height":829,"url":"https:\/\/www.pictofoundation.fr\/wp-content\/uploads\/2022\/01\/prixaccessit_2-copie.jpg","type":"image\/jpeg"}],"author":"Ericka Weidmann","twitter_card":"summary_large_image","twitter_misc":{"Written by":"Ericka Weidmann","Est. reading time":"5 minutes"},"schema":{"@context":"https:\/\/schema.org","@graph":[{"@type":"WebPage","@id":"https:\/\/www.pictofoundation.fr\/en\/estee-lauder-pink-ribbon-photo-award-2021\/","url":"https:\/\/www.pictofoundation.fr\/en\/estee-lauder-pink-ribbon-photo-award-2021\/","name":"Est\u00e9e Lauder Pink Ribbon Photo Award 2021 - Picto Foundation","isPartOf":{"@id":"https:\/\/www.pictofoundation.fr\/en\/#website"},"primaryImageOfPage":{"@id":"https:\/\/www.pictofoundation.fr\/en\/estee-lauder-pink-ribbon-photo-award-2021\/#primaryimage"},"image":{"@id":"https:\/\/www.pictofoundation.fr\/en\/estee-lauder-pink-ribbon-photo-award-2021\/#primaryimage"},"thumbnailUrl":"https:\/\/www.pictofoundation.fr\/wp-content\/uploads\/2022\/01\/prixaccessit_2-copie.jpg","datePublished":"2021-11-12T09:27:25+00:00","dateModified":"2024-05-30T14:42:37+00:00","author":{"@id":"https:\/\/www.pictofoundation.fr\/en\/#\/schema\/person\/b80b86e5bfdeda634261a6b76495817c"},"breadcrumb":{"@id":"https:\/\/www.pictofoundation.fr\/en\/estee-lauder-pink-ribbon-photo-award-2021\/#breadcrumb"},"inLanguage":"en-US","potentialAction":[{"@type":"ReadAction","target":["https:\/\/www.pictofoundation.fr\/en\/estee-lauder-pink-ribbon-photo-award-2021\/"]}]},{"@type":"ImageObject","inLanguage":"en-US","@id":"https:\/\/www.pictofoundation.fr\/en\/estee-lauder-pink-ribbon-photo-award-2021\/#primaryimage","url":"https:\/\/www.pictofoundation.fr\/wp-content\/uploads\/2022\/01\/prixaccessit_2-copie.jpg","contentUrl":"https:\/\/www.pictofoundation.fr\/wp-content\/uploads\/2022\/01\/prixaccessit_2-copie.jpg","width":1200,"height":829},{"@type":"BreadcrumbList","@id":"https:\/\/www.pictofoundation.fr\/en\/estee-lauder-pink-ribbon-photo-award-2021\/#breadcrumb","itemListElement":[{"@type":"ListItem","position":1,"name":"Accueil","item":"https:\/\/www.pictofoundation.fr\/en\/"},{"@type":"ListItem","position":2,"name":"Est\u00e9e Lauder Pink Ribbon Photo Award 2021"}]},{"@type":"WebSite","@id":"https:\/\/www.pictofoundation.fr\/en\/#website","url":"https:\/\/www.pictofoundation.fr\/en\/","name":"Picto Foundation","description":"Site de la fondation Picto, Groupe Picto","potentialAction":[{"@type":"SearchAction","target":{"@type":"EntryPoint","urlTemplate":"https:\/\/www.pictofoundation.fr\/en\/?s={search_term_string}"},"query-input":{"@type":"PropertyValueSpecification","valueRequired":true,"valueName":"search_term_string"}}],"inLanguage":"en-US"},{"@type":"Person","@id":"https:\/\/www.pictofoundation.fr\/en\/#\/schema\/person\/b80b86e5bfdeda634261a6b76495817c","name":"Ericka Weidmann","url":"https:\/\/www.pictofoundation.fr\/en\/author\/ericka\/"}]}},"_links":{"self":[{"href":"https:\/\/www.pictofoundation.fr\/en\/wp-json\/wp\/v2\/posts\/12221","targetHints":{"allow":["GET"]}}],"collection":[{"href":"https:\/\/www.pictofoundation.fr\/en\/wp-json\/wp\/v2\/posts"}],"about":[{"href":"https:\/\/www.pictofoundation.fr\/en\/wp-json\/wp\/v2\/types\/post"}],"author":[{"embeddable":true,"href":"https:\/\/www.pictofoundation.fr\/en\/wp-json\/wp\/v2\/users\/3"}],"replies":[{"embeddable":true,"href":"https:\/\/www.pictofoundation.fr\/en\/wp-json\/wp\/v2\/comments?post=12221"}],"version-history":[{"count":0,"href":"https:\/\/www.pictofoundation.fr\/en\/wp-json\/wp\/v2\/posts\/12221\/revisions"}],"wp:featuredmedia":[{"embeddable":true,"href":"https:\/\/www.pictofoundation.fr\/en\/wp-json\/wp\/v2\/media\/7039"}],"wp:attachment":[{"href":"https:\/\/www.pictofoundation.fr\/en\/wp-json\/wp\/v2\/media?parent=12221"}],"wp:term":[{"taxonomy":"category","embeddable":true,"href":"https:\/\/www.pictofoundation.fr\/en\/wp-json\/wp\/v2\/categories?post=12221"},{"taxonomy":"post_tag","embeddable":true,"href":"https:\/\/www.pictofoundation.fr\/en\/wp-json\/wp\/v2\/tags?post=12221"}],"curies":[{"name":"wp","href":"https:\/\/api.w.org\/{rel}","templated":true}]}}