{"id":12225,"date":"2020-11-16T10:21:15","date_gmt":"2020-11-16T09:21:15","guid":{"rendered":"https:\/\/www.pictofoundation.fr\/estee-lauder-pink-ribbon-photo-award-2020\/"},"modified":"2024-05-30T16:45:54","modified_gmt":"2024-05-30T14:45:54","slug":"estee-lauder-pink-ribbon-photo-award-2020","status":"publish","type":"post","link":"https:\/\/www.pictofoundation.fr\/en\/estee-lauder-pink-ribbon-photo-award-2020\/","title":{"rendered":"Est\u00e9e Lauder Pink Ribbon Photo Award 2020"},"content":{"rendered":"<p>For this edition of the competition, focused on the theme: \u201cRESILIENCE\u201d, the Est\u00e9e Lauder Pink Ribbon Award Jury brought together professionals from the world of photography as well as actors committed to the fight against breast cancer. This rewarded 3 winners from a selection of 40 finalists. The Grand Prize was awarded to Margot Lestien and the two Accessits Prizes to Isabelle Mertens and Y\u00e9ri B\u00e9r\u00e9nice Ou\u00e9draogo. The T\u00e9va Audience Award was awarded to Julien Cresp.<\/p>\n<p><strong> THE LAUREATES :<\/strong><\/p>\n<p>Grand Jury Prize: Margot Lestien<br \/>\nAccessit Prize: Isabelle Mertens<br \/>\nAccessit Prize: Y\u00e9ri B\u00e9r\u00e9nice Ou\u00e9draogo<br \/>\nT\u00e9va Audience Award: Julien Cresp<\/p>\n<p><strong> GRAND PRIZE: Margot Lestien <\/strong><\/p>\n<figure id=\"attachment_5822\" aria-describedby=\"caption-attachment-5822\" style=\"width: 600px\" class=\"wp-caption aligncenter\"><img loading=\"lazy\" decoding=\"async\" class=\"size-full wp-image-7038\" src=\"https:\/\/www.pictofoundation.fr\/wp-content\/uploads\/2022\/01\/Margot-Lestien-Este\u0301e-Lauder-Pink-Ribbon-Photo-Award.jpeg\" alt=\"\" width=\"600\" height=\"800\" srcset=\"https:\/\/www.pictofoundation.fr\/wp-content\/uploads\/2022\/01\/Margot-Lestien-Este\u0301e-Lauder-Pink-Ribbon-Photo-Award.jpeg 600w, https:\/\/www.pictofoundation.fr\/wp-content\/uploads\/2022\/01\/Margot-Lestien-Este\u0301e-Lauder-Pink-Ribbon-Photo-Award-225x300.jpeg 225w, https:\/\/www.pictofoundation.fr\/wp-content\/uploads\/2022\/01\/Margot-Lestien-Este\u0301e-Lauder-Pink-Ribbon-Photo-Award-500x667.jpeg 500w\" sizes=\"auto, (max-width: 600px) 100vw, 600px\" \/><figcaption id=\"caption-attachment-5822\" class=\"wp-caption-text\">Grand Prix Este\u0301e Lauder Pink Ribbon Photo Award \u00a9 Margot Lestien<\/figcaption><\/figure>\n<p>\u00ab There was the icy cold of the announcement which threw me into death. There is the cool water in which I immerse myself and reminds my every pore that I am alive.<br \/>\nThere was my river of tears. There are the furrows in the corners of my eyes every time I laugh.<br \/>\nMy left breast had been cut out and sutured. There is my right breast which stands out of the water.<br \/>\nThere had been my insensitive skin. There is my submerged scar that shivers.<br \/>\nThere had been the radiotherapy rays burning. There are the rays of the sun that warm my body.<br \/>\nThere was, there is and there will always be the current of water, of life which sometimes pulls me along and mishandles me, slips through my fingers and slips over me. But I also know how to split this current, rewind it, navigate it, immerse myself in it and, like it, renew myself.<br \/>\nAnd from this strange baptism my irregular bust emerges with the same name as that of this river: the Proud. \u00bb<br \/>\n\u2014 Patricia<\/p>\n<p><strong> ACCESSIT PRIZE: Isabelle Mertens <\/strong><\/p>\n<figure id=\"attachment_5821\" aria-describedby=\"caption-attachment-5821\" style=\"width: 1000px\" class=\"wp-caption aligncenter\"><img loading=\"lazy\" decoding=\"async\" class=\"size-full wp-image-7037\" src=\"https:\/\/www.pictofoundation.fr\/wp-content\/uploads\/2022\/01\/Isabelle-Mertens-prixaccessit_1-copie.jpeg\" alt=\"\" width=\"1000\" height=\"663\" srcset=\"https:\/\/www.pictofoundation.fr\/wp-content\/uploads\/2022\/01\/Isabelle-Mertens-prixaccessit_1-copie.jpeg 1000w, https:\/\/www.pictofoundation.fr\/wp-content\/uploads\/2022\/01\/Isabelle-Mertens-prixaccessit_1-copie-300x199.jpeg 300w, https:\/\/www.pictofoundation.fr\/wp-content\/uploads\/2022\/01\/Isabelle-Mertens-prixaccessit_1-copie-768x509.jpeg 768w, https:\/\/www.pictofoundation.fr\/wp-content\/uploads\/2022\/01\/Isabelle-Mertens-prixaccessit_1-copie-500x332.jpeg 500w, https:\/\/www.pictofoundation.fr\/wp-content\/uploads\/2022\/01\/Isabelle-Mertens-prixaccessit_1-copie-800x530.jpeg 800w\" sizes=\"auto, (max-width: 1000px) 100vw, 1000px\" \/><figcaption id=\"caption-attachment-5821\" class=\"wp-caption-text\">Prix Accessit Este\u0301e Lauder Pink Ribbon Photo Award \u00a9 Isabelle Mertens<\/figcaption><\/figure>\n<p>\u00ab Boasting to see my bare head.<br \/>\nJohn shaves the back of my head.<br \/>\nHair falls out.<br \/>\nMy face doesn&#8217;t change in the mirror.<br \/>\nMy eyes sparkle. It&#8217;s a game.<br \/>\nSomething we don&#8217;t do.<br \/>\nIt\u2019s also a double or nothing.<br \/>\nBeautiful or ugly?<br \/>\nOnce the surprise has passed, I feel a certain strength in no longer having hair on my head.<br \/>\nAs if being stripped down brought me strength, softness and femininity.<br \/>\nAm I naked?<br \/>\nOr on the contrary, am I less touchable, less attackable, less reachable?<\/p>\n<p>Does this bare head make me this woman of humanity?<br \/>\nThis billionaire lineage of years?<\/p>\n<p>For sure, I feel strong of humanity when my skull appears.<br \/>\nThe first men. The first women. I am the fruit of this lineage.<\/p>\n<p>Privileged strip down.<br \/>\nStripping of humanity.<\/p>\n<p>Thank you Life for this experience that I would never have dared and which does me good.<br \/>\nI feel connected.<br \/>\nSo connected. \u00bb<br \/>\n\u2014 D\u00e9borah<\/p>\n<p><strong> ACCESSIT PRIZE: Y\u00e9ri B\u00e9r\u00e9nice Ou\u00e9draogo <\/strong><\/p>\n<figure id=\"attachment_5820\" aria-describedby=\"caption-attachment-5820\" style=\"width: 598px\" class=\"wp-caption aligncenter\"><img loading=\"lazy\" decoding=\"async\" class=\"size-full wp-image-7036\" src=\"https:\/\/www.pictofoundation.fr\/wp-content\/uploads\/2022\/01\/Ye\u0301ri-Be\u0301re\u0301nice-Oue\u0301draogo-prixaccessit_2-copie.jpeg\" alt=\"\" width=\"598\" height=\"800\" srcset=\"https:\/\/www.pictofoundation.fr\/wp-content\/uploads\/2022\/01\/Ye\u0301ri-Be\u0301re\u0301nice-Oue\u0301draogo-prixaccessit_2-copie.jpeg 598w, https:\/\/www.pictofoundation.fr\/wp-content\/uploads\/2022\/01\/Ye\u0301ri-Be\u0301re\u0301nice-Oue\u0301draogo-prixaccessit_2-copie-224x300.jpeg 224w, https:\/\/www.pictofoundation.fr\/wp-content\/uploads\/2022\/01\/Ye\u0301ri-Be\u0301re\u0301nice-Oue\u0301draogo-prixaccessit_2-copie-500x669.jpeg 500w\" sizes=\"auto, (max-width: 598px) 100vw, 598px\" \/><figcaption id=\"caption-attachment-5820\" class=\"wp-caption-text\">Prix Accessit Este\u0301e Lauder Pink Ribbon Photo Award \u00a9 Ye\u0301ri Be\u0301re\u0301nice Oue\u0301draogo<\/figcaption><\/figure>\n<p>Do you remember Grandma from this moment?<br \/>\nAt that precise moment, I became an adult. Until then I felt like I was five and a half years old, the age of our separation.<br \/>\nI then dared to tell you about this body hidden under your colorful loincloths.<br \/>\nMom translated the intention of my project into the Lobi dialect.<br \/>\nI wanted to see, touch, feel and share with you this past ordeal; four years ago and far from me.<br \/>\nYour reaction matched what you could express, you, the mother of eight children, upright and proud, with a frank gaze.<br \/>\nYou took off the top of your wax and presented yourself to me without a word. A heavy silence but shouting everything that we could not say to each other through the barrier of language. You impressed me and at the same time, I wanted to become your veil of protection.<br \/>\nI placed my hand not on this breast which is no longer but on the scar which replaces it.<br \/>\nYou didn&#8217;t move and you offered me your soul. You understand the importance of my request.<br \/>\nMinafr\u00e9 (I love you).<\/p>\n<p><strong> THE TEVA AUDIENCE AWARD: Julien Cresp <\/strong><\/p>\n<figure id=\"attachment_5819\" aria-describedby=\"caption-attachment-5819\" style=\"width: 533px\" class=\"wp-caption aligncenter\"><img loading=\"lazy\" decoding=\"async\" class=\"size-full wp-image-7035\" src=\"https:\/\/www.pictofoundation.fr\/wp-content\/uploads\/2022\/01\/Julien-Cresp-prixdupublic-copie.jpeg\" alt=\"\" width=\"533\" height=\"800\" srcset=\"https:\/\/www.pictofoundation.fr\/wp-content\/uploads\/2022\/01\/Julien-Cresp-prixdupublic-copie.jpeg 533w, https:\/\/www.pictofoundation.fr\/wp-content\/uploads\/2022\/01\/Julien-Cresp-prixdupublic-copie-200x300.jpeg 200w, https:\/\/www.pictofoundation.fr\/wp-content\/uploads\/2022\/01\/Julien-Cresp-prixdupublic-copie-500x750.jpeg 500w\" sizes=\"auto, (max-width: 533px) 100vw, 533px\" \/><figcaption id=\"caption-attachment-5819\" class=\"wp-caption-text\">Prix Public Este\u0301e Lauder Pink Ribbon Photo Award \u00a9 Julien Cresp<\/figcaption><\/figure>\n<p>\u00ab In the darkness of trial, facing the abyss of our weakness, a force emerges from beyond ourselves and offers us this opportunity: to choose life!<br \/>\nThe shock of cancer made me want to bring together the best in me and around me, those I love, to climb this mountain of illness together: roped together to the summit, to the healing!<br \/>\nI believe that union creates strength, that communion transcends, that the other is a ferryman.<br \/>\nLike the asperities necessary for ascension, our faults are fertile. Light shines there.<br \/>\nIn the lens of the photographer friend, they are there, invisible. They pull the rope, a tension, a dance. Complicity. Gratitude. Hope. Audacity can be read on my forehead: \u201cDown with the retching!\u201d &#8220;. My adage: \u201cHearts up\u201d. Resilience.<br \/>\nAs a milliner, twenty years ago, I worked on femininity around the head. Today, bareheaded, I embrace femininity without complexes.<br \/>\nThe mountain undresses me to refocus on the essential: living!  \u00bb<br \/>\n\u2014 Marie-Cl\u00e9mence.<\/p>\n<p>More info : www.pinkribbonaward.fr<\/p>\n","protected":false},"excerpt":{"rendered":"<p>For this edition of the competition, focused on the theme: \u201cRESILIENCE\u201d, the Est\u00e9e Lauder Pink Ribbon Award Jury brought together professionals from the world of photography as well as actors committed to the fight against breast cancer. This rewarded 3 winners from a selection of 40 finalists. The Grand Prize was awarded to Margot Lestien [&hellip;]<\/p>\n","protected":false},"author":3,"featured_media":7037,"comment_status":"closed","ping_status":"open","sticky":false,"template":"single-post-style-2.php","format":"standard","meta":{"_acf_changed":false,"_vp_format_video_url":"","_vp_image_focal_point":[],"footnotes":""},"categories":[132],"tags":[143,144,145],"class_list":["post-12225","post","type-post","status-publish","format-standard","has-post-thumbnail","hentry","category-prix-en","tag-concours-en","tag-estee-lauder-pink-ribbon-photo-award-en","tag-solidarite-en"],"acf":[],"yoast_head":"<!-- This site is optimized with the Yoast SEO plugin v25.4 - https:\/\/yoast.com\/wordpress\/plugins\/seo\/ -->\n<title>Est\u00e9e Lauder Pink Ribbon Photo Award 2020 - Picto Foundation<\/title>\n<meta name=\"robots\" content=\"index, follow, max-snippet:-1, max-image-preview:large, max-video-preview:-1\" \/>\n<link rel=\"canonical\" href=\"https:\/\/www.pictofoundation.fr\/en\/estee-lauder-pink-ribbon-photo-award-2020\/\" \/>\n<meta property=\"og:locale\" content=\"en_US\" \/>\n<meta property=\"og:type\" content=\"article\" \/>\n<meta property=\"og:title\" content=\"Est\u00e9e Lauder Pink Ribbon Photo Award 2020 - Picto Foundation\" \/>\n<meta property=\"og:description\" content=\"For this edition of the competition, focused on the theme: \u201cRESILIENCE\u201d, the Est\u00e9e Lauder Pink Ribbon Award Jury brought together professionals from the world of photography as well as actors committed to the fight against breast cancer. This rewarded 3 winners from a selection of 40 finalists. The Grand Prize was awarded to Margot Lestien [&hellip;]\" \/>\n<meta property=\"og:url\" content=\"https:\/\/www.pictofoundation.fr\/en\/estee-lauder-pink-ribbon-photo-award-2020\/\" \/>\n<meta property=\"og:site_name\" content=\"Picto Foundation\" \/>\n<meta property=\"article:published_time\" content=\"2020-11-16T09:21:15+00:00\" \/>\n<meta property=\"article:modified_time\" content=\"2024-05-30T14:45:54+00:00\" \/>\n<meta property=\"og:image\" content=\"https:\/\/www.pictofoundation.fr\/wp-content\/uploads\/2022\/01\/Isabelle-Mertens-prixaccessit_1-copie.jpeg\" \/>\n\t<meta property=\"og:image:width\" content=\"1000\" \/>\n\t<meta property=\"og:image:height\" content=\"663\" \/>\n\t<meta property=\"og:image:type\" content=\"image\/jpeg\" \/>\n<meta name=\"author\" content=\"Ericka Weidmann\" \/>\n<meta name=\"twitter:card\" content=\"summary_large_image\" \/>\n<meta name=\"twitter:label1\" content=\"Written by\" \/>\n\t<meta name=\"twitter:data1\" content=\"Ericka Weidmann\" \/>\n\t<meta name=\"twitter:label2\" content=\"Est. reading time\" \/>\n\t<meta name=\"twitter:data2\" content=\"4 minutes\" \/>\n<script type=\"application\/ld+json\" class=\"yoast-schema-graph\">{\"@context\":\"https:\/\/schema.org\",\"@graph\":[{\"@type\":\"WebPage\",\"@id\":\"https:\/\/www.pictofoundation.fr\/en\/estee-lauder-pink-ribbon-photo-award-2020\/\",\"url\":\"https:\/\/www.pictofoundation.fr\/en\/estee-lauder-pink-ribbon-photo-award-2020\/\",\"name\":\"Est\u00e9e Lauder Pink Ribbon Photo Award 2020 - Picto Foundation\",\"isPartOf\":{\"@id\":\"https:\/\/www.pictofoundation.fr\/en\/#website\"},\"primaryImageOfPage\":{\"@id\":\"https:\/\/www.pictofoundation.fr\/en\/estee-lauder-pink-ribbon-photo-award-2020\/#primaryimage\"},\"image\":{\"@id\":\"https:\/\/www.pictofoundation.fr\/en\/estee-lauder-pink-ribbon-photo-award-2020\/#primaryimage\"},\"thumbnailUrl\":\"https:\/\/www.pictofoundation.fr\/wp-content\/uploads\/2022\/01\/Isabelle-Mertens-prixaccessit_1-copie.jpeg\",\"datePublished\":\"2020-11-16T09:21:15+00:00\",\"dateModified\":\"2024-05-30T14:45:54+00:00\",\"author\":{\"@id\":\"https:\/\/www.pictofoundation.fr\/en\/#\/schema\/person\/b80b86e5bfdeda634261a6b76495817c\"},\"breadcrumb\":{\"@id\":\"https:\/\/www.pictofoundation.fr\/en\/estee-lauder-pink-ribbon-photo-award-2020\/#breadcrumb\"},\"inLanguage\":\"en-US\",\"potentialAction\":[{\"@type\":\"ReadAction\",\"target\":[\"https:\/\/www.pictofoundation.fr\/en\/estee-lauder-pink-ribbon-photo-award-2020\/\"]}]},{\"@type\":\"ImageObject\",\"inLanguage\":\"en-US\",\"@id\":\"https:\/\/www.pictofoundation.fr\/en\/estee-lauder-pink-ribbon-photo-award-2020\/#primaryimage\",\"url\":\"https:\/\/www.pictofoundation.fr\/wp-content\/uploads\/2022\/01\/Isabelle-Mertens-prixaccessit_1-copie.jpeg\",\"contentUrl\":\"https:\/\/www.pictofoundation.fr\/wp-content\/uploads\/2022\/01\/Isabelle-Mertens-prixaccessit_1-copie.jpeg\",\"width\":1000,\"height\":663,\"caption\":\"Prix Accessit Este\u0301e Lauder Pink Ribbon Photo Award \u00a9 Isabelle Mertens\"},{\"@type\":\"BreadcrumbList\",\"@id\":\"https:\/\/www.pictofoundation.fr\/en\/estee-lauder-pink-ribbon-photo-award-2020\/#breadcrumb\",\"itemListElement\":[{\"@type\":\"ListItem\",\"position\":1,\"name\":\"Accueil\",\"item\":\"https:\/\/www.pictofoundation.fr\/en\/\"},{\"@type\":\"ListItem\",\"position\":2,\"name\":\"Est\u00e9e Lauder Pink Ribbon Photo Award 2020\"}]},{\"@type\":\"WebSite\",\"@id\":\"https:\/\/www.pictofoundation.fr\/en\/#website\",\"url\":\"https:\/\/www.pictofoundation.fr\/en\/\",\"name\":\"Picto Foundation\",\"description\":\"Site de la fondation Picto, Groupe Picto\",\"potentialAction\":[{\"@type\":\"SearchAction\",\"target\":{\"@type\":\"EntryPoint\",\"urlTemplate\":\"https:\/\/www.pictofoundation.fr\/en\/?s={search_term_string}\"},\"query-input\":{\"@type\":\"PropertyValueSpecification\",\"valueRequired\":true,\"valueName\":\"search_term_string\"}}],\"inLanguage\":\"en-US\"},{\"@type\":\"Person\",\"@id\":\"https:\/\/www.pictofoundation.fr\/en\/#\/schema\/person\/b80b86e5bfdeda634261a6b76495817c\",\"name\":\"Ericka Weidmann\",\"url\":\"https:\/\/www.pictofoundation.fr\/en\/author\/ericka\/\"}]}<\/script>\n<!-- \/ Yoast SEO plugin. -->","yoast_head_json":{"title":"Est\u00e9e Lauder Pink Ribbon Photo Award 2020 - Picto Foundation","robots":{"index":"index","follow":"follow","max-snippet":"max-snippet:-1","max-image-preview":"max-image-preview:large","max-video-preview":"max-video-preview:-1"},"canonical":"https:\/\/www.pictofoundation.fr\/en\/estee-lauder-pink-ribbon-photo-award-2020\/","og_locale":"en_US","og_type":"article","og_title":"Est\u00e9e Lauder Pink Ribbon Photo Award 2020 - Picto Foundation","og_description":"For this edition of the competition, focused on the theme: \u201cRESILIENCE\u201d, the Est\u00e9e Lauder Pink Ribbon Award Jury brought together professionals from the world of photography as well as actors committed to the fight against breast cancer. This rewarded 3 winners from a selection of 40 finalists. The Grand Prize was awarded to Margot Lestien [&hellip;]","og_url":"https:\/\/www.pictofoundation.fr\/en\/estee-lauder-pink-ribbon-photo-award-2020\/","og_site_name":"Picto Foundation","article_published_time":"2020-11-16T09:21:15+00:00","article_modified_time":"2024-05-30T14:45:54+00:00","og_image":[{"width":1000,"height":663,"url":"https:\/\/www.pictofoundation.fr\/wp-content\/uploads\/2022\/01\/Isabelle-Mertens-prixaccessit_1-copie.jpeg","type":"image\/jpeg"}],"author":"Ericka Weidmann","twitter_card":"summary_large_image","twitter_misc":{"Written by":"Ericka Weidmann","Est. reading time":"4 minutes"},"schema":{"@context":"https:\/\/schema.org","@graph":[{"@type":"WebPage","@id":"https:\/\/www.pictofoundation.fr\/en\/estee-lauder-pink-ribbon-photo-award-2020\/","url":"https:\/\/www.pictofoundation.fr\/en\/estee-lauder-pink-ribbon-photo-award-2020\/","name":"Est\u00e9e Lauder Pink Ribbon Photo Award 2020 - Picto Foundation","isPartOf":{"@id":"https:\/\/www.pictofoundation.fr\/en\/#website"},"primaryImageOfPage":{"@id":"https:\/\/www.pictofoundation.fr\/en\/estee-lauder-pink-ribbon-photo-award-2020\/#primaryimage"},"image":{"@id":"https:\/\/www.pictofoundation.fr\/en\/estee-lauder-pink-ribbon-photo-award-2020\/#primaryimage"},"thumbnailUrl":"https:\/\/www.pictofoundation.fr\/wp-content\/uploads\/2022\/01\/Isabelle-Mertens-prixaccessit_1-copie.jpeg","datePublished":"2020-11-16T09:21:15+00:00","dateModified":"2024-05-30T14:45:54+00:00","author":{"@id":"https:\/\/www.pictofoundation.fr\/en\/#\/schema\/person\/b80b86e5bfdeda634261a6b76495817c"},"breadcrumb":{"@id":"https:\/\/www.pictofoundation.fr\/en\/estee-lauder-pink-ribbon-photo-award-2020\/#breadcrumb"},"inLanguage":"en-US","potentialAction":[{"@type":"ReadAction","target":["https:\/\/www.pictofoundation.fr\/en\/estee-lauder-pink-ribbon-photo-award-2020\/"]}]},{"@type":"ImageObject","inLanguage":"en-US","@id":"https:\/\/www.pictofoundation.fr\/en\/estee-lauder-pink-ribbon-photo-award-2020\/#primaryimage","url":"https:\/\/www.pictofoundation.fr\/wp-content\/uploads\/2022\/01\/Isabelle-Mertens-prixaccessit_1-copie.jpeg","contentUrl":"https:\/\/www.pictofoundation.fr\/wp-content\/uploads\/2022\/01\/Isabelle-Mertens-prixaccessit_1-copie.jpeg","width":1000,"height":663,"caption":"Prix Accessit Este\u0301e Lauder Pink Ribbon Photo Award \u00a9 Isabelle Mertens"},{"@type":"BreadcrumbList","@id":"https:\/\/www.pictofoundation.fr\/en\/estee-lauder-pink-ribbon-photo-award-2020\/#breadcrumb","itemListElement":[{"@type":"ListItem","position":1,"name":"Accueil","item":"https:\/\/www.pictofoundation.fr\/en\/"},{"@type":"ListItem","position":2,"name":"Est\u00e9e Lauder Pink Ribbon Photo Award 2020"}]},{"@type":"WebSite","@id":"https:\/\/www.pictofoundation.fr\/en\/#website","url":"https:\/\/www.pictofoundation.fr\/en\/","name":"Picto Foundation","description":"Site de la fondation Picto, Groupe Picto","potentialAction":[{"@type":"SearchAction","target":{"@type":"EntryPoint","urlTemplate":"https:\/\/www.pictofoundation.fr\/en\/?s={search_term_string}"},"query-input":{"@type":"PropertyValueSpecification","valueRequired":true,"valueName":"search_term_string"}}],"inLanguage":"en-US"},{"@type":"Person","@id":"https:\/\/www.pictofoundation.fr\/en\/#\/schema\/person\/b80b86e5bfdeda634261a6b76495817c","name":"Ericka Weidmann","url":"https:\/\/www.pictofoundation.fr\/en\/author\/ericka\/"}]}},"_links":{"self":[{"href":"https:\/\/www.pictofoundation.fr\/en\/wp-json\/wp\/v2\/posts\/12225","targetHints":{"allow":["GET"]}}],"collection":[{"href":"https:\/\/www.pictofoundation.fr\/en\/wp-json\/wp\/v2\/posts"}],"about":[{"href":"https:\/\/www.pictofoundation.fr\/en\/wp-json\/wp\/v2\/types\/post"}],"author":[{"embeddable":true,"href":"https:\/\/www.pictofoundation.fr\/en\/wp-json\/wp\/v2\/users\/3"}],"replies":[{"embeddable":true,"href":"https:\/\/www.pictofoundation.fr\/en\/wp-json\/wp\/v2\/comments?post=12225"}],"version-history":[{"count":0,"href":"https:\/\/www.pictofoundation.fr\/en\/wp-json\/wp\/v2\/posts\/12225\/revisions"}],"wp:featuredmedia":[{"embeddable":true,"href":"https:\/\/www.pictofoundation.fr\/en\/wp-json\/wp\/v2\/media\/7037"}],"wp:attachment":[{"href":"https:\/\/www.pictofoundation.fr\/en\/wp-json\/wp\/v2\/media?parent=12225"}],"wp:term":[{"taxonomy":"category","embeddable":true,"href":"https:\/\/www.pictofoundation.fr\/en\/wp-json\/wp\/v2\/categories?post=12225"},{"taxonomy":"post_tag","embeddable":true,"href":"https:\/\/www.pictofoundation.fr\/en\/wp-json\/wp\/v2\/tags?post=12225"}],"curies":[{"name":"wp","href":"https:\/\/api.w.org\/{rel}","templated":true}]}}