{"id":12677,"date":"2024-07-04T18:30:42","date_gmt":"2024-07-04T16:30:42","guid":{"rendered":"https:\/\/www.pictofoundation.fr\/les-laureats-de-la-bourse-du-talent-2024\/"},"modified":"2024-07-16T16:37:48","modified_gmt":"2024-07-16T14:37:48","slug":"les-laureats-de-la-bourse-du-talent-2024","status":"publish","type":"post","link":"https:\/\/www.pictofoundation.fr\/en\/les-laureats-de-la-bourse-du-talent-2024\/","title":{"rendered":"Laureates 2024 Bourse du Talent"},"content":{"rendered":"<p>After 25 editions, Bourse du Talent has evolved with the aim of remaining close to the proposals of contemporary photographers. Since 2023, Bourse du Talent has focused on the new documentary writings used by photographers to tell the story of our world. At a time when press photography is tending to be projected onto screens rather than printed on paper, and when emerging photographers are broadly aligning their projects in a plurality of mediums and writings, Bourse du Talent still aims to be a megaphone for these new documentary expressions. The laureates of this 2024 edition are Hassan Kurbanbaev, Guillaume Holzer and Karla Hiraldo Voleau.<\/p>\n<p>The Biblioth\u00e8que nationale de France will exhibit the laureates alongside other prestigious prizes, such as the Ni\u00e9pce, Nadar and Camera Clara awards, as part of the exhibition La Photographie \u00e0 tout Prix, from 10th of December 2024 29th of March 2025.<\/p>\n<h4>Karla Hiraldo Voleau<br \/>\nDoble Moral<\/h4>\n<figure id=\"attachment_12395\" aria-describedby=\"caption-attachment-12395\" style=\"width: 1487px\" class=\"wp-caption aligncenter\"><img loading=\"lazy\" decoding=\"async\" class=\"size-full wp-image-12395\" src=\"https:\/\/www.pictofoundation.fr\/wp-content\/uploads\/2024\/07\/Hiraldo-Voleau_Karla_1-copie.jpg\" alt=\"\" width=\"1487\" height=\"2000\" srcset=\"https:\/\/www.pictofoundation.fr\/wp-content\/uploads\/2024\/07\/Hiraldo-Voleau_Karla_1-copie.jpg 1487w, https:\/\/www.pictofoundation.fr\/wp-content\/uploads\/2024\/07\/Hiraldo-Voleau_Karla_1-copie-223x300.jpg 223w, https:\/\/www.pictofoundation.fr\/wp-content\/uploads\/2024\/07\/Hiraldo-Voleau_Karla_1-copie-761x1024.jpg 761w, https:\/\/www.pictofoundation.fr\/wp-content\/uploads\/2024\/07\/Hiraldo-Voleau_Karla_1-copie-768x1033.jpg 768w, https:\/\/www.pictofoundation.fr\/wp-content\/uploads\/2024\/07\/Hiraldo-Voleau_Karla_1-copie-1142x1536.jpg 1142w, https:\/\/www.pictofoundation.fr\/wp-content\/uploads\/2024\/07\/Hiraldo-Voleau_Karla_1-copie-500x672.jpg 500w, https:\/\/www.pictofoundation.fr\/wp-content\/uploads\/2024\/07\/Hiraldo-Voleau_Karla_1-copie-800x1076.jpg 800w, https:\/\/www.pictofoundation.fr\/wp-content\/uploads\/2024\/07\/Hiraldo-Voleau_Karla_1-copie-1280x1722.jpg 1280w\" sizes=\"auto, (max-width: 1487px) 100vw, 1487px\" \/><figcaption id=\"caption-attachment-12395\" class=\"wp-caption-text\">\u00a9 Karla Hiraldo Voleau<\/figcaption><\/figure>\n<p>\u00ab In the Dominican Republic,\u00a0abortion is illegal in all circumstances. Women and health professionals are liable to up to two years\u2019 imprisonment for inducing abortion, and up to 20 years\u2019 imprisonment for performing an abortion.<\/p>\n<p>While laws such as \u00abRoe v. Wade\u00bb have made headlines in the USA, the recent update of the penal code in the Dominican Republic has reignited the debate: \u00abtres causales\u00bb are still not included. These three basic conditions (incest\/rape, mother\u2019s life in danger, non-viable fetus) generally justify an abortion in most countries, but in the Dominican Republic, the debate is extremely polarized, overshadowed by misogynistic Christianity and entrenched patriarchy.\u201d<\/p>\n<p>\u201cNumerous exchanges with Dominican activists have revealed that abortion is a common practice despite the ban. The \u201cDoble Moral\u201d project aims\u00a0to give a voice to Dominican women through their accounts of clandestine abortions, accompanied by powerful, supportive photographic portraits. I\u2019m also working on a series of performances on this theme, to be staged in Dominican public spaces. In 2023, with the support of Pro Helvetia and CNAP, my research began with interviews with dozens of women. Then, thanks to the support of PlaySuisse, I produced a performance in Sto Domingo in June 23, which was presented in August at the Locarno Film Festival.\u201d<\/p>\n<p>I gathered\u00a030 testimonials and took as many self-portraits, some of them anonymous, using mirrors or a remote shutter release. I sought to make the women I met &#8211; of all ages and social classes &#8211; feel and appear strong, while protecting their anonymity if they needed to. I sometimes inserted myself into the portraits as a gesture of solidarity, ensuring that the relationship between model and photographer was horizontal. Every participant was paid and every collaborator was a woman. \u201d<\/p>\n<p>[vc_row][vc_column][vc_btn title=&#8221;SEE SERIES OF Karla Hiraldo Voleau&#8221; style=&#8221;custom&#8221; custom_background=&#8221;#e20031&#8243; custom_text=&#8221;#ffffff&#8221; shape=&#8221;square&#8221; align=&#8221;center&#8221; css_animation=&#8221;fadeIn&#8221; el_class=&#8221;.vp-pagination__style-leedo&#8221; link=&#8221;url:https%3A%2F%2Fwww.pictofoundation.fr%2Fen%2Flaureate-la-bourse-du-talent-2024-karla-hiraldo-voleau%2F&#8221;][\/vc_column][\/vc_row][vc_row][vc_column][vc_empty_space height=&#8221;50px&#8221;][\/vc_column][\/vc_row]<\/p>\n<h4>Hassan Kurbanbaev<br \/>\nUntitled (Portrait of Uzbekistan) 2018 &#8211; 2021<\/h4>\n<figure id=\"attachment_12398\" aria-describedby=\"caption-attachment-12398\" style=\"width: 2560px\" class=\"wp-caption aligncenter\"><img loading=\"lazy\" decoding=\"async\" class=\"size-full wp-image-12398\" src=\"https:\/\/www.pictofoundation.fr\/wp-content\/uploads\/2024\/07\/KURBANBAEV_HASSAN_2-copie-scaled.jpg\" alt=\"\" width=\"2560\" height=\"2067\" srcset=\"https:\/\/www.pictofoundation.fr\/wp-content\/uploads\/2024\/07\/KURBANBAEV_HASSAN_2-copie-scaled.jpg 2560w, https:\/\/www.pictofoundation.fr\/wp-content\/uploads\/2024\/07\/KURBANBAEV_HASSAN_2-copie-300x242.jpg 300w, https:\/\/www.pictofoundation.fr\/wp-content\/uploads\/2024\/07\/KURBANBAEV_HASSAN_2-copie-1024x827.jpg 1024w, https:\/\/www.pictofoundation.fr\/wp-content\/uploads\/2024\/07\/KURBANBAEV_HASSAN_2-copie-768x620.jpg 768w, https:\/\/www.pictofoundation.fr\/wp-content\/uploads\/2024\/07\/KURBANBAEV_HASSAN_2-copie-1536x1240.jpg 1536w, https:\/\/www.pictofoundation.fr\/wp-content\/uploads\/2024\/07\/KURBANBAEV_HASSAN_2-copie-2048x1653.jpg 2048w, https:\/\/www.pictofoundation.fr\/wp-content\/uploads\/2024\/07\/KURBANBAEV_HASSAN_2-copie-500x404.jpg 500w, https:\/\/www.pictofoundation.fr\/wp-content\/uploads\/2024\/07\/KURBANBAEV_HASSAN_2-copie-800x646.jpg 800w, https:\/\/www.pictofoundation.fr\/wp-content\/uploads\/2024\/07\/KURBANBAEV_HASSAN_2-copie-1280x1033.jpg 1280w, https:\/\/www.pictofoundation.fr\/wp-content\/uploads\/2024\/07\/KURBANBAEV_HASSAN_2-copie-1920x1550.jpg 1920w\" sizes=\"auto, (max-width: 2560px) 100vw, 2560px\" \/><figcaption id=\"caption-attachment-12398\" class=\"wp-caption-text\">\u00a9 Hassan Kurbanbaev<\/figcaption><\/figure>\n<p>\u201cMy genuine journey into photography began with fundamental questions about Uzbekistan\u2019s visual heritage. These questions continue to shape my perspective, leading me down a path where each inquiry begets another. In the context of postcolonial practices, photographing the \u201cother\u201d often implies that the person behind the camera is an outsider\u2014an observer with specific tasks and privileges over the subject. The camera becomes an aggressive tool, capturing moments that will eventually be shared with others back home.<\/p>\n<p>Central Asia\u2019s photographic archives, like those of many countries with colonial histories, were initially shaped by European travelers and the military elite of the Russian Empire. Albums, postcards, and photographs documented life here, (such as the Turkestan Album* or color photographs of Prokudin- Gorsky**).\u201d<\/p>\n<p>\u201cThis is how they perceived us; this is how they photographed us; this is how they intended us to be seen.\u201d<\/p>\n<p>\u201cDecades later, in the Soviet era, and Uzbekistan\u2014along with all of Central Asia\u2014was visualized through a lens of strict censorship. Photography became a more mobile, sometimes dangerous, and even predatory medium. These archives (labeled as \u201cExotic Orient\u201d or \u201cEast Liberated\u201d)\u2014 holding undeniable value but also my own concerns about heritage ownership. Did these archives truly belong to us? As an independent country since the 1990s, Uzbek photography had the potential for the development, yet it remained constrained by a regime that stifled reevaluation and renewal. As I delve deeper into our photographic essence, I grapple with my own limitations.<\/p>\n<p>How do I perceive us? How do I capture our essence through the lens? And how do I want us to be seen?\u201d<\/p>\n<p>\u201cThis series of photographs reflects my observations about Uzbekistan. My intuitive approach\u2014part travelogue, part personal reflection\u2014raises questions about our current visual representation. I explore the meaning of our photographic legacy, the relationship between power, the author, and photography, and the contemporary landscape. Stepping into the shoes of that same foreigner or study the works of Xudoybergan Devonov*** (considered the first Uzbek photographer and cinematographer), engaging with contemporary photographers; I\u2019m immersing myself in a more intricate and perplexing web of personal connections with photography.\u201d<\/p>\n<p>\u201cAs I delve into the essence of our photography, I find myself grappling with profound questions. Do I feel a connection with previous generations? Do I stand firmly on my native soil? And amidst the fog of ignorance, could there be an Uzbek myth waiting for me to unravel?\u201d<\/p>\n<p>\u201cWithin the constructed hierarchy of modern Uzbekistan\u2019s values, where post-colonial and post-Soviet discussions remain scarce and photography is still traumatized, my work serves as a mirror for selfreflection. It prompts me to consider my identity and my place within photography.\u201d<\/p>\n<p>* Turkestan Album (1871 -1872) &#8211; a six-volume album of 1,200 photographs, created by order of the first Governor-General of Turkestan, Konstantin von Kaufmann, the album demonstrated the possessions of the Russian Empire in Central Asia.<br \/>\n** Sergei Prokudin-Gorsky (1863\u20131944) &#8211; Russian scientist, pioneer of color photography, author of photographs of Russian Turkestan created by the order of Tsar Nicholai II.<br \/>\n*** Xudoybergan Devonov (1879 \u2013 1938) &#8211; considered as first Uzbek photographer and cinematographer. Was shot during Stalin\u2019s repressions in 1938.<\/p>\n<p>[vc_row][vc_column][vc_btn title=&#8221;SEE SERIES OF Hassan Kurbanbaev&#8221; style=&#8221;custom&#8221; custom_background=&#8221;#e20031&#8243; custom_text=&#8221;#ffffff&#8221; shape=&#8221;square&#8221; align=&#8221;center&#8221; css_animation=&#8221;fadeIn&#8221; el_class=&#8221;.vp-pagination__style-leedo&#8221; link=&#8221;url:https%3A%2F%2Fwww.pictofoundation.fr%2Fen%2Flaureate-bourse-du-talent-2024-hassan-kurbanbaev%2F&#8221;][\/vc_column][\/vc_row][vc_row][vc_column][vc_empty_space height=&#8221;50px&#8221;][\/vc_column][\/vc_row]<\/p>\n<h4><strong> Guillaume Holzer <\/strong><br \/>\nTerritoire Nomade<\/h4>\n<figure id=\"attachment_12405\" aria-describedby=\"caption-attachment-12405\" style=\"width: 2000px\" class=\"wp-caption aligncenter\"><img loading=\"lazy\" decoding=\"async\" class=\"size-full wp-image-12405\" src=\"https:\/\/www.pictofoundation.fr\/wp-content\/uploads\/2024\/07\/HOLZER_GUILLAUME_4.jpg\" alt=\"\" width=\"2000\" height=\"1304\" srcset=\"https:\/\/www.pictofoundation.fr\/wp-content\/uploads\/2024\/07\/HOLZER_GUILLAUME_4.jpg 2000w, https:\/\/www.pictofoundation.fr\/wp-content\/uploads\/2024\/07\/HOLZER_GUILLAUME_4-300x196.jpg 300w, https:\/\/www.pictofoundation.fr\/wp-content\/uploads\/2024\/07\/HOLZER_GUILLAUME_4-1024x668.jpg 1024w, https:\/\/www.pictofoundation.fr\/wp-content\/uploads\/2024\/07\/HOLZER_GUILLAUME_4-768x501.jpg 768w, https:\/\/www.pictofoundation.fr\/wp-content\/uploads\/2024\/07\/HOLZER_GUILLAUME_4-1536x1001.jpg 1536w, https:\/\/www.pictofoundation.fr\/wp-content\/uploads\/2024\/07\/HOLZER_GUILLAUME_4-500x326.jpg 500w, https:\/\/www.pictofoundation.fr\/wp-content\/uploads\/2024\/07\/HOLZER_GUILLAUME_4-800x522.jpg 800w, https:\/\/www.pictofoundation.fr\/wp-content\/uploads\/2024\/07\/HOLZER_GUILLAUME_4-1280x835.jpg 1280w, https:\/\/www.pictofoundation.fr\/wp-content\/uploads\/2024\/07\/HOLZER_GUILLAUME_4-1920x1252.jpg 1920w\" sizes=\"auto, (max-width: 2000px) 100vw, 2000px\" \/><figcaption id=\"caption-attachment-12405\" class=\"wp-caption-text\">\u00a9 Guillaume Holzer<\/figcaption><\/figure>\n<p>The result of\u00a0eight years of living and working with sea nomad communities in Indonesia, the \u201cNomadic Territory\u201d series is an ode to nomadism and a reflection on freedom, identity and the profound relationship between man and the sea. These photographs, taken in the Komodo archipelago, invite us on a journey where mobility becomes an exploration of the self and the world.<\/p>\n<p>Across shimmering waters and endless horizons, Guillaume Holzer shares his own quest for identity, meaning and belonging, reflecting the beauty and complexity of nomadism as a way of life and philosophy. This is a journey into the relationship between place, mobility and identity, where he explores the function of deterritorialization and the components of identity and territory, inviting the reader to traverse the realms of nomadism through the history of the Bajau and Bugis communities. Nomadism symbolizes physical and intellectual freedom, the process of liberation from territorial or ideological constraints. It represents resistance to rootedness and an openness to fluidity and transformation.<\/p>\n<p>Having freed himself, the nomad can settle elsewhere, adopt new norms and create new relationships with his environment. However, this \u00abreterritorialization\u00bb is temporary; it enables his permanent movement and change and, in a way, condemns him to be free.<\/p>\n<p>The \u201cNomadic Territory\u201d series series was also the subject of\u00a0a handmade book, accompanied by 41 images, texts and sketches, self-published in 30 copies, published in July 2023.<\/p>\n<p>[vc_row][vc_column][vc_btn title=&#8221;SEE SERIES OF Guillaume Holzer&#8221; style=&#8221;custom&#8221; custom_background=&#8221;#e20031&#8243; custom_text=&#8221;#ffffff&#8221; shape=&#8221;square&#8221; align=&#8221;center&#8221; css_animation=&#8221;fadeIn&#8221; el_class=&#8221;.vp-pagination__style-leedo&#8221; link=&#8221;url:https%3A%2F%2Fwww.pictofoundation.fr%2Fen%2Flaureate-bourse-du-talent-2024-guillaume-holzer%2F&#8221;][\/vc_column][\/vc_row][vc_row][vc_column][vc_empty_space height=&#8221;50px&#8221;][\/vc_column][\/vc_row]<\/p>\n<p>The jury was made up of : H\u00e9loise Con\u00e9sa (Chief Curator of Heritage, Head of Photography, Department of Prints and Photography, BnF), Kamila K Stanley (laureate of Bourse du Talent 2023), Charlotte Flossaut (Co-founder of Photo Doc), A\u00ffa de Fa\u00ffs (Photographie.com), Christophe Ralite (President of PixWays (PixTrakk)), B\u00e9atrice Tupin (Creator and director of the festival Les femmes s\u2019exposent), Pierre Ciot (President of SAIF), Severine Gay Degrendele (Curator, independent scenographer and director of Impulse Festival), Carmen Spella (Responsible for EU partnerships and collaborations at MPB), Aliocha Boi (Founder of Podcast Vision(s) and Photographer), and Victor Gassmann (General Secretary of PICTO).<\/p>\n<p>[vc_row][vc_column][vc_btn title=&#8221;DOWNLOAD PRESS RELEASE&#8221; style=&#8221;custom&#8221; custom_background=&#8221;#e20031&#8243; custom_text=&#8221;#ffffff&#8221; shape=&#8221;square&#8221; align=&#8221;center&#8221; css_animation=&#8221;fadeIn&#8221; el_class=&#8221;.vp-pagination__style-leedo&#8221; link=&#8221;url:https%3A%2F%2Fwww.pictofoundation.fr%2wp-content%2uploads%22024%207%2PRESS%20RELEASE_BDT_2024_VF.pdf&#8221;][\/vc_column][\/vc_row][vc_row][vc_column][vc_empty_space height=&#8221;50px&#8221;][\/vc_column][\/vc_row]<\/p>\n","protected":false},"excerpt":{"rendered":"<p>After 25 editions, Bourse du Talent has evolved with the aim of remaining close to the proposals of contemporary photographers. Since 2023, Bourse du Talent has focused on the new documentary writings used by photographers to tell the story of our world. At a time when press photography is tending to be projected onto screens [&hellip;]<\/p>\n","protected":false},"author":3,"featured_media":12399,"comment_status":"closed","ping_status":"closed","sticky":false,"template":"single-post-style-2.php","format":"standard","meta":{"_acf_changed":false,"_vp_format_video_url":"","_vp_image_focal_point":[],"footnotes":""},"categories":[132],"tags":[133,108],"class_list":["post-12677","post","type-post","status-publish","format-standard","has-post-thumbnail","hentry","category-prix-en","tag-bourse-du-talent-en","tag-jeunes-talents-en"],"acf":[],"yoast_head":"<!-- This site is optimized with the Yoast SEO plugin v25.4 - https:\/\/yoast.com\/wordpress\/plugins\/seo\/ -->\n<title>Laureates 2024 Bourse du Talent - Picto Foundation<\/title>\n<meta name=\"robots\" content=\"index, follow, max-snippet:-1, max-image-preview:large, max-video-preview:-1\" \/>\n<link rel=\"canonical\" href=\"https:\/\/www.pictofoundation.fr\/en\/les-laureats-de-la-bourse-du-talent-2024\/\" \/>\n<meta property=\"og:locale\" content=\"en_US\" \/>\n<meta property=\"og:type\" content=\"article\" \/>\n<meta property=\"og:title\" content=\"Laureates 2024 Bourse du Talent - Picto Foundation\" \/>\n<meta property=\"og:description\" content=\"After 25 editions, Bourse du Talent has evolved with the aim of remaining close to the proposals of contemporary photographers. Since 2023, Bourse du Talent has focused on the new documentary writings used by photographers to tell the story of our world. At a time when press photography is tending to be projected onto screens [&hellip;]\" \/>\n<meta property=\"og:url\" content=\"https:\/\/www.pictofoundation.fr\/en\/les-laureats-de-la-bourse-du-talent-2024\/\" \/>\n<meta property=\"og:site_name\" content=\"Picto Foundation\" \/>\n<meta property=\"article:published_time\" content=\"2024-07-04T16:30:42+00:00\" \/>\n<meta property=\"article:modified_time\" content=\"2024-07-16T14:37:48+00:00\" \/>\n<meta property=\"og:image\" content=\"https:\/\/www.pictofoundation.fr\/wp-content\/uploads\/2024\/07\/KURBANBAEV_HASSAN_2-copie-scaled.jpg\" \/>\n\t<meta property=\"og:image:width\" content=\"2560\" \/>\n\t<meta property=\"og:image:height\" content=\"2067\" \/>\n\t<meta property=\"og:image:type\" content=\"image\/jpeg\" \/>\n<meta name=\"author\" content=\"Ericka Weidmann\" \/>\n<meta name=\"twitter:card\" content=\"summary_large_image\" \/>\n<meta name=\"twitter:label1\" content=\"Written by\" \/>\n\t<meta name=\"twitter:data1\" content=\"Ericka Weidmann\" \/>\n\t<meta name=\"twitter:label2\" content=\"Est. reading time\" \/>\n\t<meta name=\"twitter:data2\" content=\"12 minutes\" \/>\n<script type=\"application\/ld+json\" class=\"yoast-schema-graph\">{\"@context\":\"https:\/\/schema.org\",\"@graph\":[{\"@type\":\"WebPage\",\"@id\":\"https:\/\/www.pictofoundation.fr\/en\/les-laureats-de-la-bourse-du-talent-2024\/\",\"url\":\"https:\/\/www.pictofoundation.fr\/en\/les-laureats-de-la-bourse-du-talent-2024\/\",\"name\":\"Laureates 2024 Bourse du Talent - Picto Foundation\",\"isPartOf\":{\"@id\":\"https:\/\/www.pictofoundation.fr\/en\/#website\"},\"primaryImageOfPage\":{\"@id\":\"https:\/\/www.pictofoundation.fr\/en\/les-laureats-de-la-bourse-du-talent-2024\/#primaryimage\"},\"image\":{\"@id\":\"https:\/\/www.pictofoundation.fr\/en\/les-laureats-de-la-bourse-du-talent-2024\/#primaryimage\"},\"thumbnailUrl\":\"https:\/\/www.pictofoundation.fr\/wp-content\/uploads\/2024\/07\/KURBANBAEV_HASSAN_2-copie-scaled.jpg\",\"datePublished\":\"2024-07-04T16:30:42+00:00\",\"dateModified\":\"2024-07-16T14:37:48+00:00\",\"author\":{\"@id\":\"https:\/\/www.pictofoundation.fr\/en\/#\/schema\/person\/b80b86e5bfdeda634261a6b76495817c\"},\"breadcrumb\":{\"@id\":\"https:\/\/www.pictofoundation.fr\/en\/les-laureats-de-la-bourse-du-talent-2024\/#breadcrumb\"},\"inLanguage\":\"en-US\",\"potentialAction\":[{\"@type\":\"ReadAction\",\"target\":[\"https:\/\/www.pictofoundation.fr\/en\/les-laureats-de-la-bourse-du-talent-2024\/\"]}]},{\"@type\":\"ImageObject\",\"inLanguage\":\"en-US\",\"@id\":\"https:\/\/www.pictofoundation.fr\/en\/les-laureats-de-la-bourse-du-talent-2024\/#primaryimage\",\"url\":\"https:\/\/www.pictofoundation.fr\/wp-content\/uploads\/2024\/07\/KURBANBAEV_HASSAN_2-copie-scaled.jpg\",\"contentUrl\":\"https:\/\/www.pictofoundation.fr\/wp-content\/uploads\/2024\/07\/KURBANBAEV_HASSAN_2-copie-scaled.jpg\",\"width\":2560,\"height\":2067,\"caption\":\"\u00a9 Hassan Kurbanbaev\"},{\"@type\":\"BreadcrumbList\",\"@id\":\"https:\/\/www.pictofoundation.fr\/en\/les-laureats-de-la-bourse-du-talent-2024\/#breadcrumb\",\"itemListElement\":[{\"@type\":\"ListItem\",\"position\":1,\"name\":\"Accueil\",\"item\":\"https:\/\/www.pictofoundation.fr\/en\/\"},{\"@type\":\"ListItem\",\"position\":2,\"name\":\"Laureates 2024 Bourse du Talent\"}]},{\"@type\":\"WebSite\",\"@id\":\"https:\/\/www.pictofoundation.fr\/en\/#website\",\"url\":\"https:\/\/www.pictofoundation.fr\/en\/\",\"name\":\"Picto Foundation\",\"description\":\"Site de la fondation Picto, Groupe Picto\",\"potentialAction\":[{\"@type\":\"SearchAction\",\"target\":{\"@type\":\"EntryPoint\",\"urlTemplate\":\"https:\/\/www.pictofoundation.fr\/en\/?s={search_term_string}\"},\"query-input\":{\"@type\":\"PropertyValueSpecification\",\"valueRequired\":true,\"valueName\":\"search_term_string\"}}],\"inLanguage\":\"en-US\"},{\"@type\":\"Person\",\"@id\":\"https:\/\/www.pictofoundation.fr\/en\/#\/schema\/person\/b80b86e5bfdeda634261a6b76495817c\",\"name\":\"Ericka Weidmann\",\"url\":\"https:\/\/www.pictofoundation.fr\/en\/author\/ericka\/\"}]}<\/script>\n<!-- \/ Yoast SEO plugin. -->","yoast_head_json":{"title":"Laureates 2024 Bourse du Talent - Picto Foundation","robots":{"index":"index","follow":"follow","max-snippet":"max-snippet:-1","max-image-preview":"max-image-preview:large","max-video-preview":"max-video-preview:-1"},"canonical":"https:\/\/www.pictofoundation.fr\/en\/les-laureats-de-la-bourse-du-talent-2024\/","og_locale":"en_US","og_type":"article","og_title":"Laureates 2024 Bourse du Talent - Picto Foundation","og_description":"After 25 editions, Bourse du Talent has evolved with the aim of remaining close to the proposals of contemporary photographers. Since 2023, Bourse du Talent has focused on the new documentary writings used by photographers to tell the story of our world. At a time when press photography is tending to be projected onto screens [&hellip;]","og_url":"https:\/\/www.pictofoundation.fr\/en\/les-laureats-de-la-bourse-du-talent-2024\/","og_site_name":"Picto Foundation","article_published_time":"2024-07-04T16:30:42+00:00","article_modified_time":"2024-07-16T14:37:48+00:00","og_image":[{"width":2560,"height":2067,"url":"https:\/\/www.pictofoundation.fr\/wp-content\/uploads\/2024\/07\/KURBANBAEV_HASSAN_2-copie-scaled.jpg","type":"image\/jpeg"}],"author":"Ericka Weidmann","twitter_card":"summary_large_image","twitter_misc":{"Written by":"Ericka Weidmann","Est. reading time":"12 minutes"},"schema":{"@context":"https:\/\/schema.org","@graph":[{"@type":"WebPage","@id":"https:\/\/www.pictofoundation.fr\/en\/les-laureats-de-la-bourse-du-talent-2024\/","url":"https:\/\/www.pictofoundation.fr\/en\/les-laureats-de-la-bourse-du-talent-2024\/","name":"Laureates 2024 Bourse du Talent - Picto Foundation","isPartOf":{"@id":"https:\/\/www.pictofoundation.fr\/en\/#website"},"primaryImageOfPage":{"@id":"https:\/\/www.pictofoundation.fr\/en\/les-laureats-de-la-bourse-du-talent-2024\/#primaryimage"},"image":{"@id":"https:\/\/www.pictofoundation.fr\/en\/les-laureats-de-la-bourse-du-talent-2024\/#primaryimage"},"thumbnailUrl":"https:\/\/www.pictofoundation.fr\/wp-content\/uploads\/2024\/07\/KURBANBAEV_HASSAN_2-copie-scaled.jpg","datePublished":"2024-07-04T16:30:42+00:00","dateModified":"2024-07-16T14:37:48+00:00","author":{"@id":"https:\/\/www.pictofoundation.fr\/en\/#\/schema\/person\/b80b86e5bfdeda634261a6b76495817c"},"breadcrumb":{"@id":"https:\/\/www.pictofoundation.fr\/en\/les-laureats-de-la-bourse-du-talent-2024\/#breadcrumb"},"inLanguage":"en-US","potentialAction":[{"@type":"ReadAction","target":["https:\/\/www.pictofoundation.fr\/en\/les-laureats-de-la-bourse-du-talent-2024\/"]}]},{"@type":"ImageObject","inLanguage":"en-US","@id":"https:\/\/www.pictofoundation.fr\/en\/les-laureats-de-la-bourse-du-talent-2024\/#primaryimage","url":"https:\/\/www.pictofoundation.fr\/wp-content\/uploads\/2024\/07\/KURBANBAEV_HASSAN_2-copie-scaled.jpg","contentUrl":"https:\/\/www.pictofoundation.fr\/wp-content\/uploads\/2024\/07\/KURBANBAEV_HASSAN_2-copie-scaled.jpg","width":2560,"height":2067,"caption":"\u00a9 Hassan Kurbanbaev"},{"@type":"BreadcrumbList","@id":"https:\/\/www.pictofoundation.fr\/en\/les-laureats-de-la-bourse-du-talent-2024\/#breadcrumb","itemListElement":[{"@type":"ListItem","position":1,"name":"Accueil","item":"https:\/\/www.pictofoundation.fr\/en\/"},{"@type":"ListItem","position":2,"name":"Laureates 2024 Bourse du Talent"}]},{"@type":"WebSite","@id":"https:\/\/www.pictofoundation.fr\/en\/#website","url":"https:\/\/www.pictofoundation.fr\/en\/","name":"Picto Foundation","description":"Site de la fondation Picto, Groupe Picto","potentialAction":[{"@type":"SearchAction","target":{"@type":"EntryPoint","urlTemplate":"https:\/\/www.pictofoundation.fr\/en\/?s={search_term_string}"},"query-input":{"@type":"PropertyValueSpecification","valueRequired":true,"valueName":"search_term_string"}}],"inLanguage":"en-US"},{"@type":"Person","@id":"https:\/\/www.pictofoundation.fr\/en\/#\/schema\/person\/b80b86e5bfdeda634261a6b76495817c","name":"Ericka Weidmann","url":"https:\/\/www.pictofoundation.fr\/en\/author\/ericka\/"}]}},"_links":{"self":[{"href":"https:\/\/www.pictofoundation.fr\/en\/wp-json\/wp\/v2\/posts\/12677","targetHints":{"allow":["GET"]}}],"collection":[{"href":"https:\/\/www.pictofoundation.fr\/en\/wp-json\/wp\/v2\/posts"}],"about":[{"href":"https:\/\/www.pictofoundation.fr\/en\/wp-json\/wp\/v2\/types\/post"}],"author":[{"embeddable":true,"href":"https:\/\/www.pictofoundation.fr\/en\/wp-json\/wp\/v2\/users\/3"}],"replies":[{"embeddable":true,"href":"https:\/\/www.pictofoundation.fr\/en\/wp-json\/wp\/v2\/comments?post=12677"}],"version-history":[{"count":0,"href":"https:\/\/www.pictofoundation.fr\/en\/wp-json\/wp\/v2\/posts\/12677\/revisions"}],"wp:featuredmedia":[{"embeddable":true,"href":"https:\/\/www.pictofoundation.fr\/en\/wp-json\/wp\/v2\/media\/12399"}],"wp:attachment":[{"href":"https:\/\/www.pictofoundation.fr\/en\/wp-json\/wp\/v2\/media?parent=12677"}],"wp:term":[{"taxonomy":"category","embeddable":true,"href":"https:\/\/www.pictofoundation.fr\/en\/wp-json\/wp\/v2\/categories?post=12677"},{"taxonomy":"post_tag","embeddable":true,"href":"https:\/\/www.pictofoundation.fr\/en\/wp-json\/wp\/v2\/tags?post=12677"}],"curies":[{"name":"wp","href":"https:\/\/api.w.org\/{rel}","templated":true}]}}