{"id":13626,"date":"2025-04-08T09:00:45","date_gmt":"2025-04-08T07:00:45","guid":{"rendered":"https:\/\/www.pictofoundation.fr\/?p=13626"},"modified":"2025-04-09T15:56:28","modified_gmt":"2025-04-09T13:56:28","slug":"call-for-entries-paris-photo-carte-blanche-students-2025","status":"publish","type":"post","link":"https:\/\/www.pictofoundation.fr\/en\/call-for-entries-paris-photo-carte-blanche-students-2025\/","title":{"rendered":"Call for entries Paris Photo Carte Blanche Students 2025"},"content":{"rendered":"<h2>Dedicated to European students in photography and visual arts schools, the Carte Blanche Students 2025 call for projects is open until june 10th ! Initiated by Paris Photo, Picto Foundation and SNCF Gares &amp; Connexions, the prize offers a unique spotlight and professional immersion for young artists<\/h2>\n<p>Paris Photo, Picto Foundation and SNCF Gares &amp; Connexions announce the opening of applications for the 8th edition of Carte Blanche Students.<br \/>\nThis program is for bachelor&#8217;s and master&#8217;s students from European photography and visual arts schools. It aims to support the emergence of young talent. A professional jury will select 20 finalists from the applications received.<br \/>\nAmong them, 4 winners will be chosen and will have their work exhibited at the Paris Photo fair as well as in a major Parisian train station, in partnership with Hahnem\u00fchle and Filmolux.<\/p>\n<p>Applications are due by <strong>June 10th, 2025<\/strong>.<\/p>\n<p>To participate click here :<br \/>\n<a href=\"https:\/\/exhibitors.parisphoto.com\/en\/carte-blanche\/home.htm\" target=\"_blank\" rel=\"noopener\">https:\/\/exhibitors.parisphoto.com\/en\/carte-blanche\/home.htm<\/a><\/p>\n<p>Carte Blanche \u00c9tudiants is a programme co-founded Picto Foundation, Paris Photo and SNCF Gares &amp; Connexions. Their partners Hahnem\u00fchle, la Saif and La Copie Priv\u00e9e support the programme.<\/p>\n<p><em>\u00a0\u00a9 Gregoire Grange, Paris Photo, 2024<\/em><\/p>\n","protected":false},"excerpt":{"rendered":"<p>Dedicated to European students in photography and visual arts schools, the Carte Blanche Students 2025 call for projects is open until june 10th ! Initiated by Paris Photo, Picto Foundation and SNCF Gares &amp; Connexions, the prize offers a unique spotlight and professional immersion for young artists Paris Photo, Picto Foundation and SNCF Gares &amp; [&hellip;]<\/p>\n","protected":false},"author":3,"featured_media":13624,"comment_status":"closed","ping_status":"open","sticky":false,"template":"single-post-style-2.php","format":"standard","meta":{"_acf_changed":false,"_vp_format_video_url":"","_vp_image_focal_point":[],"footnotes":""},"categories":[105,106],"tags":[107,108],"class_list":["post-13626","post","type-post","status-publish","format-standard","has-post-thumbnail","hentry","category-carte-blanche-etudiants-en","category-plateforme-en","tag-carte-blanche-etudiants-en","tag-jeunes-talents-en"],"acf":[],"yoast_head":"<!-- This site is optimized with the Yoast SEO plugin v25.4 - https:\/\/yoast.com\/wordpress\/plugins\/seo\/ -->\n<title>Call for entries Paris Photo Carte Blanche Students 2025 - Picto Foundation<\/title>\n<meta name=\"robots\" content=\"index, follow, max-snippet:-1, max-image-preview:large, max-video-preview:-1\" \/>\n<link rel=\"canonical\" href=\"https:\/\/www.pictofoundation.fr\/en\/call-for-entries-paris-photo-carte-blanche-students-2025\/\" \/>\n<meta property=\"og:locale\" content=\"en_US\" \/>\n<meta property=\"og:type\" content=\"article\" \/>\n<meta property=\"og:title\" content=\"Call for entries Paris Photo Carte Blanche Students 2025 - Picto Foundation\" \/>\n<meta property=\"og:description\" content=\"Dedicated to European students in photography and visual arts schools, the Carte Blanche Students 2025 call for projects is open until june 10th ! Initiated by Paris Photo, Picto Foundation and SNCF Gares &amp; Connexions, the prize offers a unique spotlight and professional immersion for young artists Paris Photo, Picto Foundation and SNCF Gares &amp; [&hellip;]\" \/>\n<meta property=\"og:url\" content=\"https:\/\/www.pictofoundation.fr\/en\/call-for-entries-paris-photo-carte-blanche-students-2025\/\" \/>\n<meta property=\"og:site_name\" content=\"Picto Foundation\" \/>\n<meta property=\"article:published_time\" content=\"2025-04-08T07:00:45+00:00\" \/>\n<meta property=\"article:modified_time\" content=\"2025-04-09T13:56:28+00:00\" \/>\n<meta property=\"og:image\" content=\"https:\/\/www.pictofoundation.fr\/wp-content\/uploads\/2025\/04\/PP_02_06_07_Gre\u0301goire_Grange_2024-31-copie.jpg\" \/>\n\t<meta property=\"og:image:width\" content=\"2000\" \/>\n\t<meta property=\"og:image:height\" content=\"625\" \/>\n\t<meta property=\"og:image:type\" content=\"image\/jpeg\" \/>\n<meta name=\"author\" content=\"Ericka Weidmann\" \/>\n<meta name=\"twitter:card\" content=\"summary_large_image\" \/>\n<meta name=\"twitter:label1\" content=\"Written by\" \/>\n\t<meta name=\"twitter:data1\" content=\"Ericka Weidmann\" \/>\n\t<meta name=\"twitter:label2\" content=\"Est. reading time\" \/>\n\t<meta name=\"twitter:data2\" content=\"2 minutes\" \/>\n<script type=\"application\/ld+json\" class=\"yoast-schema-graph\">{\"@context\":\"https:\/\/schema.org\",\"@graph\":[{\"@type\":\"WebPage\",\"@id\":\"https:\/\/www.pictofoundation.fr\/en\/call-for-entries-paris-photo-carte-blanche-students-2025\/\",\"url\":\"https:\/\/www.pictofoundation.fr\/en\/call-for-entries-paris-photo-carte-blanche-students-2025\/\",\"name\":\"Call for entries Paris Photo Carte Blanche Students 2025 - Picto Foundation\",\"isPartOf\":{\"@id\":\"https:\/\/www.pictofoundation.fr\/en\/#website\"},\"primaryImageOfPage\":{\"@id\":\"https:\/\/www.pictofoundation.fr\/en\/call-for-entries-paris-photo-carte-blanche-students-2025\/#primaryimage\"},\"image\":{\"@id\":\"https:\/\/www.pictofoundation.fr\/en\/call-for-entries-paris-photo-carte-blanche-students-2025\/#primaryimage\"},\"thumbnailUrl\":\"https:\/\/www.pictofoundation.fr\/wp-content\/uploads\/2025\/04\/PP_02_06_07_Gre\u0301goire_Grange_2024-31-copie.jpg\",\"datePublished\":\"2025-04-08T07:00:45+00:00\",\"dateModified\":\"2025-04-09T13:56:28+00:00\",\"author\":{\"@id\":\"https:\/\/www.pictofoundation.fr\/en\/#\/schema\/person\/b80b86e5bfdeda634261a6b76495817c\"},\"breadcrumb\":{\"@id\":\"https:\/\/www.pictofoundation.fr\/en\/call-for-entries-paris-photo-carte-blanche-students-2025\/#breadcrumb\"},\"inLanguage\":\"en-US\",\"potentialAction\":[{\"@type\":\"ReadAction\",\"target\":[\"https:\/\/www.pictofoundation.fr\/en\/call-for-entries-paris-photo-carte-blanche-students-2025\/\"]}]},{\"@type\":\"ImageObject\",\"inLanguage\":\"en-US\",\"@id\":\"https:\/\/www.pictofoundation.fr\/en\/call-for-entries-paris-photo-carte-blanche-students-2025\/#primaryimage\",\"url\":\"https:\/\/www.pictofoundation.fr\/wp-content\/uploads\/2025\/04\/PP_02_06_07_Gre\u0301goire_Grange_2024-31-copie.jpg\",\"contentUrl\":\"https:\/\/www.pictofoundation.fr\/wp-content\/uploads\/2025\/04\/PP_02_06_07_Gre\u0301goire_Grange_2024-31-copie.jpg\",\"width\":2000,\"height\":625},{\"@type\":\"BreadcrumbList\",\"@id\":\"https:\/\/www.pictofoundation.fr\/en\/call-for-entries-paris-photo-carte-blanche-students-2025\/#breadcrumb\",\"itemListElement\":[{\"@type\":\"ListItem\",\"position\":1,\"name\":\"Accueil\",\"item\":\"https:\/\/www.pictofoundation.fr\/en\/\"},{\"@type\":\"ListItem\",\"position\":2,\"name\":\"Call for entries Paris Photo Carte Blanche Students 2025\"}]},{\"@type\":\"WebSite\",\"@id\":\"https:\/\/www.pictofoundation.fr\/en\/#website\",\"url\":\"https:\/\/www.pictofoundation.fr\/en\/\",\"name\":\"Picto Foundation\",\"description\":\"Site de la fondation Picto, Groupe Picto\",\"potentialAction\":[{\"@type\":\"SearchAction\",\"target\":{\"@type\":\"EntryPoint\",\"urlTemplate\":\"https:\/\/www.pictofoundation.fr\/en\/?s={search_term_string}\"},\"query-input\":{\"@type\":\"PropertyValueSpecification\",\"valueRequired\":true,\"valueName\":\"search_term_string\"}}],\"inLanguage\":\"en-US\"},{\"@type\":\"Person\",\"@id\":\"https:\/\/www.pictofoundation.fr\/en\/#\/schema\/person\/b80b86e5bfdeda634261a6b76495817c\",\"name\":\"Ericka Weidmann\",\"url\":\"https:\/\/www.pictofoundation.fr\/en\/author\/ericka\/\"}]}<\/script>\n<!-- \/ Yoast SEO plugin. -->","yoast_head_json":{"title":"Call for entries Paris Photo Carte Blanche Students 2025 - Picto Foundation","robots":{"index":"index","follow":"follow","max-snippet":"max-snippet:-1","max-image-preview":"max-image-preview:large","max-video-preview":"max-video-preview:-1"},"canonical":"https:\/\/www.pictofoundation.fr\/en\/call-for-entries-paris-photo-carte-blanche-students-2025\/","og_locale":"en_US","og_type":"article","og_title":"Call for entries Paris Photo Carte Blanche Students 2025 - Picto Foundation","og_description":"Dedicated to European students in photography and visual arts schools, the Carte Blanche Students 2025 call for projects is open until june 10th ! Initiated by Paris Photo, Picto Foundation and SNCF Gares &amp; Connexions, the prize offers a unique spotlight and professional immersion for young artists Paris Photo, Picto Foundation and SNCF Gares &amp; [&hellip;]","og_url":"https:\/\/www.pictofoundation.fr\/en\/call-for-entries-paris-photo-carte-blanche-students-2025\/","og_site_name":"Picto Foundation","article_published_time":"2025-04-08T07:00:45+00:00","article_modified_time":"2025-04-09T13:56:28+00:00","og_image":[{"width":2000,"height":625,"url":"https:\/\/www.pictofoundation.fr\/wp-content\/uploads\/2025\/04\/PP_02_06_07_Gre\u0301goire_Grange_2024-31-copie.jpg","type":"image\/jpeg"}],"author":"Ericka Weidmann","twitter_card":"summary_large_image","twitter_misc":{"Written by":"Ericka Weidmann","Est. reading time":"2 minutes"},"schema":{"@context":"https:\/\/schema.org","@graph":[{"@type":"WebPage","@id":"https:\/\/www.pictofoundation.fr\/en\/call-for-entries-paris-photo-carte-blanche-students-2025\/","url":"https:\/\/www.pictofoundation.fr\/en\/call-for-entries-paris-photo-carte-blanche-students-2025\/","name":"Call for entries Paris Photo Carte Blanche Students 2025 - Picto Foundation","isPartOf":{"@id":"https:\/\/www.pictofoundation.fr\/en\/#website"},"primaryImageOfPage":{"@id":"https:\/\/www.pictofoundation.fr\/en\/call-for-entries-paris-photo-carte-blanche-students-2025\/#primaryimage"},"image":{"@id":"https:\/\/www.pictofoundation.fr\/en\/call-for-entries-paris-photo-carte-blanche-students-2025\/#primaryimage"},"thumbnailUrl":"https:\/\/www.pictofoundation.fr\/wp-content\/uploads\/2025\/04\/PP_02_06_07_Gre\u0301goire_Grange_2024-31-copie.jpg","datePublished":"2025-04-08T07:00:45+00:00","dateModified":"2025-04-09T13:56:28+00:00","author":{"@id":"https:\/\/www.pictofoundation.fr\/en\/#\/schema\/person\/b80b86e5bfdeda634261a6b76495817c"},"breadcrumb":{"@id":"https:\/\/www.pictofoundation.fr\/en\/call-for-entries-paris-photo-carte-blanche-students-2025\/#breadcrumb"},"inLanguage":"en-US","potentialAction":[{"@type":"ReadAction","target":["https:\/\/www.pictofoundation.fr\/en\/call-for-entries-paris-photo-carte-blanche-students-2025\/"]}]},{"@type":"ImageObject","inLanguage":"en-US","@id":"https:\/\/www.pictofoundation.fr\/en\/call-for-entries-paris-photo-carte-blanche-students-2025\/#primaryimage","url":"https:\/\/www.pictofoundation.fr\/wp-content\/uploads\/2025\/04\/PP_02_06_07_Gre\u0301goire_Grange_2024-31-copie.jpg","contentUrl":"https:\/\/www.pictofoundation.fr\/wp-content\/uploads\/2025\/04\/PP_02_06_07_Gre\u0301goire_Grange_2024-31-copie.jpg","width":2000,"height":625},{"@type":"BreadcrumbList","@id":"https:\/\/www.pictofoundation.fr\/en\/call-for-entries-paris-photo-carte-blanche-students-2025\/#breadcrumb","itemListElement":[{"@type":"ListItem","position":1,"name":"Accueil","item":"https:\/\/www.pictofoundation.fr\/en\/"},{"@type":"ListItem","position":2,"name":"Call for entries Paris Photo Carte Blanche Students 2025"}]},{"@type":"WebSite","@id":"https:\/\/www.pictofoundation.fr\/en\/#website","url":"https:\/\/www.pictofoundation.fr\/en\/","name":"Picto Foundation","description":"Site de la fondation Picto, Groupe Picto","potentialAction":[{"@type":"SearchAction","target":{"@type":"EntryPoint","urlTemplate":"https:\/\/www.pictofoundation.fr\/en\/?s={search_term_string}"},"query-input":{"@type":"PropertyValueSpecification","valueRequired":true,"valueName":"search_term_string"}}],"inLanguage":"en-US"},{"@type":"Person","@id":"https:\/\/www.pictofoundation.fr\/en\/#\/schema\/person\/b80b86e5bfdeda634261a6b76495817c","name":"Ericka Weidmann","url":"https:\/\/www.pictofoundation.fr\/en\/author\/ericka\/"}]}},"_links":{"self":[{"href":"https:\/\/www.pictofoundation.fr\/en\/wp-json\/wp\/v2\/posts\/13626","targetHints":{"allow":["GET"]}}],"collection":[{"href":"https:\/\/www.pictofoundation.fr\/en\/wp-json\/wp\/v2\/posts"}],"about":[{"href":"https:\/\/www.pictofoundation.fr\/en\/wp-json\/wp\/v2\/types\/post"}],"author":[{"embeddable":true,"href":"https:\/\/www.pictofoundation.fr\/en\/wp-json\/wp\/v2\/users\/3"}],"replies":[{"embeddable":true,"href":"https:\/\/www.pictofoundation.fr\/en\/wp-json\/wp\/v2\/comments?post=13626"}],"version-history":[{"count":3,"href":"https:\/\/www.pictofoundation.fr\/en\/wp-json\/wp\/v2\/posts\/13626\/revisions"}],"predecessor-version":[{"id":13657,"href":"https:\/\/www.pictofoundation.fr\/en\/wp-json\/wp\/v2\/posts\/13626\/revisions\/13657"}],"wp:featuredmedia":[{"embeddable":true,"href":"https:\/\/www.pictofoundation.fr\/en\/wp-json\/wp\/v2\/media\/13624"}],"wp:attachment":[{"href":"https:\/\/www.pictofoundation.fr\/en\/wp-json\/wp\/v2\/media?parent=13626"}],"wp:term":[{"taxonomy":"category","embeddable":true,"href":"https:\/\/www.pictofoundation.fr\/en\/wp-json\/wp\/v2\/categories?post=13626"},{"taxonomy":"post_tag","embeddable":true,"href":"https:\/\/www.pictofoundation.fr\/en\/wp-json\/wp\/v2\/tags?post=13626"}],"curies":[{"name":"wp","href":"https:\/\/api.w.org\/{rel}","templated":true}]}}