{"id":14917,"date":"2025-05-23T16:57:13","date_gmt":"2025-05-23T14:57:13","guid":{"rendered":"https:\/\/www.pictofoundation.fr\/prix-niepce-2024-ed-alcock\/"},"modified":"2025-05-23T17:04:40","modified_gmt":"2025-05-23T15:04:40","slug":"the-2025-niepce-prize-ed-alcock","status":"publish","type":"post","link":"https:\/\/www.pictofoundation.fr\/en\/the-2025-niepce-prize-ed-alcock\/","title":{"rendered":"The 2025 Ni\u00e9pce Prize : Ed Alcock"},"content":{"rendered":"<h2>Since 2016, Picto Foundation, PICTO laboratories\u2019 endowment fund, has been pleased to partner with Gens d\u2019images to celebrate and support the Ni\u00e9pce Prize. The 70th edition of the Ni\u00e9pce Gens d\u2019images Prize has just been awarded to British-French photographer photographer Ed Alcock. Dominique Gaessler, publisher of photography books for Trans Photographic Press.<\/h2>\n<figure id=\"attachment_14897\" aria-describedby=\"caption-attachment-14897\" style=\"width: 1618px\" class=\"wp-caption aligncenter\"><img loading=\"lazy\" decoding=\"async\" class=\"size-full wp-image-14897\" src=\"https:\/\/www.pictofoundation.fr\/wp-content\/uploads\/2025\/05\/ALCOCK_NIEPCE_009.jpg\" alt=\"\" width=\"1618\" height=\"2000\" srcset=\"https:\/\/www.pictofoundation.fr\/wp-content\/uploads\/2025\/05\/ALCOCK_NIEPCE_009.jpg 1618w, https:\/\/www.pictofoundation.fr\/wp-content\/uploads\/2025\/05\/ALCOCK_NIEPCE_009-243x300.jpg 243w, https:\/\/www.pictofoundation.fr\/wp-content\/uploads\/2025\/05\/ALCOCK_NIEPCE_009-828x1024.jpg 828w, https:\/\/www.pictofoundation.fr\/wp-content\/uploads\/2025\/05\/ALCOCK_NIEPCE_009-768x949.jpg 768w, https:\/\/www.pictofoundation.fr\/wp-content\/uploads\/2025\/05\/ALCOCK_NIEPCE_009-1243x1536.jpg 1243w, https:\/\/www.pictofoundation.fr\/wp-content\/uploads\/2025\/05\/ALCOCK_NIEPCE_009-500x618.jpg 500w, https:\/\/www.pictofoundation.fr\/wp-content\/uploads\/2025\/05\/ALCOCK_NIEPCE_009-800x989.jpg 800w, https:\/\/www.pictofoundation.fr\/wp-content\/uploads\/2025\/05\/ALCOCK_NIEPCE_009-1280x1582.jpg 1280w\" sizes=\"auto, (max-width: 1618px) 100vw, 1618px\" \/><figcaption id=\"caption-attachment-14897\" class=\"wp-caption-text\">Titre : Morgan et Jacc, sous la pluie, Horden (2024)<br \/>S\u00e9rie : Buried Treasure (2025)<br \/>Photo \u00a9 Ed Alcock \/ MYOP<\/p>\n<p><\/figcaption><\/figure>\n<figure id=\"attachment_14899\" aria-describedby=\"caption-attachment-14899\" style=\"width: 1617px\" class=\"wp-caption aligncenter\"><img loading=\"lazy\" decoding=\"async\" class=\"size-full wp-image-14899\" src=\"https:\/\/www.pictofoundation.fr\/wp-content\/uploads\/2025\/05\/ALCOCK_NIEPCE_001.jpg\" alt=\"\" width=\"1617\" height=\"2000\" srcset=\"https:\/\/www.pictofoundation.fr\/wp-content\/uploads\/2025\/05\/ALCOCK_NIEPCE_001.jpg 1617w, https:\/\/www.pictofoundation.fr\/wp-content\/uploads\/2025\/05\/ALCOCK_NIEPCE_001-243x300.jpg 243w, https:\/\/www.pictofoundation.fr\/wp-content\/uploads\/2025\/05\/ALCOCK_NIEPCE_001-828x1024.jpg 828w, https:\/\/www.pictofoundation.fr\/wp-content\/uploads\/2025\/05\/ALCOCK_NIEPCE_001-768x950.jpg 768w, https:\/\/www.pictofoundation.fr\/wp-content\/uploads\/2025\/05\/ALCOCK_NIEPCE_001-1242x1536.jpg 1242w, https:\/\/www.pictofoundation.fr\/wp-content\/uploads\/2025\/05\/ALCOCK_NIEPCE_001-500x618.jpg 500w, https:\/\/www.pictofoundation.fr\/wp-content\/uploads\/2025\/05\/ALCOCK_NIEPCE_001-800x989.jpg 800w, https:\/\/www.pictofoundation.fr\/wp-content\/uploads\/2025\/05\/ALCOCK_NIEPCE_001-1280x1583.jpg 1280w\" sizes=\"auto, (max-width: 1617px) 100vw, 1617px\" \/><figcaption id=\"caption-attachment-14899\" class=\"wp-caption-text\">Titre : Andrei, homme d&#8217;acier, Horden (2024)<br \/>S\u00e9rie : Buried Treasure (2025)<br \/>Photo \u00a9 Ed Alcock \/ MYOP<\/figcaption><\/figure>\n<p>Ed Alcock est un photographe franco-britannique, n\u00e9 le 11 avril 1974, \u00e0 Norwich au Royaume-Uni. En 1999, il se voit d\u00e9cerner le prix de meilleur jeune photographe de l\u2019ann\u00e9e par The Guardian et The Independent. Il s\u2019 installe \u00e0 Paris en 2000 et devient correspondant pour le New York Times. Aujourd\u2019hui, il collabore avec la presse fran\u00e7aise et internationale dont<br \/>\nThe Economist, Elle, Le Monde, Le Nouvel Obs, El Pais.<br \/>\nIl est membre de l\u2019agence MYOP depuis 2011.<br \/>\nSes projets explorent les th\u00e8mes de la famille, de la transmission et de l\u2019identit\u00e9. Parmi ses s\u00e9ries notables, Hobbledehoy, Love Lane et The Wait. Dans Home, sweet home, il a pass\u00e9 quatre ans \u00e0 explorer les bouleversements provoqu\u00e9s par le Brexit. Sa s\u00e9rie St\u00e9rile est une chronique de la vie durant la pand\u00e9mie de 2020.<\/p>\n<figure id=\"attachment_14907\" aria-describedby=\"caption-attachment-14907\" style=\"width: 1625px\" class=\"wp-caption aligncenter\"><img loading=\"lazy\" decoding=\"async\" class=\"size-full wp-image-14907\" src=\"https:\/\/www.pictofoundation.fr\/wp-content\/uploads\/2025\/05\/ALCOCK_NIEPCE_003.jpg\" alt=\"\" width=\"1625\" height=\"2000\" srcset=\"https:\/\/www.pictofoundation.fr\/wp-content\/uploads\/2025\/05\/ALCOCK_NIEPCE_003.jpg 1625w, https:\/\/www.pictofoundation.fr\/wp-content\/uploads\/2025\/05\/ALCOCK_NIEPCE_003-244x300.jpg 244w, https:\/\/www.pictofoundation.fr\/wp-content\/uploads\/2025\/05\/ALCOCK_NIEPCE_003-832x1024.jpg 832w, https:\/\/www.pictofoundation.fr\/wp-content\/uploads\/2025\/05\/ALCOCK_NIEPCE_003-768x945.jpg 768w, https:\/\/www.pictofoundation.fr\/wp-content\/uploads\/2025\/05\/ALCOCK_NIEPCE_003-1248x1536.jpg 1248w, https:\/\/www.pictofoundation.fr\/wp-content\/uploads\/2025\/05\/ALCOCK_NIEPCE_003-500x615.jpg 500w, https:\/\/www.pictofoundation.fr\/wp-content\/uploads\/2025\/05\/ALCOCK_NIEPCE_003-800x985.jpg 800w, https:\/\/www.pictofoundation.fr\/wp-content\/uploads\/2025\/05\/ALCOCK_NIEPCE_003-1280x1575.jpg 1280w\" sizes=\"auto, (max-width: 1625px) 100vw, 1625px\" \/><figcaption id=\"caption-attachment-14907\" class=\"wp-caption-text\">Titre : Carr\u00e9 jaune, Gr\u00e8ce (2009)<br \/>S\u00e9rie : Hobbledehoy (2013)<br \/>Photo \u00a9 Ed Alcock \/ MYOP<\/p>\n<p><\/figcaption><\/figure>\n<figure id=\"attachment_14895\" aria-describedby=\"caption-attachment-14895\" style=\"width: 1599px\" class=\"wp-caption aligncenter\"><img loading=\"lazy\" decoding=\"async\" class=\"size-full wp-image-14895\" src=\"https:\/\/www.pictofoundation.fr\/wp-content\/uploads\/2025\/05\/ALCOCK_NIEPCE_006.jpg\" alt=\"\" width=\"1599\" height=\"2000\" srcset=\"https:\/\/www.pictofoundation.fr\/wp-content\/uploads\/2025\/05\/ALCOCK_NIEPCE_006.jpg 1599w, https:\/\/www.pictofoundation.fr\/wp-content\/uploads\/2025\/05\/ALCOCK_NIEPCE_006-240x300.jpg 240w, https:\/\/www.pictofoundation.fr\/wp-content\/uploads\/2025\/05\/ALCOCK_NIEPCE_006-819x1024.jpg 819w, https:\/\/www.pictofoundation.fr\/wp-content\/uploads\/2025\/05\/ALCOCK_NIEPCE_006-768x961.jpg 768w, https:\/\/www.pictofoundation.fr\/wp-content\/uploads\/2025\/05\/ALCOCK_NIEPCE_006-1228x1536.jpg 1228w, https:\/\/www.pictofoundation.fr\/wp-content\/uploads\/2025\/05\/ALCOCK_NIEPCE_006-500x625.jpg 500w, https:\/\/www.pictofoundation.fr\/wp-content\/uploads\/2025\/05\/ALCOCK_NIEPCE_006-800x1001.jpg 800w, https:\/\/www.pictofoundation.fr\/wp-content\/uploads\/2025\/05\/ALCOCK_NIEPCE_006-1280x1601.jpg 1280w\" sizes=\"auto, (max-width: 1599px) 100vw, 1599px\" \/><figcaption id=\"caption-attachment-14895\" class=\"wp-caption-text\">Titre : Le dernier jour du confinement, Paris (2020)<br \/>S\u00c8rie : St\u00c8rile (2020)<br \/>Photo \u00a9 Ed Alcock \/ MYOP<\/figcaption><\/figure>\n<p>&#8220;<em>Ma pratique photographique s\u2019inscrit dans une exploration intime et narrative du r\u00e9el. Elle entend tisser des liens entre l\u2019individu et son environnement affectif, politique ou symbolique. C\u2019est dans cette zone poreuse, entre le documentaire et l\u2019auto-fiction, que je construis mes images, avec une attention particuli\u00e8re port\u00e9e \u00e0 la lumi\u00e8re, \u00e0 l\u2019ambigu\u00eft\u00e9 des gestes et \u00e0 la narration fragmentaire<\/em>.&#8221; Ed Alcock<\/p>\n<p>Le jury, pr\u00e9sid\u00e9 par H\u00e9lo\u00efse Con\u00e9sa, Conservatrice charg\u00e9e de la photographie contemporaine \u00e0 la Biblioth\u00e8que nationale de France, a d\u00e9lib\u00e9r\u00e9 mardi 20 mai 2025. Il \u00e9tait compos\u00e9 de personnalit\u00e9s appartenant aux diverses professions impliqu\u00e9es dans la r\u00e9alisation, la production, la critique et l\u2019\u00e9dition de photographies.<\/p>\n<p><a href=\"https:\/\/gensdimages.com\/\" target=\"_blank\" rel=\"noopener\">https:\/\/gensdimages.com\/<\/a><\/p>\n","protected":false},"excerpt":{"rendered":"<p>Since 2016, Picto Foundation, PICTO laboratories\u2019 endowment fund, has been pleased to partner with Gens d\u2019images to celebrate and support the Ni\u00e9pce Prize. The 70th edition of the Ni\u00e9pce Gens d\u2019images Prize has just been awarded to British-French photographer photographer Ed Alcock. Dominique Gaessler, publisher of photography books for Trans Photographic Press. Ed Alcock est [&hellip;]<\/p>\n","protected":false},"author":3,"featured_media":14896,"comment_status":"closed","ping_status":"open","sticky":false,"template":"single-post-style-2.php","format":"standard","meta":{"_acf_changed":false,"_vp_format_video_url":"https:\/\/www.youtube.com\/watch?v=YgOGI87LUIY","_vp_image_focal_point":[],"footnotes":""},"categories":[113],"tags":[102],"class_list":["post-14917","post","type-post","status-publish","format-standard","has-post-thumbnail","hentry","category-prix-niepce-en","tag-prize-niepce"],"acf":[],"yoast_head":"<!-- This site is optimized with the Yoast SEO plugin v25.4 - https:\/\/yoast.com\/wordpress\/plugins\/seo\/ -->\n<title>The 2025 Ni\u00e9pce Prize : Ed Alcock - Picto Foundation<\/title>\n<meta name=\"robots\" content=\"index, follow, max-snippet:-1, max-image-preview:large, max-video-preview:-1\" \/>\n<link rel=\"canonical\" href=\"https:\/\/www.pictofoundation.fr\/en\/the-2025-niepce-prize-ed-alcock\/\" \/>\n<meta property=\"og:locale\" content=\"en_US\" \/>\n<meta property=\"og:type\" content=\"article\" \/>\n<meta property=\"og:title\" content=\"The 2025 Ni\u00e9pce Prize : Ed Alcock - Picto Foundation\" \/>\n<meta property=\"og:description\" content=\"Since 2016, Picto Foundation, PICTO laboratories\u2019 endowment fund, has been pleased to partner with Gens d\u2019images to celebrate and support the Ni\u00e9pce Prize. The 70th edition of the Ni\u00e9pce Gens d\u2019images Prize has just been awarded to British-French photographer photographer Ed Alcock. Dominique Gaessler, publisher of photography books for Trans Photographic Press. Ed Alcock est [&hellip;]\" \/>\n<meta property=\"og:url\" content=\"https:\/\/www.pictofoundation.fr\/en\/the-2025-niepce-prize-ed-alcock\/\" \/>\n<meta property=\"og:site_name\" content=\"Picto Foundation\" \/>\n<meta property=\"article:published_time\" content=\"2025-05-23T14:57:13+00:00\" \/>\n<meta property=\"article:modified_time\" content=\"2025-05-23T15:04:40+00:00\" \/>\n<meta property=\"og:image\" content=\"https:\/\/www.pictofoundation.fr\/wp-content\/uploads\/2025\/05\/ALCOCK_NIEPCE_006.jpg\" \/>\n\t<meta property=\"og:image:width\" content=\"1599\" \/>\n\t<meta property=\"og:image:height\" content=\"2000\" \/>\n\t<meta property=\"og:image:type\" content=\"image\/jpeg\" \/>\n<meta name=\"author\" content=\"Ericka Weidmann\" \/>\n<meta name=\"twitter:card\" content=\"summary_large_image\" \/>\n<meta name=\"twitter:label1\" content=\"Written by\" \/>\n\t<meta name=\"twitter:data1\" content=\"Ericka Weidmann\" \/>\n\t<meta name=\"twitter:label2\" content=\"Est. reading time\" \/>\n\t<meta name=\"twitter:data2\" content=\"3 minutes\" \/>\n<script type=\"application\/ld+json\" class=\"yoast-schema-graph\">{\"@context\":\"https:\/\/schema.org\",\"@graph\":[{\"@type\":\"WebPage\",\"@id\":\"https:\/\/www.pictofoundation.fr\/en\/the-2025-niepce-prize-ed-alcock\/\",\"url\":\"https:\/\/www.pictofoundation.fr\/en\/the-2025-niepce-prize-ed-alcock\/\",\"name\":\"The 2025 Ni\u00e9pce Prize : Ed Alcock - Picto Foundation\",\"isPartOf\":{\"@id\":\"https:\/\/www.pictofoundation.fr\/en\/#website\"},\"primaryImageOfPage\":{\"@id\":\"https:\/\/www.pictofoundation.fr\/en\/the-2025-niepce-prize-ed-alcock\/#primaryimage\"},\"image\":{\"@id\":\"https:\/\/www.pictofoundation.fr\/en\/the-2025-niepce-prize-ed-alcock\/#primaryimage\"},\"thumbnailUrl\":\"https:\/\/www.pictofoundation.fr\/wp-content\/uploads\/2025\/05\/ALCOCK_NIEPCE_006.jpg\",\"datePublished\":\"2025-05-23T14:57:13+00:00\",\"dateModified\":\"2025-05-23T15:04:40+00:00\",\"author\":{\"@id\":\"https:\/\/www.pictofoundation.fr\/en\/#\/schema\/person\/b80b86e5bfdeda634261a6b76495817c\"},\"breadcrumb\":{\"@id\":\"https:\/\/www.pictofoundation.fr\/en\/the-2025-niepce-prize-ed-alcock\/#breadcrumb\"},\"inLanguage\":\"en-US\",\"potentialAction\":[{\"@type\":\"ReadAction\",\"target\":[\"https:\/\/www.pictofoundation.fr\/en\/the-2025-niepce-prize-ed-alcock\/\"]}]},{\"@type\":\"ImageObject\",\"inLanguage\":\"en-US\",\"@id\":\"https:\/\/www.pictofoundation.fr\/en\/the-2025-niepce-prize-ed-alcock\/#primaryimage\",\"url\":\"https:\/\/www.pictofoundation.fr\/wp-content\/uploads\/2025\/05\/ALCOCK_NIEPCE_006.jpg\",\"contentUrl\":\"https:\/\/www.pictofoundation.fr\/wp-content\/uploads\/2025\/05\/ALCOCK_NIEPCE_006.jpg\",\"width\":1599,\"height\":2000,\"caption\":\"Titre : Le dernier jour du confinement, Paris (2020) S\u00c8rie : St\u00c8rile (2020) Photo \u00a9 Ed Alcock \/ MYOP \/\/ Title: Last day of lockdown, Paris (2020) Series: Sterile (2020) Photo \u00a9 Ed Alcock \/ MYOP\"},{\"@type\":\"BreadcrumbList\",\"@id\":\"https:\/\/www.pictofoundation.fr\/en\/the-2025-niepce-prize-ed-alcock\/#breadcrumb\",\"itemListElement\":[{\"@type\":\"ListItem\",\"position\":1,\"name\":\"Accueil\",\"item\":\"https:\/\/www.pictofoundation.fr\/en\/\"},{\"@type\":\"ListItem\",\"position\":2,\"name\":\"The 2025 Ni\u00e9pce Prize : Ed Alcock\"}]},{\"@type\":\"WebSite\",\"@id\":\"https:\/\/www.pictofoundation.fr\/en\/#website\",\"url\":\"https:\/\/www.pictofoundation.fr\/en\/\",\"name\":\"Picto Foundation\",\"description\":\"Site de la fondation Picto, Groupe Picto\",\"potentialAction\":[{\"@type\":\"SearchAction\",\"target\":{\"@type\":\"EntryPoint\",\"urlTemplate\":\"https:\/\/www.pictofoundation.fr\/en\/?s={search_term_string}\"},\"query-input\":{\"@type\":\"PropertyValueSpecification\",\"valueRequired\":true,\"valueName\":\"search_term_string\"}}],\"inLanguage\":\"en-US\"},{\"@type\":\"Person\",\"@id\":\"https:\/\/www.pictofoundation.fr\/en\/#\/schema\/person\/b80b86e5bfdeda634261a6b76495817c\",\"name\":\"Ericka Weidmann\",\"url\":\"https:\/\/www.pictofoundation.fr\/en\/author\/ericka\/\"}]}<\/script>\n<!-- \/ Yoast SEO plugin. -->","yoast_head_json":{"title":"The 2025 Ni\u00e9pce Prize : Ed Alcock - Picto Foundation","robots":{"index":"index","follow":"follow","max-snippet":"max-snippet:-1","max-image-preview":"max-image-preview:large","max-video-preview":"max-video-preview:-1"},"canonical":"https:\/\/www.pictofoundation.fr\/en\/the-2025-niepce-prize-ed-alcock\/","og_locale":"en_US","og_type":"article","og_title":"The 2025 Ni\u00e9pce Prize : Ed Alcock - Picto Foundation","og_description":"Since 2016, Picto Foundation, PICTO laboratories\u2019 endowment fund, has been pleased to partner with Gens d\u2019images to celebrate and support the Ni\u00e9pce Prize. The 70th edition of the Ni\u00e9pce Gens d\u2019images Prize has just been awarded to British-French photographer photographer Ed Alcock. Dominique Gaessler, publisher of photography books for Trans Photographic Press. Ed Alcock est [&hellip;]","og_url":"https:\/\/www.pictofoundation.fr\/en\/the-2025-niepce-prize-ed-alcock\/","og_site_name":"Picto Foundation","article_published_time":"2025-05-23T14:57:13+00:00","article_modified_time":"2025-05-23T15:04:40+00:00","og_image":[{"width":1599,"height":2000,"url":"https:\/\/www.pictofoundation.fr\/wp-content\/uploads\/2025\/05\/ALCOCK_NIEPCE_006.jpg","type":"image\/jpeg"}],"author":"Ericka Weidmann","twitter_card":"summary_large_image","twitter_misc":{"Written by":"Ericka Weidmann","Est. reading time":"3 minutes"},"schema":{"@context":"https:\/\/schema.org","@graph":[{"@type":"WebPage","@id":"https:\/\/www.pictofoundation.fr\/en\/the-2025-niepce-prize-ed-alcock\/","url":"https:\/\/www.pictofoundation.fr\/en\/the-2025-niepce-prize-ed-alcock\/","name":"The 2025 Ni\u00e9pce Prize : Ed Alcock - Picto Foundation","isPartOf":{"@id":"https:\/\/www.pictofoundation.fr\/en\/#website"},"primaryImageOfPage":{"@id":"https:\/\/www.pictofoundation.fr\/en\/the-2025-niepce-prize-ed-alcock\/#primaryimage"},"image":{"@id":"https:\/\/www.pictofoundation.fr\/en\/the-2025-niepce-prize-ed-alcock\/#primaryimage"},"thumbnailUrl":"https:\/\/www.pictofoundation.fr\/wp-content\/uploads\/2025\/05\/ALCOCK_NIEPCE_006.jpg","datePublished":"2025-05-23T14:57:13+00:00","dateModified":"2025-05-23T15:04:40+00:00","author":{"@id":"https:\/\/www.pictofoundation.fr\/en\/#\/schema\/person\/b80b86e5bfdeda634261a6b76495817c"},"breadcrumb":{"@id":"https:\/\/www.pictofoundation.fr\/en\/the-2025-niepce-prize-ed-alcock\/#breadcrumb"},"inLanguage":"en-US","potentialAction":[{"@type":"ReadAction","target":["https:\/\/www.pictofoundation.fr\/en\/the-2025-niepce-prize-ed-alcock\/"]}]},{"@type":"ImageObject","inLanguage":"en-US","@id":"https:\/\/www.pictofoundation.fr\/en\/the-2025-niepce-prize-ed-alcock\/#primaryimage","url":"https:\/\/www.pictofoundation.fr\/wp-content\/uploads\/2025\/05\/ALCOCK_NIEPCE_006.jpg","contentUrl":"https:\/\/www.pictofoundation.fr\/wp-content\/uploads\/2025\/05\/ALCOCK_NIEPCE_006.jpg","width":1599,"height":2000,"caption":"Titre : Le dernier jour du confinement, Paris (2020) S\u00c8rie : St\u00c8rile (2020) Photo \u00a9 Ed Alcock \/ MYOP \/\/ Title: Last day of lockdown, Paris (2020) Series: Sterile (2020) Photo \u00a9 Ed Alcock \/ MYOP"},{"@type":"BreadcrumbList","@id":"https:\/\/www.pictofoundation.fr\/en\/the-2025-niepce-prize-ed-alcock\/#breadcrumb","itemListElement":[{"@type":"ListItem","position":1,"name":"Accueil","item":"https:\/\/www.pictofoundation.fr\/en\/"},{"@type":"ListItem","position":2,"name":"The 2025 Ni\u00e9pce Prize : Ed Alcock"}]},{"@type":"WebSite","@id":"https:\/\/www.pictofoundation.fr\/en\/#website","url":"https:\/\/www.pictofoundation.fr\/en\/","name":"Picto Foundation","description":"Site de la fondation Picto, Groupe Picto","potentialAction":[{"@type":"SearchAction","target":{"@type":"EntryPoint","urlTemplate":"https:\/\/www.pictofoundation.fr\/en\/?s={search_term_string}"},"query-input":{"@type":"PropertyValueSpecification","valueRequired":true,"valueName":"search_term_string"}}],"inLanguage":"en-US"},{"@type":"Person","@id":"https:\/\/www.pictofoundation.fr\/en\/#\/schema\/person\/b80b86e5bfdeda634261a6b76495817c","name":"Ericka Weidmann","url":"https:\/\/www.pictofoundation.fr\/en\/author\/ericka\/"}]}},"_links":{"self":[{"href":"https:\/\/www.pictofoundation.fr\/en\/wp-json\/wp\/v2\/posts\/14917","targetHints":{"allow":["GET"]}}],"collection":[{"href":"https:\/\/www.pictofoundation.fr\/en\/wp-json\/wp\/v2\/posts"}],"about":[{"href":"https:\/\/www.pictofoundation.fr\/en\/wp-json\/wp\/v2\/types\/post"}],"author":[{"embeddable":true,"href":"https:\/\/www.pictofoundation.fr\/en\/wp-json\/wp\/v2\/users\/3"}],"replies":[{"embeddable":true,"href":"https:\/\/www.pictofoundation.fr\/en\/wp-json\/wp\/v2\/comments?post=14917"}],"version-history":[{"count":2,"href":"https:\/\/www.pictofoundation.fr\/en\/wp-json\/wp\/v2\/posts\/14917\/revisions"}],"predecessor-version":[{"id":14919,"href":"https:\/\/www.pictofoundation.fr\/en\/wp-json\/wp\/v2\/posts\/14917\/revisions\/14919"}],"wp:featuredmedia":[{"embeddable":true,"href":"https:\/\/www.pictofoundation.fr\/en\/wp-json\/wp\/v2\/media\/14896"}],"wp:attachment":[{"href":"https:\/\/www.pictofoundation.fr\/en\/wp-json\/wp\/v2\/media?parent=14917"}],"wp:term":[{"taxonomy":"category","embeddable":true,"href":"https:\/\/www.pictofoundation.fr\/en\/wp-json\/wp\/v2\/categories?post=14917"},{"taxonomy":"post_tag","embeddable":true,"href":"https:\/\/www.pictofoundation.fr\/en\/wp-json\/wp\/v2\/tags?post=14917"}],"curies":[{"name":"wp","href":"https:\/\/api.w.org\/{rel}","templated":true}]}}