{"id":14966,"date":"2025-06-12T12:29:10","date_gmt":"2025-06-12T10:29:10","guid":{"rendered":"https:\/\/www.pictofoundation.fr\/?p=14966"},"modified":"2025-06-12T12:29:10","modified_gmt":"2025-06-12T10:29:10","slug":"participez-a-la-13eme-edition-du-estee-lauder-companies-pink-ribbon-photo-award","status":"publish","type":"post","link":"https:\/\/www.pictofoundation.fr\/en\/participez-a-la-13eme-edition-du-estee-lauder-companies-pink-ribbon-photo-award\/","title":{"rendered":"Participez \u00e0 la 13\u00e8me \u00e9dition du Est\u00e9e Lauder Companies Pink Ribbon Photo Award"},"content":{"rendered":"<h2>L&#8217;appel \u00e0 candidature de la 13\u00e8me \u00e9dition du Est\u00e9e Lauder Companies Pink Ribbon Photo Award vient d&#8217;ouvrir et vous avez jusqu&#8217;au 20 ao\u00fbt prochain pour envoyer vos images. Cette ann\u00e9e, le th\u00e8me du concours est \u00ab Plus pr\u00e8s du c\u0153ur \u00bb pour raconter une histoire intime, subjective autour de la bienveillance, des luttes et des espoirs de la maladie. Ce concours ouvert \u00e0 toutes et tous et vise \u00e0 soutenir la lutte contre les cancers du sein ! Picto Foundation est partenaire de cet \u00e9v\u00e9nement.<\/h2>\n<p>Afin de rendre hommage \u00e0 Mrs Evelyn H. Lauder, d\u00e9c\u00e9d\u00e9e le 12 novembre 2011 et de c\u00e9l\u00e9brer les 20 ans du Ruban Rose,The Est\u00e9e Lauder Companies France a lanc\u00e9 en 2012 la premi\u00e8re \u00e9dition d&#8217;un grand concours photo national : le Est\u00e9e Lauder Companies Pink Ribbon Photo Award.<\/p>\n<p>Pour sa 14e \u00e9dition, le concours revient cette ann\u00e9e avec un th\u00e8me profond\u00e9ment humain et symbolique : \u00ab Plus pr\u00e8s du c\u0153ur \u00bb. Les photographes sont invit\u00e9s \u00e0 porter un regard subjectif sur la maladie en racontant une histoire : celle de ces femmes \u2014 ou beaucoup plus rarement de ces hommes \u2014 qui font face \u00e0 ce cancer. C\u2019est le propos du Est\u00e9e Lauder Companies Pink Ribbon Photo Award depuis sa cr\u00e9ation en 2012, afin d\u2019inciter le grand public au d\u00e9pistage pr\u00e9coce.<\/p>\n<p>Plus de 900 000 personnes en France sont confront\u00e9es \u00e0 cette \u00e9preuve, une femme sur huit, avec en moyenne plus de 60 000 nouveaux cas d\u00e9tect\u00e9s chaque ann\u00e9e.<\/p>\n<p>Chaque image raconte une histoire intime, subjective autour de la bienveillance,<br \/>\ndes luttes et des espoirs en \u00e9tant \u00ab Plus pr\u00e8s du c\u0153ur \u00bb.<\/p>\n<p>En cette p\u00e9riode de d\u00e9stabilisation politique au niveau mondial, le concours donne la place \u00e0 l\u2019essence m\u00eame du combat contre le cancer du sein. Un combat qui, au-del\u00e0 de la maladie, se joue sur le terrain de l\u2019empathie, de la solidarit\u00e9, des valeurs humanistes, du soutien ind\u00e9fectible de la famille et des proches tous unis dans un m\u00eame \u00e9lan de solidarit\u00e9, de bienveillance et d\u2019espoir.<\/p>\n<p>Le cancer du sein, l&#8217;une des pathologies les plus r\u00e9pandues, est un bouleversement profond pour les malades et pour leur entourage. Un bouleversement qui modifie les corps, mais aussi le rapport aux autres et au monde.<\/p>\n<p>\u00c0 travers ce concours, photographes et mod\u00e8les partagent un moment intense, qu\u2019ils offrent au public. De ces rencontres humaines, il en ressort des t\u00e9moignages puissants et \u00e9clairants sur le quotidien des personnes atteintes, illustrant les diff\u00e9rentes \u00e9tapes de la maladie: des traitements et de la r\u00e9mission \u00e0 la gu\u00e9rison.<\/p>\n<p>Chaque image raconte une histoire, faite de lutte, d\u2019espoir et d\u2019amour. Une histoire qui montre les instants de douceur entre amis et famille, les gestes qui rassurent, les sourires discrets qui, parfois, cachent des larmes. Une histoire qui dit, en une seule photo, la r\u00e9alit\u00e9 quotidienne d\u2019une personne malade, seule ou accompagn\u00e9e, face \u00e0 la maladie, \u00e0 son \u00e9volution. Une histoire qui raconte les initiatives collectives, la bienveillance, le soutien, les instants de courage, de d\u00e9termination. Et de dignit\u00e9.<\/p>\n<p>Le Est\u00e9e Lauder Companies Pink Ribbon Photo Award est un appel \u00e0 la mobilisation collective pour sensibiliser le public \u00e0 l&#8217;importance du d\u00e9pistage, de la pr\u00e9vention et de la recherche sur le cancer du sein.<\/p>\n<p>En exposant ces images au grand public, l\u2019objectif est de briser les tabous, de parler librement de la maladie, mais aussi de c\u00e9l\u00e9brer la force et la beaut\u00e9 qui \u00e9mergent et triomphent de l\u2019\u00e9preuve. Le photographe Jacques Lannegrand, qui signe l\u2019affiche de cette nouvelle \u00e9dition avec le portrait de sa femme avec lequel il a \u00e9t\u00e9 laur\u00e9at en 2016, t\u00e9moigne avec ses mots vrais qui nous touchent au coeur : \u00ab Comment s\u2019aimer pendant et apr\u00e8s une telle \u00e9preuve qu\u2019est le cancer du sein ? Ma femme, qui a \u00e9t\u00e9 mod\u00e8le, a toujours pos\u00e9 pour moi. La reprise de cette activit\u00e9 photographique l\u2019a aid\u00e9e \u00e0 retrouver la confiance en elle et une f\u00e9minit\u00e9 qu\u2019elle pensait \u00e0 jamais perdue. Cette image repr\u00e9sente pour moi un immense cadeau et encore plus pour elle, ce retour \u00e0 la pleine vie en recommen\u00e7ant \u00e0 s\u2019aimer. \u00bb<\/p>\n<p>Le Est\u00e9e Lauder Companies Pink Ribbon Photo Award est plus qu\u2019un concours artistique. Il est un moyen de transmettre un message de solidarit\u00e9 et de bienveillance, de changer le regard port\u00e9 sur les personnes atteintes du cancer du sein, de souligner l\u2019importance du d\u00e9pistage pr\u00e9coce, mais aussi de rendre hommage \u00e0 toutes les individualit\u00e9s, \u00e0 toutes les histoires. Parce que la v\u00e9ritable lumi\u00e8re ne r\u00e9side pas seulement dans ce que l\u2019on voit, mais dans ce que l\u2019on ressent au plus profond de soi. D\u2019o\u00f9 le titre de cette 14e \u00e9dition: \u00ab Plus pr\u00e8s du c\u0153ur \u00bb.<\/p>\n<p>Pour participer, cliquez ici : <a href=\"https:\/\/www.pinkribbonaward.fr\/fr\/le-concours\" target=\"_blank\" rel=\"noopener\">https:\/\/www.pinkribbonaward.fr\/fr\/le-concours<\/a><\/p>\n<p><strong>En savoir plus :<\/strong><br \/>\n<a href=\"http:\/\/pinkribbonaward.fr\" target=\"_blank\" rel=\"noopener\">pinkribbonaward.fr<\/a>\u00a0| <a href=\"http:\/\/cancerdusein.org\" target=\"_blank\" rel=\"noopener\">cancerdusein.org<\/a><\/p>\n<p>&nbsp;<\/p>\n<p>Photo de couverture : \u00a9 Jacques Lannegrand<\/p>\n","protected":false},"excerpt":{"rendered":"<p>L&#8217;appel \u00e0 candidature de la 13\u00e8me \u00e9dition du Est\u00e9e Lauder Companies Pink Ribbon Photo Award vient d&#8217;ouvrir et vous avez jusqu&#8217;au 20 ao\u00fbt prochain pour envoyer vos images. Cette ann\u00e9e, le th\u00e8me du concours est \u00ab Plus pr\u00e8s du c\u0153ur \u00bb pour raconter une histoire intime, subjective autour de la bienveillance, des luttes et des [&hellip;]<\/p>\n","protected":false},"author":3,"featured_media":14967,"comment_status":"closed","ping_status":"open","sticky":false,"template":"","format":"standard","meta":{"_acf_changed":false,"_vp_format_video_url":"","_vp_image_focal_point":[],"footnotes":""},"categories":[7],"tags":[143,144,145],"class_list":["post-14966","post","type-post","status-publish","format-standard","has-post-thumbnail","hentry","category-uncategorized","tag-concours-en","tag-estee-lauder-pink-ribbon-photo-award-en","tag-solidarite-en"],"acf":[],"yoast_head":"<!-- This site is optimized with the Yoast SEO plugin v25.4 - https:\/\/yoast.com\/wordpress\/plugins\/seo\/ -->\n<title>Participez \u00e0 la 13\u00e8me \u00e9dition du Est\u00e9e Lauder Companies Pink Ribbon Photo Award - Picto Foundation<\/title>\n<meta name=\"robots\" content=\"index, follow, max-snippet:-1, max-image-preview:large, max-video-preview:-1\" \/>\n<link rel=\"canonical\" href=\"https:\/\/www.pictofoundation.fr\/en\/participez-a-la-13eme-edition-du-estee-lauder-companies-pink-ribbon-photo-award\/\" \/>\n<meta property=\"og:locale\" content=\"en_US\" \/>\n<meta property=\"og:type\" content=\"article\" \/>\n<meta property=\"og:title\" content=\"Participez \u00e0 la 13\u00e8me \u00e9dition du Est\u00e9e Lauder Companies Pink Ribbon Photo Award - Picto Foundation\" \/>\n<meta property=\"og:description\" content=\"L&#8217;appel \u00e0 candidature de la 13\u00e8me \u00e9dition du Est\u00e9e Lauder Companies Pink Ribbon Photo Award vient d&#8217;ouvrir et vous avez jusqu&#8217;au 20 ao\u00fbt prochain pour envoyer vos images. Cette ann\u00e9e, le th\u00e8me du concours est \u00ab Plus pr\u00e8s du c\u0153ur \u00bb pour raconter une histoire intime, subjective autour de la bienveillance, des luttes et des [&hellip;]\" \/>\n<meta property=\"og:url\" content=\"https:\/\/www.pictofoundation.fr\/en\/participez-a-la-13eme-edition-du-estee-lauder-companies-pink-ribbon-photo-award\/\" \/>\n<meta property=\"og:site_name\" content=\"Picto Foundation\" \/>\n<meta property=\"article:published_time\" content=\"2025-06-12T10:29:10+00:00\" \/>\n<meta property=\"og:image\" content=\"https:\/\/www.pictofoundation.fr\/wp-content\/uploads\/2025\/06\/facebook_shared-copie.jpg\" \/>\n\t<meta property=\"og:image:width\" content=\"1200\" \/>\n\t<meta property=\"og:image:height\" content=\"630\" \/>\n\t<meta property=\"og:image:type\" content=\"image\/jpeg\" \/>\n<meta name=\"author\" content=\"Ericka Weidmann\" \/>\n<meta name=\"twitter:card\" content=\"summary_large_image\" \/>\n<meta name=\"twitter:label1\" content=\"Written by\" \/>\n\t<meta name=\"twitter:data1\" content=\"Ericka Weidmann\" \/>\n\t<meta name=\"twitter:label2\" content=\"Est. reading time\" \/>\n\t<meta name=\"twitter:data2\" content=\"5 minutes\" \/>\n<script type=\"application\/ld+json\" class=\"yoast-schema-graph\">{\"@context\":\"https:\/\/schema.org\",\"@graph\":[{\"@type\":\"WebPage\",\"@id\":\"https:\/\/www.pictofoundation.fr\/en\/participez-a-la-13eme-edition-du-estee-lauder-companies-pink-ribbon-photo-award\/\",\"url\":\"https:\/\/www.pictofoundation.fr\/en\/participez-a-la-13eme-edition-du-estee-lauder-companies-pink-ribbon-photo-award\/\",\"name\":\"Participez \u00e0 la 13\u00e8me \u00e9dition du Est\u00e9e Lauder Companies Pink Ribbon Photo Award - Picto Foundation\",\"isPartOf\":{\"@id\":\"https:\/\/www.pictofoundation.fr\/en\/#website\"},\"primaryImageOfPage\":{\"@id\":\"https:\/\/www.pictofoundation.fr\/en\/participez-a-la-13eme-edition-du-estee-lauder-companies-pink-ribbon-photo-award\/#primaryimage\"},\"image\":{\"@id\":\"https:\/\/www.pictofoundation.fr\/en\/participez-a-la-13eme-edition-du-estee-lauder-companies-pink-ribbon-photo-award\/#primaryimage\"},\"thumbnailUrl\":\"https:\/\/www.pictofoundation.fr\/wp-content\/uploads\/2025\/06\/facebook_shared-copie.jpg\",\"datePublished\":\"2025-06-12T10:29:10+00:00\",\"author\":{\"@id\":\"https:\/\/www.pictofoundation.fr\/en\/#\/schema\/person\/b80b86e5bfdeda634261a6b76495817c\"},\"breadcrumb\":{\"@id\":\"https:\/\/www.pictofoundation.fr\/en\/participez-a-la-13eme-edition-du-estee-lauder-companies-pink-ribbon-photo-award\/#breadcrumb\"},\"inLanguage\":\"en-US\",\"potentialAction\":[{\"@type\":\"ReadAction\",\"target\":[\"https:\/\/www.pictofoundation.fr\/en\/participez-a-la-13eme-edition-du-estee-lauder-companies-pink-ribbon-photo-award\/\"]}]},{\"@type\":\"ImageObject\",\"inLanguage\":\"en-US\",\"@id\":\"https:\/\/www.pictofoundation.fr\/en\/participez-a-la-13eme-edition-du-estee-lauder-companies-pink-ribbon-photo-award\/#primaryimage\",\"url\":\"https:\/\/www.pictofoundation.fr\/wp-content\/uploads\/2025\/06\/facebook_shared-copie.jpg\",\"contentUrl\":\"https:\/\/www.pictofoundation.fr\/wp-content\/uploads\/2025\/06\/facebook_shared-copie.jpg\",\"width\":1200,\"height\":630},{\"@type\":\"BreadcrumbList\",\"@id\":\"https:\/\/www.pictofoundation.fr\/en\/participez-a-la-13eme-edition-du-estee-lauder-companies-pink-ribbon-photo-award\/#breadcrumb\",\"itemListElement\":[{\"@type\":\"ListItem\",\"position\":1,\"name\":\"Accueil\",\"item\":\"https:\/\/www.pictofoundation.fr\/en\/\"},{\"@type\":\"ListItem\",\"position\":2,\"name\":\"Participez \u00e0 la 13\u00e8me \u00e9dition du Est\u00e9e Lauder Companies Pink Ribbon Photo Award\"}]},{\"@type\":\"WebSite\",\"@id\":\"https:\/\/www.pictofoundation.fr\/en\/#website\",\"url\":\"https:\/\/www.pictofoundation.fr\/en\/\",\"name\":\"Picto Foundation\",\"description\":\"Site de la fondation Picto, Groupe Picto\",\"potentialAction\":[{\"@type\":\"SearchAction\",\"target\":{\"@type\":\"EntryPoint\",\"urlTemplate\":\"https:\/\/www.pictofoundation.fr\/en\/?s={search_term_string}\"},\"query-input\":{\"@type\":\"PropertyValueSpecification\",\"valueRequired\":true,\"valueName\":\"search_term_string\"}}],\"inLanguage\":\"en-US\"},{\"@type\":\"Person\",\"@id\":\"https:\/\/www.pictofoundation.fr\/en\/#\/schema\/person\/b80b86e5bfdeda634261a6b76495817c\",\"name\":\"Ericka Weidmann\",\"url\":\"https:\/\/www.pictofoundation.fr\/en\/author\/ericka\/\"}]}<\/script>\n<!-- \/ Yoast SEO plugin. -->","yoast_head_json":{"title":"Participez \u00e0 la 13\u00e8me \u00e9dition du Est\u00e9e Lauder Companies Pink Ribbon Photo Award - Picto Foundation","robots":{"index":"index","follow":"follow","max-snippet":"max-snippet:-1","max-image-preview":"max-image-preview:large","max-video-preview":"max-video-preview:-1"},"canonical":"https:\/\/www.pictofoundation.fr\/en\/participez-a-la-13eme-edition-du-estee-lauder-companies-pink-ribbon-photo-award\/","og_locale":"en_US","og_type":"article","og_title":"Participez \u00e0 la 13\u00e8me \u00e9dition du Est\u00e9e Lauder Companies Pink Ribbon Photo Award - Picto Foundation","og_description":"L&#8217;appel \u00e0 candidature de la 13\u00e8me \u00e9dition du Est\u00e9e Lauder Companies Pink Ribbon Photo Award vient d&#8217;ouvrir et vous avez jusqu&#8217;au 20 ao\u00fbt prochain pour envoyer vos images. Cette ann\u00e9e, le th\u00e8me du concours est \u00ab Plus pr\u00e8s du c\u0153ur \u00bb pour raconter une histoire intime, subjective autour de la bienveillance, des luttes et des [&hellip;]","og_url":"https:\/\/www.pictofoundation.fr\/en\/participez-a-la-13eme-edition-du-estee-lauder-companies-pink-ribbon-photo-award\/","og_site_name":"Picto Foundation","article_published_time":"2025-06-12T10:29:10+00:00","og_image":[{"width":1200,"height":630,"url":"https:\/\/www.pictofoundation.fr\/wp-content\/uploads\/2025\/06\/facebook_shared-copie.jpg","type":"image\/jpeg"}],"author":"Ericka Weidmann","twitter_card":"summary_large_image","twitter_misc":{"Written by":"Ericka Weidmann","Est. reading time":"5 minutes"},"schema":{"@context":"https:\/\/schema.org","@graph":[{"@type":"WebPage","@id":"https:\/\/www.pictofoundation.fr\/en\/participez-a-la-13eme-edition-du-estee-lauder-companies-pink-ribbon-photo-award\/","url":"https:\/\/www.pictofoundation.fr\/en\/participez-a-la-13eme-edition-du-estee-lauder-companies-pink-ribbon-photo-award\/","name":"Participez \u00e0 la 13\u00e8me \u00e9dition du Est\u00e9e Lauder Companies Pink Ribbon Photo Award - Picto Foundation","isPartOf":{"@id":"https:\/\/www.pictofoundation.fr\/en\/#website"},"primaryImageOfPage":{"@id":"https:\/\/www.pictofoundation.fr\/en\/participez-a-la-13eme-edition-du-estee-lauder-companies-pink-ribbon-photo-award\/#primaryimage"},"image":{"@id":"https:\/\/www.pictofoundation.fr\/en\/participez-a-la-13eme-edition-du-estee-lauder-companies-pink-ribbon-photo-award\/#primaryimage"},"thumbnailUrl":"https:\/\/www.pictofoundation.fr\/wp-content\/uploads\/2025\/06\/facebook_shared-copie.jpg","datePublished":"2025-06-12T10:29:10+00:00","author":{"@id":"https:\/\/www.pictofoundation.fr\/en\/#\/schema\/person\/b80b86e5bfdeda634261a6b76495817c"},"breadcrumb":{"@id":"https:\/\/www.pictofoundation.fr\/en\/participez-a-la-13eme-edition-du-estee-lauder-companies-pink-ribbon-photo-award\/#breadcrumb"},"inLanguage":"en-US","potentialAction":[{"@type":"ReadAction","target":["https:\/\/www.pictofoundation.fr\/en\/participez-a-la-13eme-edition-du-estee-lauder-companies-pink-ribbon-photo-award\/"]}]},{"@type":"ImageObject","inLanguage":"en-US","@id":"https:\/\/www.pictofoundation.fr\/en\/participez-a-la-13eme-edition-du-estee-lauder-companies-pink-ribbon-photo-award\/#primaryimage","url":"https:\/\/www.pictofoundation.fr\/wp-content\/uploads\/2025\/06\/facebook_shared-copie.jpg","contentUrl":"https:\/\/www.pictofoundation.fr\/wp-content\/uploads\/2025\/06\/facebook_shared-copie.jpg","width":1200,"height":630},{"@type":"BreadcrumbList","@id":"https:\/\/www.pictofoundation.fr\/en\/participez-a-la-13eme-edition-du-estee-lauder-companies-pink-ribbon-photo-award\/#breadcrumb","itemListElement":[{"@type":"ListItem","position":1,"name":"Accueil","item":"https:\/\/www.pictofoundation.fr\/en\/"},{"@type":"ListItem","position":2,"name":"Participez \u00e0 la 13\u00e8me \u00e9dition du Est\u00e9e Lauder Companies Pink Ribbon Photo Award"}]},{"@type":"WebSite","@id":"https:\/\/www.pictofoundation.fr\/en\/#website","url":"https:\/\/www.pictofoundation.fr\/en\/","name":"Picto Foundation","description":"Site de la fondation Picto, Groupe Picto","potentialAction":[{"@type":"SearchAction","target":{"@type":"EntryPoint","urlTemplate":"https:\/\/www.pictofoundation.fr\/en\/?s={search_term_string}"},"query-input":{"@type":"PropertyValueSpecification","valueRequired":true,"valueName":"search_term_string"}}],"inLanguage":"en-US"},{"@type":"Person","@id":"https:\/\/www.pictofoundation.fr\/en\/#\/schema\/person\/b80b86e5bfdeda634261a6b76495817c","name":"Ericka Weidmann","url":"https:\/\/www.pictofoundation.fr\/en\/author\/ericka\/"}]}},"_links":{"self":[{"href":"https:\/\/www.pictofoundation.fr\/en\/wp-json\/wp\/v2\/posts\/14966","targetHints":{"allow":["GET"]}}],"collection":[{"href":"https:\/\/www.pictofoundation.fr\/en\/wp-json\/wp\/v2\/posts"}],"about":[{"href":"https:\/\/www.pictofoundation.fr\/en\/wp-json\/wp\/v2\/types\/post"}],"author":[{"embeddable":true,"href":"https:\/\/www.pictofoundation.fr\/en\/wp-json\/wp\/v2\/users\/3"}],"replies":[{"embeddable":true,"href":"https:\/\/www.pictofoundation.fr\/en\/wp-json\/wp\/v2\/comments?post=14966"}],"version-history":[{"count":1,"href":"https:\/\/www.pictofoundation.fr\/en\/wp-json\/wp\/v2\/posts\/14966\/revisions"}],"predecessor-version":[{"id":14969,"href":"https:\/\/www.pictofoundation.fr\/en\/wp-json\/wp\/v2\/posts\/14966\/revisions\/14969"}],"wp:featuredmedia":[{"embeddable":true,"href":"https:\/\/www.pictofoundation.fr\/en\/wp-json\/wp\/v2\/media\/14967"}],"wp:attachment":[{"href":"https:\/\/www.pictofoundation.fr\/en\/wp-json\/wp\/v2\/media?parent=14966"}],"wp:term":[{"taxonomy":"category","embeddable":true,"href":"https:\/\/www.pictofoundation.fr\/en\/wp-json\/wp\/v2\/categories?post=14966"},{"taxonomy":"post_tag","embeddable":true,"href":"https:\/\/www.pictofoundation.fr\/en\/wp-json\/wp\/v2\/tags?post=14966"}],"curies":[{"name":"wp","href":"https:\/\/api.w.org\/{rel}","templated":true}]}}