{"id":15019,"date":"2025-06-19T10:36:13","date_gmt":"2025-06-19T08:36:13","guid":{"rendered":"https:\/\/www.pictofoundation.fr\/?p=15019"},"modified":"2025-06-24T10:15:42","modified_gmt":"2025-06-24T08:15:42","slug":"75-ans-picto-x-gregoire-eloy-avec-le-soutien-de-mpb","status":"publish","type":"post","link":"https:\/\/www.pictofoundation.fr\/en\/75-ans-picto-x-gregoire-eloy-avec-le-soutien-de-mpb\/","title":{"rendered":"75 Years of PICTO \u00d7 Gr\u00e9goire Eloy with the support of MPB"},"content":{"rendered":"<figure id=\"attachment_15011\" aria-describedby=\"caption-attachment-15011\" style=\"width: 2000px\" class=\"wp-caption aligncenter\"><img loading=\"lazy\" decoding=\"async\" class=\"size-full wp-image-15011\" src=\"https:\/\/www.pictofoundation.fr\/wp-content\/uploads\/2025\/06\/39_GEL202594D-0057-2-copie.jpg\" alt=\"\" width=\"2000\" height=\"1312\" srcset=\"https:\/\/www.pictofoundation.fr\/wp-content\/uploads\/2025\/06\/39_GEL202594D-0057-2-copie.jpg 2000w, https:\/\/www.pictofoundation.fr\/wp-content\/uploads\/2025\/06\/39_GEL202594D-0057-2-copie-300x197.jpg 300w, https:\/\/www.pictofoundation.fr\/wp-content\/uploads\/2025\/06\/39_GEL202594D-0057-2-copie-1024x672.jpg 1024w, https:\/\/www.pictofoundation.fr\/wp-content\/uploads\/2025\/06\/39_GEL202594D-0057-2-copie-768x504.jpg 768w, https:\/\/www.pictofoundation.fr\/wp-content\/uploads\/2025\/06\/39_GEL202594D-0057-2-copie-1536x1008.jpg 1536w, https:\/\/www.pictofoundation.fr\/wp-content\/uploads\/2025\/06\/39_GEL202594D-0057-2-copie-500x328.jpg 500w, https:\/\/www.pictofoundation.fr\/wp-content\/uploads\/2025\/06\/39_GEL202594D-0057-2-copie-800x525.jpg 800w, https:\/\/www.pictofoundation.fr\/wp-content\/uploads\/2025\/06\/39_GEL202594D-0057-2-copie-1280x840.jpg 1280w, https:\/\/www.pictofoundation.fr\/wp-content\/uploads\/2025\/06\/39_GEL202594D-0057-2-copie-1920x1260.jpg 1920w\" sizes=\"auto, (max-width: 2000px) 100vw, 2000px\" \/><figcaption id=\"caption-attachment-15011\" class=\"wp-caption-text\">\u00a9 Gr\u00e9goire Eloy, 2025 \/ Tendance Floue<\/figcaption><\/figure>\n<p><a href=\"https:\/\/tendancefloue.net\/photographes\/gregoire-eloy\/\" target=\"_blank\" rel=\"noopener\" data-cke-saved-href=\"https:\/\/tendancefloue.net\/photographes\/gregoire-eloy\/\">Gr\u00e9goire Eloy<\/a>, photographer and member of the Tendance Floue collective, is the second former winner of the <a href=\"\/?page_id=9650\" target=\"_blank\" rel=\"noopener\" data-cke-saved-href=\"https:\/\/www.pictofoundation.fr\/en\/bourse-du-talent\/\">Bourse du Talent<\/a> program, invited by PICTO for this unique encounter with the laboratory.<\/p>\n<p><strong>On the occasion of an overnight stay in the lab, Gr\u00e9goire Eloy transforms the creative space into a site of nocturnal exploration<\/strong>, becoming the protagonist of an immersive artistic experiment. Using photographic equipment provided by <a href=\"https:\/\/www.mpb.com\/en-eu\/?utm_source=bourse+du+talent+-+carte+blanche+l2&amp;utm_medium=website&amp;utm_campaign=mar:eu|cam:change|sc:par\">MPB<\/a>\u2014including a Canon body and Fujifilm GF lenses\u2014he navigates the darkness of the lab, moving between shadow and light, from negative to positive, in a sensory encounter with the materials and atmospheres of the darkroom.<\/p>\n<p>From white to black and through to the safelight red, <strong>Eloy breathes life into the very lungs of a space where images are crafted and imaginations take form<\/strong>. Carrying a roll of silver gelatin paper on his back, the photographer wanders through the lab, integrating the paper into the setting, exposing it to flash, and then developing the images on site &#8211; only to rephotograph them until the early hours of the morning. This approach reflects Gr\u00e9goire Eloy\u2019s artistic process, which often reimagines the photographic laboratory as a space for immersive and poetic creation.<\/p>\n<p>In <em>his Omalo<\/em> series, shot in Georgia, he installed silver paper directly in the nocturnal landscape, exposing it simultaneously to the light of a flash and to a digitally captured image\u2014a method that generated a dual image: a photogram developed on-site and a digital photograph, offering two interpretations of the same moment.<\/p>\n<p>In <em>La Parcelle<\/em>, the photographer constructed a cabin in the forest, serving both as a residence and a darkroom, where he produced silver prints in nature using only the light of a red headlamp.<\/p>\n<p><strong>For a photographer so attuned to the experiential dimension of the lab, like Gr\u00e9goire Eloy, the magic of the darkroom lies in those suspended moments when the image surfaces\u2014an intimate, tactile revelation<\/strong> linking gesture, material, and the chiaroscuro atmosphere of the photographic process.<\/p>\n<blockquote class=\"instagram-media\" style=\"background: #FFF; border: 0; border-radius: 3px; box-shadow: 0 0 1px 0 rgba(0,0,0,0.5),0 1px 10px 0 rgba(0,0,0,0.15); margin: 1px; max-width: 540px; min-width: 326px; padding: 0; width: calc(100% - 2px);\" data-instgrm-captioned=\"\" data-instgrm-permalink=\"https:\/\/www.instagram.com\/reel\/DLE9oNYI4iR\/?utm_source=ig_embed&amp;utm_campaign=loading\" data-instgrm-version=\"14\">\n<div style=\"padding: 16px;\">\n<p>&nbsp;<\/p>\n<div style=\"display: flex; flex-direction: row; align-items: center;\">\n<div style=\"background-color: #f4f4f4; border-radius: 50%; flex-grow: 0; height: 40px; margin-right: 14px; width: 40px;\"><\/div>\n<div style=\"display: flex; flex-direction: column; flex-grow: 1; justify-content: center;\">\n<div style=\"background-color: #f4f4f4; border-radius: 4px; flex-grow: 0; height: 14px; margin-bottom: 6px; width: 100px;\"><\/div>\n<div style=\"background-color: #f4f4f4; border-radius: 4px; flex-grow: 0; height: 14px; width: 60px;\"><\/div>\n<\/div>\n<\/div>\n<div style=\"padding: 19% 0;\"><\/div>\n<div style=\"display: block; height: 50px; margin: 0 auto 12px; width: 50px;\"><\/div>\n<div style=\"padding-top: 8px;\">\n<div style=\"color: #3897f0; font-family: Arial,sans-serif; font-size: 14px; font-style: normal; font-weight: 550; line-height: 18px;\">Voir cette publication sur Instagram<\/div>\n<\/div>\n<div style=\"padding: 12.5% 0;\"><\/div>\n<div style=\"display: flex; flex-direction: row; margin-bottom: 14px; align-items: center;\">\n<div>\n<div style=\"background-color: #f4f4f4; border-radius: 50%; height: 12.5px; width: 12.5px; transform: translateX(0px) translateY(7px);\"><\/div>\n<div style=\"background-color: #f4f4f4; height: 12.5px; transform: rotate(-45deg) translateX(3px) translateY(1px); width: 12.5px; flex-grow: 0; margin-right: 14px; margin-left: 2px;\"><\/div>\n<div style=\"background-color: #f4f4f4; border-radius: 50%; height: 12.5px; width: 12.5px; transform: translateX(9px) translateY(-18px);\"><\/div>\n<\/div>\n<div style=\"margin-left: 8px;\">\n<div style=\"background-color: #f4f4f4; border-radius: 50%; flex-grow: 0; height: 20px; width: 20px;\"><\/div>\n<div style=\"width: 0; height: 0; border-top: 2px solid transparent; border-left: 6px solid #f4f4f4; border-bottom: 2px solid transparent; transform: translateX(16px) translateY(-4px) rotate(30deg);\"><\/div>\n<\/div>\n<div style=\"margin-left: auto;\">\n<div style=\"width: 0px; border-top: 8px solid #F4F4F4; border-right: 8px solid transparent; transform: translateY(16px);\"><\/div>\n<div style=\"background-color: #f4f4f4; flex-grow: 0; height: 12px; width: 16px; transform: translateY(-4px);\"><\/div>\n<div style=\"width: 0; height: 0; border-top: 8px solid #F4F4F4; border-left: 8px solid transparent; transform: translateY(-4px) translateX(8px);\"><\/div>\n<\/div>\n<\/div>\n<div style=\"display: flex; flex-direction: column; flex-grow: 1; justify-content: center; margin-bottom: 24px;\">\n<div style=\"background-color: #f4f4f4; border-radius: 4px; flex-grow: 0; height: 14px; margin-bottom: 6px; width: 224px;\"><\/div>\n<div style=\"background-color: #f4f4f4; border-radius: 4px; flex-grow: 0; height: 14px; width: 144px;\"><\/div>\n<\/div>\n<p>&nbsp;<\/p>\n<p style=\"color: #c9c8cd; font-family: Arial,sans-serif; font-size: 14px; line-height: 17px; margin-bottom: 0; margin-top: 8px; overflow: hidden; padding: 8px 0 7px; text-align: center; text-overflow: ellipsis; white-space: nowrap;\"><a style=\"color: #c9c8cd; font-family: Arial,sans-serif; font-size: 14px; font-style: normal; font-weight: normal; line-height: 17px; text-decoration: none;\" href=\"https:\/\/www.instagram.com\/reel\/DLE9oNYI4iR\/?utm_source=ig_embed&amp;utm_campaign=loading\" target=\"_blank\" rel=\"noopener\">Une publication partag\u00e9e par Picto (@pictofr)<\/a><\/p>\n<\/div>\n<\/blockquote>\n<p><script async src=\"\/\/www.instagram.com\/embed.js\"><\/script><\/p>\n<p>In 2025,\u00a0<a href=\"https:\/\/www.mpb.com\/en-eu\/?utm_source=bourse+du+talent+-+carte+blanche+l2&amp;utm_medium=website&amp;utm_campaign=mar:eu|cam:change|sc:par\" target=\"_blank\" rel=\"noopener\">MPB<\/a>, Europe\u2019s top camera reseller, becomes the main partner of\u00a0<a href=\"https:\/\/www.pictofoundation.fr\/en\/bourse-du-talent\/\">Bourse du Talent<\/a>, a historic programme to help emerging talent that has been supported by PICTO for 25 years. To mark this occasion and the 75th anniversary of the PICTO laboratories, MPB and Picto Foundation have joined forces to offer three former winners of Bourse du Talent an artistic carte blanche : how to represent today\u2019s historic photo laboratory?<\/p>\n<p>The PICTO x MPB CARTE BLANCHE is a continuation of our ongoing desire to put photographers in touch with the photographic ecosystem and to encourage the essence of their profession, the production of images. The CARTE BLANCHE PICTO x MPB is based on this particular magic, inherent in the photographer\u2019s life. The three selected laureates of the Bourse du Talent,\u00a0<strong>Kamila K Stanley<\/strong>\u00a0(2023),\u00a0<strong>Gr\u00e9goire Eloy<\/strong>\u00a0(2004) and\u00a0<strong>Chlo\u00e9 Jaf\u00e9<\/strong>\u00a0(2017), will be immersing themselves in the Ile-de-France sites of the PICTO laboratories to offer us their singular vision of an environment, know-how, men and women at the service of photographers and their projects.<\/p>\n<p style=\"text-align: center;\">A programme<\/p>\n<p style=\"text-align: center;\"><img loading=\"lazy\" decoding=\"async\" class=\"aligncenter wp-image-13582 size-vp_sm\" src=\"https:\/\/www.pictofoundation.fr\/wp-content\/uploads\/2025\/03\/4aef4289-f757-5073-aaf5-5c9526152283-copie-500x78.jpg\" alt=\"\" width=\"500\" height=\"78\" srcset=\"https:\/\/www.pictofoundation.fr\/wp-content\/uploads\/2025\/03\/4aef4289-f757-5073-aaf5-5c9526152283-copie-500x78.jpg 500w, https:\/\/www.pictofoundation.fr\/wp-content\/uploads\/2025\/03\/4aef4289-f757-5073-aaf5-5c9526152283-copie-300x47.jpg 300w, https:\/\/www.pictofoundation.fr\/wp-content\/uploads\/2025\/03\/4aef4289-f757-5073-aaf5-5c9526152283-copie-768x120.jpg 768w, https:\/\/www.pictofoundation.fr\/wp-content\/uploads\/2025\/03\/4aef4289-f757-5073-aaf5-5c9526152283-copie-800x125.jpg 800w, https:\/\/www.pictofoundation.fr\/wp-content\/uploads\/2025\/03\/4aef4289-f757-5073-aaf5-5c9526152283-copie.jpg 1024w\" sizes=\"auto, (max-width: 500px) 100vw, 500px\" \/><\/p>\n<p style=\"text-align: center;\">made possible thanks to the support of our main partner<\/p>\n<p><a href=\"https:\/\/www.mpb.com\/fr-fr\/?utm_source=bourse+du+talent+-+carte+blanche+website&amp;utm_medium=website&amp;utm_campaign=mar:fr|cam:change|sc:par\"><img loading=\"lazy\" decoding=\"async\" class=\"aligncenter wp-image-13586\" src=\"https:\/\/www.pictofoundation.fr\/wp-content\/uploads\/2025\/03\/mpb-logo-shorturl-DARK_rgb_DIGITAL-300x230.png\" alt=\"\" width=\"150\" height=\"115\" srcset=\"https:\/\/www.pictofoundation.fr\/wp-content\/uploads\/2025\/03\/mpb-logo-shorturl-DARK_rgb_DIGITAL-300x230.png 300w, https:\/\/www.pictofoundation.fr\/wp-content\/uploads\/2025\/03\/mpb-logo-shorturl-DARK_rgb_DIGITAL-500x384.png 500w, https:\/\/www.pictofoundation.fr\/wp-content\/uploads\/2025\/03\/mpb-logo-shorturl-DARK_rgb_DIGITAL.png 673w\" sizes=\"auto, (max-width: 150px) 100vw, 150px\" \/><\/a><\/p>\n<p style=\"text-align: center;\">and our other partners<\/p>\n<p><img loading=\"lazy\" decoding=\"async\" class=\"aligncenter size-full wp-image-13612\" src=\"https:\/\/www.pictofoundation.fr\/wp-content\/uploads\/2025\/03\/Logo-bandeau-2025-copie.jpg\" alt=\"\" width=\"1200\" height=\"405\" srcset=\"https:\/\/www.pictofoundation.fr\/wp-content\/uploads\/2025\/03\/Logo-bandeau-2025-copie.jpg 1200w, https:\/\/www.pictofoundation.fr\/wp-content\/uploads\/2025\/03\/Logo-bandeau-2025-copie-300x101.jpg 300w, https:\/\/www.pictofoundation.fr\/wp-content\/uploads\/2025\/03\/Logo-bandeau-2025-copie-1024x346.jpg 1024w, https:\/\/www.pictofoundation.fr\/wp-content\/uploads\/2025\/03\/Logo-bandeau-2025-copie-768x259.jpg 768w, https:\/\/www.pictofoundation.fr\/wp-content\/uploads\/2025\/03\/Logo-bandeau-2025-copie-500x169.jpg 500w, https:\/\/www.pictofoundation.fr\/wp-content\/uploads\/2025\/03\/Logo-bandeau-2025-copie-800x270.jpg 800w\" sizes=\"auto, (max-width: 1200px) 100vw, 1200px\" \/><\/p>\n","protected":false},"excerpt":{"rendered":"<p>Gr\u00e9goire Eloy, a photographer and member of the Tendance Floue collective, is the second former Bourse du Talent laureate invited by PICTO for this unique encounter with the photographic laboratory. Reminiscent of Night at the Museum, Eloy transforms the creative space into a realm of nocturnal exploration, where he becomes both actor and subject in an immersive artistic experience.<\/p>\n","protected":false},"author":3,"featured_media":15012,"comment_status":"closed","ping_status":"closed","sticky":false,"template":"single-post-style-2.php","format":"standard","meta":{"_acf_changed":false,"_vp_format_video_url":"","_vp_image_focal_point":[],"footnotes":""},"categories":[132],"tags":[133,108],"class_list":["post-15019","post","type-post","status-publish","format-standard","has-post-thumbnail","hentry","category-prix-en","tag-bourse-du-talent-en","tag-jeunes-talents-en"],"acf":[],"yoast_head":"<!-- This site is optimized with the Yoast SEO plugin v25.4 - https:\/\/yoast.com\/wordpress\/plugins\/seo\/ -->\n<title>75 Years of PICTO \u00d7 Gr\u00e9goire Eloy with the support of MPB - Picto Foundation<\/title>\n<meta name=\"robots\" content=\"index, follow, max-snippet:-1, max-image-preview:large, max-video-preview:-1\" \/>\n<link rel=\"canonical\" href=\"https:\/\/www.pictofoundation.fr\/en\/75-ans-picto-x-gregoire-eloy-avec-le-soutien-de-mpb\/\" \/>\n<meta property=\"og:locale\" content=\"en_US\" \/>\n<meta property=\"og:type\" content=\"article\" \/>\n<meta property=\"og:title\" content=\"75 Years of PICTO \u00d7 Gr\u00e9goire Eloy with the support of MPB - Picto Foundation\" \/>\n<meta property=\"og:description\" content=\"Gr\u00e9goire Eloy, a photographer and member of the Tendance Floue collective, is the second former Bourse du Talent laureate invited by PICTO for this unique encounter with the photographic laboratory. Reminiscent of Night at the Museum, Eloy transforms the creative space into a realm of nocturnal exploration, where he becomes both actor and subject in an immersive artistic experience.\" \/>\n<meta property=\"og:url\" content=\"https:\/\/www.pictofoundation.fr\/en\/75-ans-picto-x-gregoire-eloy-avec-le-soutien-de-mpb\/\" \/>\n<meta property=\"og:site_name\" content=\"Picto Foundation\" \/>\n<meta property=\"article:published_time\" content=\"2025-06-19T08:36:13+00:00\" \/>\n<meta property=\"article:modified_time\" content=\"2025-06-24T08:15:42+00:00\" \/>\n<meta property=\"og:image\" content=\"https:\/\/www.pictofoundation.fr\/wp-content\/uploads\/2025\/06\/39_GEL202594D-0057-2-copie.jpg\" \/>\n\t<meta property=\"og:image:width\" content=\"2000\" \/>\n\t<meta property=\"og:image:height\" content=\"1312\" \/>\n\t<meta property=\"og:image:type\" content=\"image\/jpeg\" \/>\n<meta name=\"author\" content=\"Ericka Weidmann\" \/>\n<meta name=\"twitter:card\" content=\"summary_large_image\" \/>\n<meta name=\"twitter:label1\" content=\"Written by\" \/>\n\t<meta name=\"twitter:data1\" content=\"Ericka Weidmann\" \/>\n\t<meta name=\"twitter:label2\" content=\"Est. reading time\" \/>\n\t<meta name=\"twitter:data2\" content=\"4 minutes\" \/>\n<script type=\"application\/ld+json\" class=\"yoast-schema-graph\">{\"@context\":\"https:\/\/schema.org\",\"@graph\":[{\"@type\":\"WebPage\",\"@id\":\"https:\/\/www.pictofoundation.fr\/en\/75-ans-picto-x-gregoire-eloy-avec-le-soutien-de-mpb\/\",\"url\":\"https:\/\/www.pictofoundation.fr\/en\/75-ans-picto-x-gregoire-eloy-avec-le-soutien-de-mpb\/\",\"name\":\"75 Years of PICTO \u00d7 Gr\u00e9goire Eloy with the support of MPB - Picto Foundation\",\"isPartOf\":{\"@id\":\"https:\/\/www.pictofoundation.fr\/en\/#website\"},\"primaryImageOfPage\":{\"@id\":\"https:\/\/www.pictofoundation.fr\/en\/75-ans-picto-x-gregoire-eloy-avec-le-soutien-de-mpb\/#primaryimage\"},\"image\":{\"@id\":\"https:\/\/www.pictofoundation.fr\/en\/75-ans-picto-x-gregoire-eloy-avec-le-soutien-de-mpb\/#primaryimage\"},\"thumbnailUrl\":\"https:\/\/www.pictofoundation.fr\/wp-content\/uploads\/2025\/06\/39_GEL202594D-0057-2-copie.jpg\",\"datePublished\":\"2025-06-19T08:36:13+00:00\",\"dateModified\":\"2025-06-24T08:15:42+00:00\",\"author\":{\"@id\":\"https:\/\/www.pictofoundation.fr\/en\/#\/schema\/person\/b80b86e5bfdeda634261a6b76495817c\"},\"breadcrumb\":{\"@id\":\"https:\/\/www.pictofoundation.fr\/en\/75-ans-picto-x-gregoire-eloy-avec-le-soutien-de-mpb\/#breadcrumb\"},\"inLanguage\":\"en-US\",\"potentialAction\":[{\"@type\":\"ReadAction\",\"target\":[\"https:\/\/www.pictofoundation.fr\/en\/75-ans-picto-x-gregoire-eloy-avec-le-soutien-de-mpb\/\"]}]},{\"@type\":\"ImageObject\",\"inLanguage\":\"en-US\",\"@id\":\"https:\/\/www.pictofoundation.fr\/en\/75-ans-picto-x-gregoire-eloy-avec-le-soutien-de-mpb\/#primaryimage\",\"url\":\"https:\/\/www.pictofoundation.fr\/wp-content\/uploads\/2025\/06\/39_GEL202594D-0057-2-copie.jpg\",\"contentUrl\":\"https:\/\/www.pictofoundation.fr\/wp-content\/uploads\/2025\/06\/39_GEL202594D-0057-2-copie.jpg\",\"width\":2000,\"height\":1312,\"caption\":\"\u00a9 Gr\u00e9goire Eloy\"},{\"@type\":\"BreadcrumbList\",\"@id\":\"https:\/\/www.pictofoundation.fr\/en\/75-ans-picto-x-gregoire-eloy-avec-le-soutien-de-mpb\/#breadcrumb\",\"itemListElement\":[{\"@type\":\"ListItem\",\"position\":1,\"name\":\"Accueil\",\"item\":\"https:\/\/www.pictofoundation.fr\/en\/\"},{\"@type\":\"ListItem\",\"position\":2,\"name\":\"75 Years of PICTO \u00d7 Gr\u00e9goire Eloy with the support of MPB\"}]},{\"@type\":\"WebSite\",\"@id\":\"https:\/\/www.pictofoundation.fr\/en\/#website\",\"url\":\"https:\/\/www.pictofoundation.fr\/en\/\",\"name\":\"Picto Foundation\",\"description\":\"Site de la fondation Picto, Groupe Picto\",\"potentialAction\":[{\"@type\":\"SearchAction\",\"target\":{\"@type\":\"EntryPoint\",\"urlTemplate\":\"https:\/\/www.pictofoundation.fr\/en\/?s={search_term_string}\"},\"query-input\":{\"@type\":\"PropertyValueSpecification\",\"valueRequired\":true,\"valueName\":\"search_term_string\"}}],\"inLanguage\":\"en-US\"},{\"@type\":\"Person\",\"@id\":\"https:\/\/www.pictofoundation.fr\/en\/#\/schema\/person\/b80b86e5bfdeda634261a6b76495817c\",\"name\":\"Ericka Weidmann\",\"url\":\"https:\/\/www.pictofoundation.fr\/en\/author\/ericka\/\"}]}<\/script>\n<!-- \/ Yoast SEO plugin. -->","yoast_head_json":{"title":"75 Years of PICTO \u00d7 Gr\u00e9goire Eloy with the support of MPB - Picto Foundation","robots":{"index":"index","follow":"follow","max-snippet":"max-snippet:-1","max-image-preview":"max-image-preview:large","max-video-preview":"max-video-preview:-1"},"canonical":"https:\/\/www.pictofoundation.fr\/en\/75-ans-picto-x-gregoire-eloy-avec-le-soutien-de-mpb\/","og_locale":"en_US","og_type":"article","og_title":"75 Years of PICTO \u00d7 Gr\u00e9goire Eloy with the support of MPB - Picto Foundation","og_description":"Gr\u00e9goire Eloy, a photographer and member of the Tendance Floue collective, is the second former Bourse du Talent laureate invited by PICTO for this unique encounter with the photographic laboratory. Reminiscent of Night at the Museum, Eloy transforms the creative space into a realm of nocturnal exploration, where he becomes both actor and subject in an immersive artistic experience.","og_url":"https:\/\/www.pictofoundation.fr\/en\/75-ans-picto-x-gregoire-eloy-avec-le-soutien-de-mpb\/","og_site_name":"Picto Foundation","article_published_time":"2025-06-19T08:36:13+00:00","article_modified_time":"2025-06-24T08:15:42+00:00","og_image":[{"width":2000,"height":1312,"url":"https:\/\/www.pictofoundation.fr\/wp-content\/uploads\/2025\/06\/39_GEL202594D-0057-2-copie.jpg","type":"image\/jpeg"}],"author":"Ericka Weidmann","twitter_card":"summary_large_image","twitter_misc":{"Written by":"Ericka Weidmann","Est. reading time":"4 minutes"},"schema":{"@context":"https:\/\/schema.org","@graph":[{"@type":"WebPage","@id":"https:\/\/www.pictofoundation.fr\/en\/75-ans-picto-x-gregoire-eloy-avec-le-soutien-de-mpb\/","url":"https:\/\/www.pictofoundation.fr\/en\/75-ans-picto-x-gregoire-eloy-avec-le-soutien-de-mpb\/","name":"75 Years of PICTO \u00d7 Gr\u00e9goire Eloy with the support of MPB - Picto Foundation","isPartOf":{"@id":"https:\/\/www.pictofoundation.fr\/en\/#website"},"primaryImageOfPage":{"@id":"https:\/\/www.pictofoundation.fr\/en\/75-ans-picto-x-gregoire-eloy-avec-le-soutien-de-mpb\/#primaryimage"},"image":{"@id":"https:\/\/www.pictofoundation.fr\/en\/75-ans-picto-x-gregoire-eloy-avec-le-soutien-de-mpb\/#primaryimage"},"thumbnailUrl":"https:\/\/www.pictofoundation.fr\/wp-content\/uploads\/2025\/06\/39_GEL202594D-0057-2-copie.jpg","datePublished":"2025-06-19T08:36:13+00:00","dateModified":"2025-06-24T08:15:42+00:00","author":{"@id":"https:\/\/www.pictofoundation.fr\/en\/#\/schema\/person\/b80b86e5bfdeda634261a6b76495817c"},"breadcrumb":{"@id":"https:\/\/www.pictofoundation.fr\/en\/75-ans-picto-x-gregoire-eloy-avec-le-soutien-de-mpb\/#breadcrumb"},"inLanguage":"en-US","potentialAction":[{"@type":"ReadAction","target":["https:\/\/www.pictofoundation.fr\/en\/75-ans-picto-x-gregoire-eloy-avec-le-soutien-de-mpb\/"]}]},{"@type":"ImageObject","inLanguage":"en-US","@id":"https:\/\/www.pictofoundation.fr\/en\/75-ans-picto-x-gregoire-eloy-avec-le-soutien-de-mpb\/#primaryimage","url":"https:\/\/www.pictofoundation.fr\/wp-content\/uploads\/2025\/06\/39_GEL202594D-0057-2-copie.jpg","contentUrl":"https:\/\/www.pictofoundation.fr\/wp-content\/uploads\/2025\/06\/39_GEL202594D-0057-2-copie.jpg","width":2000,"height":1312,"caption":"\u00a9 Gr\u00e9goire Eloy"},{"@type":"BreadcrumbList","@id":"https:\/\/www.pictofoundation.fr\/en\/75-ans-picto-x-gregoire-eloy-avec-le-soutien-de-mpb\/#breadcrumb","itemListElement":[{"@type":"ListItem","position":1,"name":"Accueil","item":"https:\/\/www.pictofoundation.fr\/en\/"},{"@type":"ListItem","position":2,"name":"75 Years of PICTO \u00d7 Gr\u00e9goire Eloy with the support of MPB"}]},{"@type":"WebSite","@id":"https:\/\/www.pictofoundation.fr\/en\/#website","url":"https:\/\/www.pictofoundation.fr\/en\/","name":"Picto Foundation","description":"Site de la fondation Picto, Groupe Picto","potentialAction":[{"@type":"SearchAction","target":{"@type":"EntryPoint","urlTemplate":"https:\/\/www.pictofoundation.fr\/en\/?s={search_term_string}"},"query-input":{"@type":"PropertyValueSpecification","valueRequired":true,"valueName":"search_term_string"}}],"inLanguage":"en-US"},{"@type":"Person","@id":"https:\/\/www.pictofoundation.fr\/en\/#\/schema\/person\/b80b86e5bfdeda634261a6b76495817c","name":"Ericka Weidmann","url":"https:\/\/www.pictofoundation.fr\/en\/author\/ericka\/"}]}},"_links":{"self":[{"href":"https:\/\/www.pictofoundation.fr\/en\/wp-json\/wp\/v2\/posts\/15019","targetHints":{"allow":["GET"]}}],"collection":[{"href":"https:\/\/www.pictofoundation.fr\/en\/wp-json\/wp\/v2\/posts"}],"about":[{"href":"https:\/\/www.pictofoundation.fr\/en\/wp-json\/wp\/v2\/types\/post"}],"author":[{"embeddable":true,"href":"https:\/\/www.pictofoundation.fr\/en\/wp-json\/wp\/v2\/users\/3"}],"replies":[{"embeddable":true,"href":"https:\/\/www.pictofoundation.fr\/en\/wp-json\/wp\/v2\/comments?post=15019"}],"version-history":[{"count":10,"href":"https:\/\/www.pictofoundation.fr\/en\/wp-json\/wp\/v2\/posts\/15019\/revisions"}],"predecessor-version":[{"id":15067,"href":"https:\/\/www.pictofoundation.fr\/en\/wp-json\/wp\/v2\/posts\/15019\/revisions\/15067"}],"wp:featuredmedia":[{"embeddable":true,"href":"https:\/\/www.pictofoundation.fr\/en\/wp-json\/wp\/v2\/media\/15012"}],"wp:attachment":[{"href":"https:\/\/www.pictofoundation.fr\/en\/wp-json\/wp\/v2\/media?parent=15019"}],"wp:term":[{"taxonomy":"category","embeddable":true,"href":"https:\/\/www.pictofoundation.fr\/en\/wp-json\/wp\/v2\/categories?post=15019"},{"taxonomy":"post_tag","embeddable":true,"href":"https:\/\/www.pictofoundation.fr\/en\/wp-json\/wp\/v2\/tags?post=15019"}],"curies":[{"name":"wp","href":"https:\/\/api.w.org\/{rel}","templated":true}]}}