{"id":15065,"date":"2025-06-26T12:25:39","date_gmt":"2025-06-26T10:25:39","guid":{"rendered":"https:\/\/www.pictofoundation.fr\/?p=15065"},"modified":"2025-06-25T17:24:12","modified_gmt":"2025-06-25T15:24:12","slug":"75-years-arles","status":"publish","type":"post","link":"https:\/\/www.pictofoundation.fr\/en\/75-years-arles\/","title":{"rendered":"75 Years of PICTO \u00d7 Chlo\u00e9 Jaf\u00e9 with the support of MPB"},"content":{"rendered":"<figure id=\"attachment_15061\" aria-describedby=\"caption-attachment-15061\" style=\"width: 1504px\" class=\"wp-caption aligncenter\"><img loading=\"lazy\" decoding=\"async\" class=\"wp-image-15061 size-full\" src=\"https:\/\/www.pictofoundation.fr\/wp-content\/uploads\/2025\/06\/chloe-jafe-2.jpg\" alt=\"\" width=\"1504\" height=\"2000\" srcset=\"https:\/\/www.pictofoundation.fr\/wp-content\/uploads\/2025\/06\/chloe-jafe-2.jpg 1504w, https:\/\/www.pictofoundation.fr\/wp-content\/uploads\/2025\/06\/chloe-jafe-2-226x300.jpg 226w, https:\/\/www.pictofoundation.fr\/wp-content\/uploads\/2025\/06\/chloe-jafe-2-770x1024.jpg 770w, https:\/\/www.pictofoundation.fr\/wp-content\/uploads\/2025\/06\/chloe-jafe-2-768x1021.jpg 768w, https:\/\/www.pictofoundation.fr\/wp-content\/uploads\/2025\/06\/chloe-jafe-2-1155x1536.jpg 1155w, https:\/\/www.pictofoundation.fr\/wp-content\/uploads\/2025\/06\/chloe-jafe-2-500x665.jpg 500w, https:\/\/www.pictofoundation.fr\/wp-content\/uploads\/2025\/06\/chloe-jafe-2-800x1064.jpg 800w, https:\/\/www.pictofoundation.fr\/wp-content\/uploads\/2025\/06\/chloe-jafe-2-1280x1702.jpg 1280w\" sizes=\"auto, (max-width: 1504px) 100vw, 1504px\" \/><figcaption id=\"caption-attachment-15061\" class=\"wp-caption-text\">From left to right and top to bottom : Louise &#8220;Working at PICTO was a personal goal of mine&#8221; | Victor &#8221; &#8216;Seeing through the eyes of others&#8217; \u2014 a philosophy passed down by Pierre Gassmann \u2014 remains at the heart of what drives PICTO to this day&#8221; | Sandrine &#8220;I\u2019ve always wanted to work at PICTO&#8221; | Vianney : &#8220;We work among passionate people \u2014 and that makes all the difference&#8221; \u00a9 Chlo\u00e9 Jaf\u00e9<\/figcaption><\/figure>\n<p><strong>Chlo\u00e9 Jaf\u00e9<\/strong>, French visual artist and photographer, brings to a close this special invitation extended to three photographers &#8211; all former recipients of the <a href=\"https:\/\/www.pictofoundation.fr\/en\/bourse-du-talent\/\">Bourse du Talent<\/a> &#8211; in celebration of PICTO\u2019s 75th anniversary. For over a decade, the artist has developed a distinctive body of work that <strong>blends documentary and visual art practices<\/strong>, shaped by her own unique forms of narrative expression.<\/p>\n<p>Chlo\u00e9 Jaf\u00e9 was awarded the Bourse du Talent in 2017 for <strong>her photographic exploration of Japanese Yakuza women<\/strong> &#8211; figures who, while operating in the shadows of the men they are devoted to, cultivate resilience, complex identities, and a discreet yet powerful influence within the organization.<br \/>\nSince then, the artist has continued her creative journey, often choosing to <strong>expand the limits of photography by layering it with painting, drawing, or writing<\/strong>. These added dimensions bring a rare depth to her images and the relationships they capture &#8211; like a multi-level conversation between the artist and her subjects. This very approach is what inspired us to invite Chlo\u00e9 Jaf\u00e9 for this carte blanche on the theme of the laboratory: a curious, inventive perspective capable of conveying <strong>the multiple sensitivities and forms of humanity that make up the day-to-day life at a place like PICTO<\/strong>.<\/p>\n<p>The photographer visited <strong>the homes of team members<\/strong> &#8211; printers, retouchers, client managers, even the president &#8211; <strong>beginning with long conversations<\/strong> about their relationship to image-making, their connection to the lab, and how all of this weaves into their personal lives. Only then came <strong>the time for the portrait<\/strong> &#8211; a moment of real encounter where subject and photographer observe one another: one offering a piece of themselves within their home, the other capturing that presence through composition, light, and trust.<br \/>\nThe entire series was created using photography and lighting equipment provided by <a href=\"https:\/\/www.mpb.com\/en-eu\/?utm_source=bourse+du+talent+-+carte+blanche+l3&amp;utm_medium=website&amp;utm_campaign=mar:eu|cam:change|sc:par\">MPB<\/a> for the project &#8211; tools that, <strong>enhanced the sensitivity and nuance of each portrait<\/strong>. Finally, Chlo\u00e9 Jaf\u00e9 intervened on every face, every print, <strong>adding words drawn from those shared conversations<\/strong>.<\/p>\n<figure id=\"attachment_15056\" aria-describedby=\"caption-attachment-15056\" style=\"width: 2000px\" class=\"wp-caption aligncenter\"><img loading=\"lazy\" decoding=\"async\" class=\"size-full wp-image-15056\" src=\"https:\/\/www.pictofoundation.fr\/wp-content\/uploads\/2025\/06\/Groupe-Picto-archive_40x50-copie.jpg\" alt=\"\" width=\"2000\" height=\"1600\" srcset=\"https:\/\/www.pictofoundation.fr\/wp-content\/uploads\/2025\/06\/Groupe-Picto-archive_40x50-copie.jpg 2000w, https:\/\/www.pictofoundation.fr\/wp-content\/uploads\/2025\/06\/Groupe-Picto-archive_40x50-copie-300x240.jpg 300w, https:\/\/www.pictofoundation.fr\/wp-content\/uploads\/2025\/06\/Groupe-Picto-archive_40x50-copie-1024x819.jpg 1024w, https:\/\/www.pictofoundation.fr\/wp-content\/uploads\/2025\/06\/Groupe-Picto-archive_40x50-copie-768x614.jpg 768w, https:\/\/www.pictofoundation.fr\/wp-content\/uploads\/2025\/06\/Groupe-Picto-archive_40x50-copie-1536x1229.jpg 1536w, https:\/\/www.pictofoundation.fr\/wp-content\/uploads\/2025\/06\/Groupe-Picto-archive_40x50-copie-500x400.jpg 500w, https:\/\/www.pictofoundation.fr\/wp-content\/uploads\/2025\/06\/Groupe-Picto-archive_40x50-copie-800x640.jpg 800w, https:\/\/www.pictofoundation.fr\/wp-content\/uploads\/2025\/06\/Groupe-Picto-archive_40x50-copie-1280x1024.jpg 1280w, https:\/\/www.pictofoundation.fr\/wp-content\/uploads\/2025\/06\/Groupe-Picto-archive_40x50-copie-1920x1536.jpg 1920w\" sizes=\"auto, (max-width: 2000px) 100vw, 2000px\" \/><figcaption id=\"caption-attachment-15056\" class=\"wp-caption-text\">\u00a9 Chlo\u00e9 Jaf\u00e9<\/figcaption><\/figure>\n<p>These portraits reflect PICTO as it stands today, in 2025. To mark this 75-year milestone, the photographer also created a more <strong>playful series of group portraits<\/strong> &#8211; a kind of \u201cremake\u201d that echoes the enduring spirit of a shared family ethos. The result is luminous, and above all, deeply moving &#8211; offering a rare glimpse into that singular feeling one might experience at PICTO: a shared connection through photography, and, undoubtedly, a sense of community.<\/p>\n<blockquote class=\"instagram-media\" style=\"background: #FFF; border: 0; border-radius: 3px; box-shadow: 0 0 1px 0 rgba(0,0,0,0.5),0 1px 10px 0 rgba(0,0,0,0.15); margin: 1px; max-width: 540px; min-width: 326px; padding: 0; width: calc(100% - 2px);\" data-instgrm-captioned=\"\" data-instgrm-permalink=\"https:\/\/www.instagram.com\/reel\/DLUdB7kt2KT\/?utm_source=ig_embed&amp;utm_campaign=loading\" data-instgrm-version=\"14\">\n<div style=\"padding: 16px;\">\n<p>&nbsp;<\/p>\n<div style=\"display: flex; flex-direction: row; align-items: center;\">\n<div style=\"background-color: #f4f4f4; border-radius: 50%; flex-grow: 0; height: 40px; margin-right: 14px; width: 40px;\"><\/div>\n<div style=\"display: flex; flex-direction: column; flex-grow: 1; justify-content: center;\">\n<div style=\"background-color: #f4f4f4; border-radius: 4px; flex-grow: 0; height: 14px; margin-bottom: 6px; width: 100px;\"><\/div>\n<div style=\"background-color: #f4f4f4; border-radius: 4px; flex-grow: 0; height: 14px; width: 60px;\"><\/div>\n<\/div>\n<\/div>\n<div style=\"padding: 19% 0;\"><\/div>\n<div style=\"display: block; height: 50px; margin: 0 auto 12px; width: 50px;\"><\/div>\n<div style=\"padding-top: 8px;\">\n<div style=\"color: #3897f0; font-family: Arial,sans-serif; font-size: 14px; font-style: normal; font-weight: 550; line-height: 18px;\">Voir cette publication sur Instagram<\/div>\n<\/div>\n<div style=\"padding: 12.5% 0;\"><\/div>\n<div style=\"display: flex; flex-direction: row; margin-bottom: 14px; align-items: center;\">\n<div>\n<div style=\"background-color: #f4f4f4; border-radius: 50%; height: 12.5px; width: 12.5px; transform: translateX(0px) translateY(7px);\"><\/div>\n<div style=\"background-color: #f4f4f4; height: 12.5px; transform: rotate(-45deg) translateX(3px) translateY(1px); width: 12.5px; flex-grow: 0; margin-right: 14px; margin-left: 2px;\"><\/div>\n<div style=\"background-color: #f4f4f4; border-radius: 50%; height: 12.5px; width: 12.5px; transform: translateX(9px) translateY(-18px);\"><\/div>\n<\/div>\n<div style=\"margin-left: 8px;\">\n<div style=\"background-color: #f4f4f4; border-radius: 50%; flex-grow: 0; height: 20px; width: 20px;\"><\/div>\n<div style=\"width: 0; height: 0; border-top: 2px solid transparent; border-left: 6px solid #f4f4f4; border-bottom: 2px solid transparent; transform: translateX(16px) translateY(-4px) rotate(30deg);\"><\/div>\n<\/div>\n<div style=\"margin-left: auto;\">\n<div style=\"width: 0px; border-top: 8px solid #F4F4F4; border-right: 8px solid transparent; transform: translateY(16px);\"><\/div>\n<div style=\"background-color: #f4f4f4; flex-grow: 0; height: 12px; width: 16px; transform: translateY(-4px);\"><\/div>\n<div style=\"width: 0; height: 0; border-top: 8px solid #F4F4F4; border-left: 8px solid transparent; transform: translateY(-4px) translateX(8px);\"><\/div>\n<\/div>\n<\/div>\n<div style=\"display: flex; flex-direction: column; flex-grow: 1; justify-content: center; margin-bottom: 24px;\">\n<div style=\"background-color: #f4f4f4; border-radius: 4px; flex-grow: 0; height: 14px; margin-bottom: 6px; width: 224px;\"><\/div>\n<div style=\"background-color: #f4f4f4; border-radius: 4px; flex-grow: 0; height: 14px; width: 144px;\"><\/div>\n<\/div>\n<p>&nbsp;<\/p>\n<p style=\"color: #c9c8cd; font-family: Arial,sans-serif; font-size: 14px; line-height: 17px; margin-bottom: 0; margin-top: 8px; overflow: hidden; padding: 8px 0 7px; text-align: center; text-overflow: ellipsis; white-space: nowrap;\"><a style=\"color: #c9c8cd; font-family: Arial,sans-serif; font-size: 14px; font-style: normal; font-weight: normal; line-height: 17px; text-decoration: none;\" href=\"https:\/\/www.instagram.com\/reel\/DLUdB7kt2KT\/?utm_source=ig_embed&amp;utm_campaign=loading\" target=\"_blank\" rel=\"noopener\">Une publication partag\u00e9e par Picto (@pictofr)<\/a><\/p>\n<\/div>\n<\/blockquote>\n<p><script async src=\"\/\/www.instagram.com\/embed.js\"><\/script><\/p>\n<p>In 2025,\u00a0<a href=\"https:\/\/www.mpb.com\/en-eu\/?utm_source=bourse+du+talent+-+carte+blanche+l2&amp;utm_medium=website&amp;utm_campaign=mar:eu|cam:change|sc:par\" target=\"_blank\" rel=\"noopener\">MPB<\/a>, Europe\u2019s top camera reseller, becomes the main partner of\u00a0<a href=\"https:\/\/www.pictofoundation.fr\/en\/bourse-du-talent\/\">Bourse du Talent<\/a>, a historic programme to help emerging talent that has been supported by PICTO for 25 years. To mark this occasion and the 75th anniversary of the PICTO laboratories, MPB and Picto Foundation have joined forces to offer three former winners of Bourse du Talent an artistic carte blanche : how to represent today\u2019s historic photo laboratory?<\/p>\n<p>The PICTO x MPB CARTE BLANCHE is a continuation of our ongoing desire to put photographers in touch with the photographic ecosystem and to encourage the essence of their profession, the production of images. The CARTE BLANCHE PICTO x MPB is based on this particular magic, inherent in the photographer\u2019s life. The three selected laureates of the Bourse du Talent,\u00a0<strong>Kamila K Stanley<\/strong>\u00a0(2023),\u00a0<strong>Gr\u00e9goire Eloy<\/strong>\u00a0(2004) and\u00a0<strong>Chlo\u00e9 Jaf\u00e9<\/strong>\u00a0(2017), will be immersing themselves in the Ile-de-France sites of the PICTO laboratories to offer us their singular vision of an environment, know-how, men and women at the service of photographers and their projects.<\/p>\n<p style=\"text-align: center;\">A programme<\/p>\n<p style=\"text-align: center;\"><img loading=\"lazy\" decoding=\"async\" class=\"aligncenter wp-image-13582 size-vp_sm\" src=\"https:\/\/www.pictofoundation.fr\/wp-content\/uploads\/2025\/03\/4aef4289-f757-5073-aaf5-5c9526152283-copie-500x78.jpg\" alt=\"\" width=\"500\" height=\"78\" srcset=\"https:\/\/www.pictofoundation.fr\/wp-content\/uploads\/2025\/03\/4aef4289-f757-5073-aaf5-5c9526152283-copie-500x78.jpg 500w, https:\/\/www.pictofoundation.fr\/wp-content\/uploads\/2025\/03\/4aef4289-f757-5073-aaf5-5c9526152283-copie-300x47.jpg 300w, https:\/\/www.pictofoundation.fr\/wp-content\/uploads\/2025\/03\/4aef4289-f757-5073-aaf5-5c9526152283-copie-768x120.jpg 768w, https:\/\/www.pictofoundation.fr\/wp-content\/uploads\/2025\/03\/4aef4289-f757-5073-aaf5-5c9526152283-copie-800x125.jpg 800w, https:\/\/www.pictofoundation.fr\/wp-content\/uploads\/2025\/03\/4aef4289-f757-5073-aaf5-5c9526152283-copie.jpg 1024w\" sizes=\"auto, (max-width: 500px) 100vw, 500px\" \/><\/p>\n<p style=\"text-align: center;\">made possible thanks to the support of our main partner<\/p>\n<p><a href=\"https:\/\/www.mpb.com\/en-eu\/?utm_source=bourse+du+talent+-+carte+blanche+l3&amp;utm_medium=website&amp;utm_campaign=mar:eu|cam:change|sc:par\"><img loading=\"lazy\" decoding=\"async\" class=\"aligncenter wp-image-13586\" src=\"https:\/\/www.pictofoundation.fr\/wp-content\/uploads\/2025\/03\/mpb-logo-shorturl-DARK_rgb_DIGITAL-300x230.png\" alt=\"\" width=\"150\" height=\"115\" srcset=\"https:\/\/www.pictofoundation.fr\/wp-content\/uploads\/2025\/03\/mpb-logo-shorturl-DARK_rgb_DIGITAL-300x230.png 300w, https:\/\/www.pictofoundation.fr\/wp-content\/uploads\/2025\/03\/mpb-logo-shorturl-DARK_rgb_DIGITAL-500x384.png 500w, https:\/\/www.pictofoundation.fr\/wp-content\/uploads\/2025\/03\/mpb-logo-shorturl-DARK_rgb_DIGITAL.png 673w\" sizes=\"auto, (max-width: 150px) 100vw, 150px\" \/><\/a><\/p>\n<p style=\"text-align: center;\">and our other partners<\/p>\n<p><img loading=\"lazy\" decoding=\"async\" class=\"aligncenter size-full wp-image-13612\" src=\"https:\/\/www.pictofoundation.fr\/wp-content\/uploads\/2025\/03\/Logo-bandeau-2025-copie.jpg\" alt=\"\" width=\"1200\" height=\"405\" srcset=\"https:\/\/www.pictofoundation.fr\/wp-content\/uploads\/2025\/03\/Logo-bandeau-2025-copie.jpg 1200w, https:\/\/www.pictofoundation.fr\/wp-content\/uploads\/2025\/03\/Logo-bandeau-2025-copie-300x101.jpg 300w, https:\/\/www.pictofoundation.fr\/wp-content\/uploads\/2025\/03\/Logo-bandeau-2025-copie-1024x346.jpg 1024w, https:\/\/www.pictofoundation.fr\/wp-content\/uploads\/2025\/03\/Logo-bandeau-2025-copie-768x259.jpg 768w, https:\/\/www.pictofoundation.fr\/wp-content\/uploads\/2025\/03\/Logo-bandeau-2025-copie-500x169.jpg 500w, https:\/\/www.pictofoundation.fr\/wp-content\/uploads\/2025\/03\/Logo-bandeau-2025-copie-800x270.jpg 800w\" sizes=\"auto, (max-width: 1200px) 100vw, 1200px\" \/><\/p>\n","protected":false},"excerpt":{"rendered":"<p>Chlo\u00e9 Jaf\u00e9, French visual artist and photographer, brings to a close this special invitation extended to three photographers &#8211; all former recipients of the Bourse du Talent &#8211; in celebration of PICTO\u2019s 75th anniversary. For over a decade, the artist has developed a distinctive body of work that blends documentary and visual art practices, shaped by her own unique forms of narrative expression.<\/p>\n","protected":false},"author":3,"featured_media":15078,"comment_status":"closed","ping_status":"closed","sticky":false,"template":"single-post-style-2.php","format":"standard","meta":{"_acf_changed":false,"_vp_format_video_url":"","_vp_image_focal_point":[],"footnotes":""},"categories":[132],"tags":[133,108],"class_list":["post-15065","post","type-post","status-publish","format-standard","has-post-thumbnail","hentry","category-prix-en","tag-bourse-du-talent-en","tag-jeunes-talents-en"],"acf":[],"yoast_head":"<!-- This site is optimized with the Yoast SEO plugin v25.4 - https:\/\/yoast.com\/wordpress\/plugins\/seo\/ -->\n<title>75 Years of PICTO \u00d7 Chlo\u00e9 Jaf\u00e9 with the support of MPB - Picto Foundation<\/title>\n<meta name=\"robots\" content=\"index, follow, max-snippet:-1, max-image-preview:large, max-video-preview:-1\" \/>\n<link rel=\"canonical\" href=\"https:\/\/www.pictofoundation.fr\/en\/75-years-arles\/\" \/>\n<meta property=\"og:locale\" content=\"en_US\" \/>\n<meta property=\"og:type\" content=\"article\" \/>\n<meta property=\"og:title\" content=\"75 Years of PICTO \u00d7 Chlo\u00e9 Jaf\u00e9 with the support of MPB - Picto Foundation\" \/>\n<meta property=\"og:description\" content=\"Chlo\u00e9 Jaf\u00e9, French visual artist and photographer, brings to a close this special invitation extended to three photographers - all former recipients of the Bourse du Talent - in celebration of PICTO\u2019s 75th anniversary. For over a decade, the artist has developed a distinctive body of work that blends documentary and visual art practices, shaped by her own unique forms of narrative expression.\" \/>\n<meta property=\"og:url\" content=\"https:\/\/www.pictofoundation.fr\/en\/75-years-arles\/\" \/>\n<meta property=\"og:site_name\" content=\"Picto Foundation\" \/>\n<meta property=\"article:published_time\" content=\"2025-06-26T10:25:39+00:00\" \/>\n<meta property=\"og:image\" content=\"https:\/\/www.pictofoundation.fr\/wp-content\/uploads\/2025\/06\/39_GEL202594D-0057-2-copie-copie-scaled.jpg\" \/>\n\t<meta property=\"og:image:width\" content=\"2560\" \/>\n\t<meta property=\"og:image:height\" content=\"1126\" \/>\n\t<meta property=\"og:image:type\" content=\"image\/jpeg\" \/>\n<meta name=\"author\" content=\"Ericka Weidmann\" \/>\n<meta name=\"twitter:card\" content=\"summary_large_image\" \/>\n<meta name=\"twitter:label1\" content=\"Written by\" \/>\n\t<meta name=\"twitter:data1\" content=\"Ericka Weidmann\" \/>\n\t<meta name=\"twitter:label2\" content=\"Est. reading time\" \/>\n\t<meta name=\"twitter:data2\" content=\"5 minutes\" \/>\n<script type=\"application\/ld+json\" class=\"yoast-schema-graph\">{\"@context\":\"https:\/\/schema.org\",\"@graph\":[{\"@type\":\"WebPage\",\"@id\":\"https:\/\/www.pictofoundation.fr\/en\/75-years-arles\/\",\"url\":\"https:\/\/www.pictofoundation.fr\/en\/75-years-arles\/\",\"name\":\"75 Years of PICTO \u00d7 Chlo\u00e9 Jaf\u00e9 with the support of MPB - Picto Foundation\",\"isPartOf\":{\"@id\":\"https:\/\/www.pictofoundation.fr\/en\/#website\"},\"primaryImageOfPage\":{\"@id\":\"https:\/\/www.pictofoundation.fr\/en\/75-years-arles\/#primaryimage\"},\"image\":{\"@id\":\"https:\/\/www.pictofoundation.fr\/en\/75-years-arles\/#primaryimage\"},\"thumbnailUrl\":\"https:\/\/www.pictofoundation.fr\/wp-content\/uploads\/2025\/06\/39_GEL202594D-0057-2-copie-copie-scaled.jpg\",\"datePublished\":\"2025-06-26T10:25:39+00:00\",\"author\":{\"@id\":\"https:\/\/www.pictofoundation.fr\/en\/#\/schema\/person\/b80b86e5bfdeda634261a6b76495817c\"},\"breadcrumb\":{\"@id\":\"https:\/\/www.pictofoundation.fr\/en\/75-years-arles\/#breadcrumb\"},\"inLanguage\":\"en-US\",\"potentialAction\":[{\"@type\":\"ReadAction\",\"target\":[\"https:\/\/www.pictofoundation.fr\/en\/75-years-arles\/\"]}]},{\"@type\":\"ImageObject\",\"inLanguage\":\"en-US\",\"@id\":\"https:\/\/www.pictofoundation.fr\/en\/75-years-arles\/#primaryimage\",\"url\":\"https:\/\/www.pictofoundation.fr\/wp-content\/uploads\/2025\/06\/39_GEL202594D-0057-2-copie-copie-scaled.jpg\",\"contentUrl\":\"https:\/\/www.pictofoundation.fr\/wp-content\/uploads\/2025\/06\/39_GEL202594D-0057-2-copie-copie-scaled.jpg\",\"width\":2560,\"height\":1126,\"caption\":\"De gauche \u00e0 droite : \u00a9 Gr\u00e9goire Eloy \/ Tendance Floue |\u00a0Chlo\u00e9 Jaf\u00e9 |\u00a0Kamila\"},{\"@type\":\"BreadcrumbList\",\"@id\":\"https:\/\/www.pictofoundation.fr\/en\/75-years-arles\/#breadcrumb\",\"itemListElement\":[{\"@type\":\"ListItem\",\"position\":1,\"name\":\"Accueil\",\"item\":\"https:\/\/www.pictofoundation.fr\/en\/\"},{\"@type\":\"ListItem\",\"position\":2,\"name\":\"75 Years of PICTO \u00d7 Chlo\u00e9 Jaf\u00e9 with the support of MPB\"}]},{\"@type\":\"WebSite\",\"@id\":\"https:\/\/www.pictofoundation.fr\/en\/#website\",\"url\":\"https:\/\/www.pictofoundation.fr\/en\/\",\"name\":\"Picto Foundation\",\"description\":\"Site de la fondation Picto, Groupe Picto\",\"potentialAction\":[{\"@type\":\"SearchAction\",\"target\":{\"@type\":\"EntryPoint\",\"urlTemplate\":\"https:\/\/www.pictofoundation.fr\/en\/?s={search_term_string}\"},\"query-input\":{\"@type\":\"PropertyValueSpecification\",\"valueRequired\":true,\"valueName\":\"search_term_string\"}}],\"inLanguage\":\"en-US\"},{\"@type\":\"Person\",\"@id\":\"https:\/\/www.pictofoundation.fr\/en\/#\/schema\/person\/b80b86e5bfdeda634261a6b76495817c\",\"name\":\"Ericka Weidmann\",\"url\":\"https:\/\/www.pictofoundation.fr\/en\/author\/ericka\/\"}]}<\/script>\n<!-- \/ Yoast SEO plugin. -->","yoast_head_json":{"title":"75 Years of PICTO \u00d7 Chlo\u00e9 Jaf\u00e9 with the support of MPB - Picto Foundation","robots":{"index":"index","follow":"follow","max-snippet":"max-snippet:-1","max-image-preview":"max-image-preview:large","max-video-preview":"max-video-preview:-1"},"canonical":"https:\/\/www.pictofoundation.fr\/en\/75-years-arles\/","og_locale":"en_US","og_type":"article","og_title":"75 Years of PICTO \u00d7 Chlo\u00e9 Jaf\u00e9 with the support of MPB - Picto Foundation","og_description":"Chlo\u00e9 Jaf\u00e9, French visual artist and photographer, brings to a close this special invitation extended to three photographers - all former recipients of the Bourse du Talent - in celebration of PICTO\u2019s 75th anniversary. For over a decade, the artist has developed a distinctive body of work that blends documentary and visual art practices, shaped by her own unique forms of narrative expression.","og_url":"https:\/\/www.pictofoundation.fr\/en\/75-years-arles\/","og_site_name":"Picto Foundation","article_published_time":"2025-06-26T10:25:39+00:00","og_image":[{"width":2560,"height":1126,"url":"https:\/\/www.pictofoundation.fr\/wp-content\/uploads\/2025\/06\/39_GEL202594D-0057-2-copie-copie-scaled.jpg","type":"image\/jpeg"}],"author":"Ericka Weidmann","twitter_card":"summary_large_image","twitter_misc":{"Written by":"Ericka Weidmann","Est. reading time":"5 minutes"},"schema":{"@context":"https:\/\/schema.org","@graph":[{"@type":"WebPage","@id":"https:\/\/www.pictofoundation.fr\/en\/75-years-arles\/","url":"https:\/\/www.pictofoundation.fr\/en\/75-years-arles\/","name":"75 Years of PICTO \u00d7 Chlo\u00e9 Jaf\u00e9 with the support of MPB - Picto Foundation","isPartOf":{"@id":"https:\/\/www.pictofoundation.fr\/en\/#website"},"primaryImageOfPage":{"@id":"https:\/\/www.pictofoundation.fr\/en\/75-years-arles\/#primaryimage"},"image":{"@id":"https:\/\/www.pictofoundation.fr\/en\/75-years-arles\/#primaryimage"},"thumbnailUrl":"https:\/\/www.pictofoundation.fr\/wp-content\/uploads\/2025\/06\/39_GEL202594D-0057-2-copie-copie-scaled.jpg","datePublished":"2025-06-26T10:25:39+00:00","author":{"@id":"https:\/\/www.pictofoundation.fr\/en\/#\/schema\/person\/b80b86e5bfdeda634261a6b76495817c"},"breadcrumb":{"@id":"https:\/\/www.pictofoundation.fr\/en\/75-years-arles\/#breadcrumb"},"inLanguage":"en-US","potentialAction":[{"@type":"ReadAction","target":["https:\/\/www.pictofoundation.fr\/en\/75-years-arles\/"]}]},{"@type":"ImageObject","inLanguage":"en-US","@id":"https:\/\/www.pictofoundation.fr\/en\/75-years-arles\/#primaryimage","url":"https:\/\/www.pictofoundation.fr\/wp-content\/uploads\/2025\/06\/39_GEL202594D-0057-2-copie-copie-scaled.jpg","contentUrl":"https:\/\/www.pictofoundation.fr\/wp-content\/uploads\/2025\/06\/39_GEL202594D-0057-2-copie-copie-scaled.jpg","width":2560,"height":1126,"caption":"De gauche \u00e0 droite : \u00a9 Gr\u00e9goire Eloy \/ Tendance Floue |\u00a0Chlo\u00e9 Jaf\u00e9 |\u00a0Kamila"},{"@type":"BreadcrumbList","@id":"https:\/\/www.pictofoundation.fr\/en\/75-years-arles\/#breadcrumb","itemListElement":[{"@type":"ListItem","position":1,"name":"Accueil","item":"https:\/\/www.pictofoundation.fr\/en\/"},{"@type":"ListItem","position":2,"name":"75 Years of PICTO \u00d7 Chlo\u00e9 Jaf\u00e9 with the support of MPB"}]},{"@type":"WebSite","@id":"https:\/\/www.pictofoundation.fr\/en\/#website","url":"https:\/\/www.pictofoundation.fr\/en\/","name":"Picto Foundation","description":"Site de la fondation Picto, Groupe Picto","potentialAction":[{"@type":"SearchAction","target":{"@type":"EntryPoint","urlTemplate":"https:\/\/www.pictofoundation.fr\/en\/?s={search_term_string}"},"query-input":{"@type":"PropertyValueSpecification","valueRequired":true,"valueName":"search_term_string"}}],"inLanguage":"en-US"},{"@type":"Person","@id":"https:\/\/www.pictofoundation.fr\/en\/#\/schema\/person\/b80b86e5bfdeda634261a6b76495817c","name":"Ericka Weidmann","url":"https:\/\/www.pictofoundation.fr\/en\/author\/ericka\/"}]}},"_links":{"self":[{"href":"https:\/\/www.pictofoundation.fr\/en\/wp-json\/wp\/v2\/posts\/15065","targetHints":{"allow":["GET"]}}],"collection":[{"href":"https:\/\/www.pictofoundation.fr\/en\/wp-json\/wp\/v2\/posts"}],"about":[{"href":"https:\/\/www.pictofoundation.fr\/en\/wp-json\/wp\/v2\/types\/post"}],"author":[{"embeddable":true,"href":"https:\/\/www.pictofoundation.fr\/en\/wp-json\/wp\/v2\/users\/3"}],"replies":[{"embeddable":true,"href":"https:\/\/www.pictofoundation.fr\/en\/wp-json\/wp\/v2\/comments?post=15065"}],"version-history":[{"count":5,"href":"https:\/\/www.pictofoundation.fr\/en\/wp-json\/wp\/v2\/posts\/15065\/revisions"}],"predecessor-version":[{"id":15085,"href":"https:\/\/www.pictofoundation.fr\/en\/wp-json\/wp\/v2\/posts\/15065\/revisions\/15085"}],"wp:featuredmedia":[{"embeddable":true,"href":"https:\/\/www.pictofoundation.fr\/en\/wp-json\/wp\/v2\/media\/15078"}],"wp:attachment":[{"href":"https:\/\/www.pictofoundation.fr\/en\/wp-json\/wp\/v2\/media?parent=15065"}],"wp:term":[{"taxonomy":"category","embeddable":true,"href":"https:\/\/www.pictofoundation.fr\/en\/wp-json\/wp\/v2\/categories?post=15065"},{"taxonomy":"post_tag","embeddable":true,"href":"https:\/\/www.pictofoundation.fr\/en\/wp-json\/wp\/v2\/tags?post=15065"}],"curies":[{"name":"wp","href":"https:\/\/api.w.org\/{rel}","templated":true}]}}