{"id":7201,"date":"2021-06-11T17:50:35","date_gmt":"2021-06-11T15:50:35","guid":{"rendered":"https:\/\/www.pictofoundation.fr\/1648455247864\/gregoire-eloy-est-le-laureat-du-prix-niepce-2021-gens-dimages\/"},"modified":"2022-03-28T19:12:03","modified_gmt":"2022-03-28T17:12:03","slug":"niepce-prize-2021-gregoire-eloy","status":"publish","type":"post","link":"https:\/\/www.pictofoundation.fr\/en\/niepce-prize-2021-gregoire-eloy\/","title":{"rendered":"Ni\u00e9pce Prize 2021 : Gr\u00e9goire Eloy"},"content":{"rendered":"<p>The 2021 edition of the Ni\u00e9pce 2021 Gens d&#8217;images Prize, supported by Picto Foundation, was awarded to the French photographer Gr\u00e9goire Eloy, member of the Tendance Floue collective. His application was sponsored by Philippe Guionie, director of the 1+2 Residency &#8220;Photography &#038; Science&#8221; for which Gr\u00e9goire Eloy is this year&#8217;s guest photographer.<\/p>\n<p>Created in 1955 by Albert Pl\u00e9cy, the Ni\u00e9pce Gens d&#8217;images Prize was the first professional photography prize launched in France. The double aim of its founder was to bring photographers into the limelight and to help them to exert their influence over the public including through the press and publishing.<\/p>\n<figure id=\"attachment_3676\" aria-describedby=\"caption-attachment-3676\" style=\"width: 1024px\" class=\"wp-caption alignnone\"><img loading=\"lazy\" decoding=\"async\" class=\"size-full wp-image-3676\" src=\"http:\/\/www.pictofoundation.fr\/wp-content\/uploads\/2021\/06\/ELOY-DeGlace_\u00a9Gregoire_Eloy_Tendance_Floue-copie.jpg\" alt=\"\" width=\"1024\" height=\"768\" srcset=\"https:\/\/www.pictofoundation.fr\/wp-content\/uploads\/2021\/06\/ELOY-DeGlace_\u00a9Gregoire_Eloy_Tendance_Floue-copie.jpg 1024w, https:\/\/www.pictofoundation.fr\/wp-content\/uploads\/2021\/06\/ELOY-DeGlace_\u00a9Gregoire_Eloy_Tendance_Floue-copie-300x225.jpg 300w, https:\/\/www.pictofoundation.fr\/wp-content\/uploads\/2021\/06\/ELOY-DeGlace_\u00a9Gregoire_Eloy_Tendance_Floue-copie-768x576.jpg 768w, https:\/\/www.pictofoundation.fr\/wp-content\/uploads\/2021\/06\/ELOY-DeGlace_\u00a9Gregoire_Eloy_Tendance_Floue-copie-500x375.jpg 500w, https:\/\/www.pictofoundation.fr\/wp-content\/uploads\/2021\/06\/ELOY-DeGlace_\u00a9Gregoire_Eloy_Tendance_Floue-copie-800x600.jpg 800w\" sizes=\"auto, (max-width: 1024px) 100vw, 1024px\" \/><figcaption id=\"caption-attachment-3676\" class=\"wp-caption-text\">De Glace, Glacier du Rh\u00f4ne, 2020<br \/>\u00a9 Gr\u00e9goire Eloy \/ Tendance Floue<\/figcaption><\/figure>\n<p>The Ni\u00e9pce Prize is awarded each year to an established photographer, under 50 years of age, who is French or has been living in France for more than three years. It is supported by the Ministry of Culture and the Biblioth\u00e8que nationale de France. Since 2016, it has benefited from the sponsorship of Picto Foundation, which rewards the winner with a grant of \u20ac10,000 in cash and skills. Since 2019, the prize has been supplemented by the support of The Eyes Publishing, which publishes an artists\u2019 book (300 copies), and the ADAGP, which offers \u20ac6,000 to the winner and \u20ac4,000 for organising and communicating about the prize. The winner will also benefit from a presentation of their work at a Gens d&#8217;images workshop, an exhibition at the Dityvon Gallery at the University of Angers in January 2022 and the acquisition of his or her works by the Biblioth\u00e8que nationale de France. (French National Library).<\/p>\n<p>From autumn 2021, the BnF will be even more committed to supporting the actions of the Gens d&#8217;images association, of which it has been a partner since 1955, by presenting the prints of the winner of the Ni\u00e9pce Prize as part of a group exhibition devoted to the photographic prizes it has been supporting for several years (Nadar Prize, Florence &#038; Damien Bachelot Collection Print Award, Bourse du Talent)<\/p>\n<figure id=\"attachment_3675\" aria-describedby=\"caption-attachment-3675\" style=\"width: 1024px\" class=\"wp-caption alignnone\"><img loading=\"lazy\" decoding=\"async\" class=\"size-full wp-image-3675\" src=\"http:\/\/www.pictofoundation.fr\/wp-content\/uploads\/2021\/06\/Portrait_Gregoire_Eloy_2_\u00a9Gregoire_Eloy_Tendance_Floue-copie.jpg\" alt=\"\" width=\"1024\" height=\"683\" srcset=\"https:\/\/www.pictofoundation.fr\/wp-content\/uploads\/2021\/06\/Portrait_Gregoire_Eloy_2_\u00a9Gregoire_Eloy_Tendance_Floue-copie.jpg 1024w, https:\/\/www.pictofoundation.fr\/wp-content\/uploads\/2021\/06\/Portrait_Gregoire_Eloy_2_\u00a9Gregoire_Eloy_Tendance_Floue-copie-300x200.jpg 300w, https:\/\/www.pictofoundation.fr\/wp-content\/uploads\/2021\/06\/Portrait_Gregoire_Eloy_2_\u00a9Gregoire_Eloy_Tendance_Floue-copie-768x512.jpg 768w, https:\/\/www.pictofoundation.fr\/wp-content\/uploads\/2021\/06\/Portrait_Gregoire_Eloy_2_\u00a9Gregoire_Eloy_Tendance_Floue-copie-500x333.jpg 500w, https:\/\/www.pictofoundation.fr\/wp-content\/uploads\/2021\/06\/Portrait_Gregoire_Eloy_2_\u00a9Gregoire_Eloy_Tendance_Floue-copie-800x534.jpg 800w\" sizes=\"auto, (max-width: 1024px) 100vw, 1024px\" \/><figcaption id=\"caption-attachment-3675\" class=\"wp-caption-text\">Portrait de Gr\u00e9goire Eloy<\/figcaption><\/figure>\n<p>Born in 1971, Gr\u00e9goire Eloy has been a documentary photographer since 2003. For 10 years he travelled in Eastern Europe and Central Asia for long-term projects on the Soviet legacy and the wars in the South Caucasus, including his series Les Oubli\u00e9s du Pipeline (2006) and Ressac (2008-2013). In 2010, he collaborated with the scientific community for a trilogy on the science of matter, which was the subject of a series of monographic books including A Black Matter (Journal 2012) and The Fault (RVB Books, 2017). The latest instalment, on glaciology, is in progress. Since 2015, he has been engaged in our relationship with the environment and the wild during immersive residencies in natural environments: Residencies for the Guernsey Photography Festival (2016-2017), the Tbilisi Photo Festival (2018-2020), Le Champ des Impossibles (2020-2022) and Le Festival Photo L&#8217;Homme et la Mer du Guilvinec (2021).<\/p>\n<p>Photo :\u00a0S\u00e9rie l\u2019Aube, Le Petit Lyvet, Saint-Samson-sur-Rance, 2020 \u00a9 Gr\u00e9goire Eloy \/ Tendance Floue<\/p>\n","protected":false},"excerpt":{"rendered":"<p>The 2021 edition of the Ni\u00e9pce 2021 Gens d&#8217;images Prize, supported by Picto Foundation, was awarded to the French photographer Gr\u00e9goire Eloy, member of the Tendance Floue collective. His application was sponsored by Philippe Guionie, director of the 1+2 Residency &#8220;Photography &#038; Science&#8221; for which Gr\u00e9goire Eloy is this year&#8217;s guest photographer. Created in 1955 [&hellip;]<\/p>\n","protected":false},"author":3,"featured_media":6329,"comment_status":"closed","ping_status":"open","sticky":false,"template":"single-post-style-2.php","format":"standard","meta":{"_acf_changed":false,"_vp_format_video_url":"","_vp_image_focal_point":[],"footnotes":""},"categories":[113],"tags":[102],"class_list":["post-7201","post","type-post","status-publish","format-standard","has-post-thumbnail","hentry","category-prix-niepce-en","tag-prize-niepce"],"acf":[],"yoast_head":"<!-- This site is optimized with the Yoast SEO plugin v25.4 - https:\/\/yoast.com\/wordpress\/plugins\/seo\/ -->\n<title>Ni\u00e9pce Prize 2021 : Gr\u00e9goire Eloy - Picto Foundation<\/title>\n<meta name=\"robots\" content=\"index, follow, max-snippet:-1, max-image-preview:large, max-video-preview:-1\" \/>\n<link rel=\"canonical\" href=\"https:\/\/www.pictofoundation.fr\/en\/niepce-prize-2021-gregoire-eloy\/\" \/>\n<meta property=\"og:locale\" content=\"en_US\" \/>\n<meta property=\"og:type\" content=\"article\" \/>\n<meta property=\"og:title\" content=\"Ni\u00e9pce Prize 2021 : Gr\u00e9goire Eloy - Picto Foundation\" \/>\n<meta property=\"og:description\" content=\"The 2021 edition of the Ni\u00e9pce 2021 Gens d&#8217;images Prize, supported by Picto Foundation, was awarded to the French photographer Gr\u00e9goire Eloy, member of the Tendance Floue collective. His application was sponsored by Philippe Guionie, director of the 1+2 Residency &#8220;Photography &#038; Science&#8221; for which Gr\u00e9goire Eloy is this year&#8217;s guest photographer. Created in 1955 [&hellip;]\" \/>\n<meta property=\"og:url\" content=\"https:\/\/www.pictofoundation.fr\/en\/niepce-prize-2021-gregoire-eloy\/\" \/>\n<meta property=\"og:site_name\" content=\"Picto Foundation\" \/>\n<meta property=\"article:published_time\" content=\"2021-06-11T15:50:35+00:00\" \/>\n<meta property=\"article:modified_time\" content=\"2022-03-28T17:12:03+00:00\" \/>\n<meta property=\"og:image\" content=\"https:\/\/www.pictofoundation.fr\/wp-content\/uploads\/2021\/06\/ELOY_LAube_\u00a9Gregoire_Eloy_Tendance_Floue-copie.jpg\" \/>\n\t<meta property=\"og:image:width\" content=\"1500\" \/>\n\t<meta property=\"og:image:height\" content=\"1000\" \/>\n\t<meta property=\"og:image:type\" content=\"image\/jpeg\" \/>\n<meta name=\"author\" content=\"Ericka Weidmann\" \/>\n<meta name=\"twitter:card\" content=\"summary_large_image\" \/>\n<meta name=\"twitter:label1\" content=\"Written by\" \/>\n\t<meta name=\"twitter:data1\" content=\"Ericka Weidmann\" \/>\n\t<meta name=\"twitter:label2\" content=\"Est. reading time\" \/>\n\t<meta name=\"twitter:data2\" content=\"2 minutes\" \/>\n<script type=\"application\/ld+json\" class=\"yoast-schema-graph\">{\"@context\":\"https:\/\/schema.org\",\"@graph\":[{\"@type\":\"WebPage\",\"@id\":\"https:\/\/www.pictofoundation.fr\/en\/niepce-prize-2021-gregoire-eloy\/\",\"url\":\"https:\/\/www.pictofoundation.fr\/en\/niepce-prize-2021-gregoire-eloy\/\",\"name\":\"Ni\u00e9pce Prize 2021 : Gr\u00e9goire Eloy - Picto Foundation\",\"isPartOf\":{\"@id\":\"https:\/\/www.pictofoundation.fr\/en\/#website\"},\"primaryImageOfPage\":{\"@id\":\"https:\/\/www.pictofoundation.fr\/en\/niepce-prize-2021-gregoire-eloy\/#primaryimage\"},\"image\":{\"@id\":\"https:\/\/www.pictofoundation.fr\/en\/niepce-prize-2021-gregoire-eloy\/#primaryimage\"},\"thumbnailUrl\":\"https:\/\/www.pictofoundation.fr\/wp-content\/uploads\/2021\/06\/ELOY_LAube_\u00a9Gregoire_Eloy_Tendance_Floue-copie.jpg\",\"datePublished\":\"2021-06-11T15:50:35+00:00\",\"dateModified\":\"2022-03-28T17:12:03+00:00\",\"author\":{\"@id\":\"https:\/\/www.pictofoundation.fr\/en\/#\/schema\/person\/b80b86e5bfdeda634261a6b76495817c\"},\"breadcrumb\":{\"@id\":\"https:\/\/www.pictofoundation.fr\/en\/niepce-prize-2021-gregoire-eloy\/#breadcrumb\"},\"inLanguage\":\"en-US\",\"potentialAction\":[{\"@type\":\"ReadAction\",\"target\":[\"https:\/\/www.pictofoundation.fr\/en\/niepce-prize-2021-gregoire-eloy\/\"]}]},{\"@type\":\"ImageObject\",\"inLanguage\":\"en-US\",\"@id\":\"https:\/\/www.pictofoundation.fr\/en\/niepce-prize-2021-gregoire-eloy\/#primaryimage\",\"url\":\"https:\/\/www.pictofoundation.fr\/wp-content\/uploads\/2021\/06\/ELOY_LAube_\u00a9Gregoire_Eloy_Tendance_Floue-copie.jpg\",\"contentUrl\":\"https:\/\/www.pictofoundation.fr\/wp-content\/uploads\/2021\/06\/ELOY_LAube_\u00a9Gregoire_Eloy_Tendance_Floue-copie.jpg\",\"width\":1500,\"height\":1000,\"caption\":\"Confinement, Saint-Samson sur-Rance, Mars 2020 \u00a9 Gr\u00e9goire Eloy \/ Prix Ni\u00e9pce 2021\"},{\"@type\":\"BreadcrumbList\",\"@id\":\"https:\/\/www.pictofoundation.fr\/en\/niepce-prize-2021-gregoire-eloy\/#breadcrumb\",\"itemListElement\":[{\"@type\":\"ListItem\",\"position\":1,\"name\":\"Accueil\",\"item\":\"https:\/\/www.pictofoundation.fr\/en\/\"},{\"@type\":\"ListItem\",\"position\":2,\"name\":\"Ni\u00e9pce Prize 2021 : Gr\u00e9goire Eloy\"}]},{\"@type\":\"WebSite\",\"@id\":\"https:\/\/www.pictofoundation.fr\/en\/#website\",\"url\":\"https:\/\/www.pictofoundation.fr\/en\/\",\"name\":\"Picto Foundation\",\"description\":\"Site de la fondation Picto, Groupe Picto\",\"potentialAction\":[{\"@type\":\"SearchAction\",\"target\":{\"@type\":\"EntryPoint\",\"urlTemplate\":\"https:\/\/www.pictofoundation.fr\/en\/?s={search_term_string}\"},\"query-input\":{\"@type\":\"PropertyValueSpecification\",\"valueRequired\":true,\"valueName\":\"search_term_string\"}}],\"inLanguage\":\"en-US\"},{\"@type\":\"Person\",\"@id\":\"https:\/\/www.pictofoundation.fr\/en\/#\/schema\/person\/b80b86e5bfdeda634261a6b76495817c\",\"name\":\"Ericka Weidmann\",\"url\":\"https:\/\/www.pictofoundation.fr\/en\/author\/ericka\/\"}]}<\/script>\n<!-- \/ Yoast SEO plugin. -->","yoast_head_json":{"title":"Ni\u00e9pce Prize 2021 : Gr\u00e9goire Eloy - Picto Foundation","robots":{"index":"index","follow":"follow","max-snippet":"max-snippet:-1","max-image-preview":"max-image-preview:large","max-video-preview":"max-video-preview:-1"},"canonical":"https:\/\/www.pictofoundation.fr\/en\/niepce-prize-2021-gregoire-eloy\/","og_locale":"en_US","og_type":"article","og_title":"Ni\u00e9pce Prize 2021 : Gr\u00e9goire Eloy - Picto Foundation","og_description":"The 2021 edition of the Ni\u00e9pce 2021 Gens d&#8217;images Prize, supported by Picto Foundation, was awarded to the French photographer Gr\u00e9goire Eloy, member of the Tendance Floue collective. His application was sponsored by Philippe Guionie, director of the 1+2 Residency &#8220;Photography &#038; Science&#8221; for which Gr\u00e9goire Eloy is this year&#8217;s guest photographer. Created in 1955 [&hellip;]","og_url":"https:\/\/www.pictofoundation.fr\/en\/niepce-prize-2021-gregoire-eloy\/","og_site_name":"Picto Foundation","article_published_time":"2021-06-11T15:50:35+00:00","article_modified_time":"2022-03-28T17:12:03+00:00","og_image":[{"width":1500,"height":1000,"url":"https:\/\/www.pictofoundation.fr\/wp-content\/uploads\/2021\/06\/ELOY_LAube_\u00a9Gregoire_Eloy_Tendance_Floue-copie.jpg","type":"image\/jpeg"}],"author":"Ericka Weidmann","twitter_card":"summary_large_image","twitter_misc":{"Written by":"Ericka Weidmann","Est. reading time":"2 minutes"},"schema":{"@context":"https:\/\/schema.org","@graph":[{"@type":"WebPage","@id":"https:\/\/www.pictofoundation.fr\/en\/niepce-prize-2021-gregoire-eloy\/","url":"https:\/\/www.pictofoundation.fr\/en\/niepce-prize-2021-gregoire-eloy\/","name":"Ni\u00e9pce Prize 2021 : Gr\u00e9goire Eloy - Picto Foundation","isPartOf":{"@id":"https:\/\/www.pictofoundation.fr\/en\/#website"},"primaryImageOfPage":{"@id":"https:\/\/www.pictofoundation.fr\/en\/niepce-prize-2021-gregoire-eloy\/#primaryimage"},"image":{"@id":"https:\/\/www.pictofoundation.fr\/en\/niepce-prize-2021-gregoire-eloy\/#primaryimage"},"thumbnailUrl":"https:\/\/www.pictofoundation.fr\/wp-content\/uploads\/2021\/06\/ELOY_LAube_\u00a9Gregoire_Eloy_Tendance_Floue-copie.jpg","datePublished":"2021-06-11T15:50:35+00:00","dateModified":"2022-03-28T17:12:03+00:00","author":{"@id":"https:\/\/www.pictofoundation.fr\/en\/#\/schema\/person\/b80b86e5bfdeda634261a6b76495817c"},"breadcrumb":{"@id":"https:\/\/www.pictofoundation.fr\/en\/niepce-prize-2021-gregoire-eloy\/#breadcrumb"},"inLanguage":"en-US","potentialAction":[{"@type":"ReadAction","target":["https:\/\/www.pictofoundation.fr\/en\/niepce-prize-2021-gregoire-eloy\/"]}]},{"@type":"ImageObject","inLanguage":"en-US","@id":"https:\/\/www.pictofoundation.fr\/en\/niepce-prize-2021-gregoire-eloy\/#primaryimage","url":"https:\/\/www.pictofoundation.fr\/wp-content\/uploads\/2021\/06\/ELOY_LAube_\u00a9Gregoire_Eloy_Tendance_Floue-copie.jpg","contentUrl":"https:\/\/www.pictofoundation.fr\/wp-content\/uploads\/2021\/06\/ELOY_LAube_\u00a9Gregoire_Eloy_Tendance_Floue-copie.jpg","width":1500,"height":1000,"caption":"Confinement, Saint-Samson sur-Rance, Mars 2020 \u00a9 Gr\u00e9goire Eloy \/ Prix Ni\u00e9pce 2021"},{"@type":"BreadcrumbList","@id":"https:\/\/www.pictofoundation.fr\/en\/niepce-prize-2021-gregoire-eloy\/#breadcrumb","itemListElement":[{"@type":"ListItem","position":1,"name":"Accueil","item":"https:\/\/www.pictofoundation.fr\/en\/"},{"@type":"ListItem","position":2,"name":"Ni\u00e9pce Prize 2021 : Gr\u00e9goire Eloy"}]},{"@type":"WebSite","@id":"https:\/\/www.pictofoundation.fr\/en\/#website","url":"https:\/\/www.pictofoundation.fr\/en\/","name":"Picto Foundation","description":"Site de la fondation Picto, Groupe Picto","potentialAction":[{"@type":"SearchAction","target":{"@type":"EntryPoint","urlTemplate":"https:\/\/www.pictofoundation.fr\/en\/?s={search_term_string}"},"query-input":{"@type":"PropertyValueSpecification","valueRequired":true,"valueName":"search_term_string"}}],"inLanguage":"en-US"},{"@type":"Person","@id":"https:\/\/www.pictofoundation.fr\/en\/#\/schema\/person\/b80b86e5bfdeda634261a6b76495817c","name":"Ericka Weidmann","url":"https:\/\/www.pictofoundation.fr\/en\/author\/ericka\/"}]}},"_links":{"self":[{"href":"https:\/\/www.pictofoundation.fr\/en\/wp-json\/wp\/v2\/posts\/7201","targetHints":{"allow":["GET"]}}],"collection":[{"href":"https:\/\/www.pictofoundation.fr\/en\/wp-json\/wp\/v2\/posts"}],"about":[{"href":"https:\/\/www.pictofoundation.fr\/en\/wp-json\/wp\/v2\/types\/post"}],"author":[{"embeddable":true,"href":"https:\/\/www.pictofoundation.fr\/en\/wp-json\/wp\/v2\/users\/3"}],"replies":[{"embeddable":true,"href":"https:\/\/www.pictofoundation.fr\/en\/wp-json\/wp\/v2\/comments?post=7201"}],"version-history":[{"count":0,"href":"https:\/\/www.pictofoundation.fr\/en\/wp-json\/wp\/v2\/posts\/7201\/revisions"}],"wp:featuredmedia":[{"embeddable":true,"href":"https:\/\/www.pictofoundation.fr\/en\/wp-json\/wp\/v2\/media\/6329"}],"wp:attachment":[{"href":"https:\/\/www.pictofoundation.fr\/en\/wp-json\/wp\/v2\/media?parent=7201"}],"wp:term":[{"taxonomy":"category","embeddable":true,"href":"https:\/\/www.pictofoundation.fr\/en\/wp-json\/wp\/v2\/categories?post=7201"},{"taxonomy":"post_tag","embeddable":true,"href":"https:\/\/www.pictofoundation.fr\/en\/wp-json\/wp\/v2\/tags?post=7201"}],"curies":[{"name":"wp","href":"https:\/\/api.w.org\/{rel}","templated":true}]}}