{"id":7203,"date":"2020-11-16T15:53:15","date_gmt":"2020-11-16T14:53:15","guid":{"rendered":"https:\/\/www.pictofoundation.fr\/1648455247864\/marina-gadonneix-prix-niepce-2020-gens-dimages\/"},"modified":"2022-03-28T19:14:15","modified_gmt":"2022-03-28T17:14:15","slug":"niepce-prize-2020-marina-gadonneix","status":"publish","type":"post","link":"https:\/\/www.pictofoundation.fr\/en\/niepce-prize-2020-marina-gadonneix\/","title":{"rendered":"Ni\u00e9pce Prize 2020 : Marina Gadonneix"},"content":{"rendered":"<p>The association Gens d&#8217;images and Picto Foundation are delighted to announce the winner of the Ni\u00e9pce Prize 2020: MARINA GADONNEIX.<\/p>\n<p>Marina Gadonneix was born in 1977 in Paris, where she lives and works. She graduated from the \u00c9cole Nationale Sup\u00e9rieure de la Photographie d&#8217;Arles in 2002 and is represented by the Christophe Gaillard Gallery in Paris.<\/p>\n<p>Her work has been exhibited in many institutions, notably at Les Rencontres d&#8217;Arles in 2006, 2012 and 2019, at the Centre photographique d&#8217;Ile de France in 2014, 2017 and as part of the trilogy &#8220;la photographie \u00e0 l&#8217;\u00e9preuve de l&#8217;abstraction&#8221; (CPIF, Frac Normandie Rouen, Onde), at the Kunsthalle Tubingen, at the Point du Jour in Cherbourg, at the Mus\u00e9e de la Poste, and at the CEEAC in Strasbourg &#8220;Prismes, Goethe, r\u00e9flexions contemporaines&#8221;.<\/p>\n<p>Marina Gadonneix was awarded the HSBC Prize for Photography in 2006, then in 2018 the Dummy Book Award of the LUMA Foundation and Les Rencontres d&#8217;Arles for the project Ph\u00e9nom\u00e8nes.<\/p>\n<figure id=\"attachment_4529\" aria-describedby=\"caption-attachment-4529\" style=\"width: 1015px\" class=\"wp-caption aligncenter\"><img loading=\"lazy\" decoding=\"async\" class=\"size-full wp-image-4529\" src=\"http:\/\/www.pictofoundation.fr\/wp-content\/uploads\/2021\/07\/Prix-Nie\u0301pce2020.png\" alt=\"\" width=\"1015\" height=\"814\" srcset=\"https:\/\/www.pictofoundation.fr\/wp-content\/uploads\/2021\/07\/Prix-Nie\u0301pce2020.png 1015w, https:\/\/www.pictofoundation.fr\/wp-content\/uploads\/2021\/07\/Prix-Nie\u0301pce2020-300x241.png 300w, https:\/\/www.pictofoundation.fr\/wp-content\/uploads\/2021\/07\/Prix-Nie\u0301pce2020-768x616.png 768w, https:\/\/www.pictofoundation.fr\/wp-content\/uploads\/2021\/07\/Prix-Nie\u0301pce2020-500x401.png 500w, https:\/\/www.pictofoundation.fr\/wp-content\/uploads\/2021\/07\/Prix-Nie\u0301pce2020-800x642.png 800w\" sizes=\"auto, (max-width: 1015px) 100vw, 1015px\" \/><figcaption id=\"caption-attachment-4529\" class=\"wp-caption-text\">\u00a9 Marine Gadonneix, laur\u00e9ate du Prix Ni\u00e9pce 2020<\/figcaption><\/figure>\n<p>Significant publications that mark the chronology of her series: Landscapes\/Blackout (2011), The House that Burns Every Day (2012), After the Image (2015, awarded the Nadar Prize), Ph\u00e9nom\u00e8nes (2019), all published by RVB BOOKS.<\/p>\n<p>Marina Gadonneix&#8217;s application was sponsored by the iconographer, teacher and curator Laetitia Guillemin.<\/p>\n<p>The deliberation process of the jury, chaired by H\u00e9lo\u00efse Con\u00e9sa, curator for contemporary photography at the Department of Prints and Photography, hosted by the ADAGP, took place on Tuesday 6th October 2020. It comprised leading figures belonging to the various professions involved in the achievement, production, critiquing and publishing of photographs.<\/p>\n<h4>Tornades by Marina Gadonneix<\/h4>\n<div>&nbsp;<\/div>\n\n<div class=\"vp-portfolio vp-uid-4c49760e vp-id-7076  \"\n\tdata-vp-layout=\"masonry\" data-vp-content-source=\"images\" data-vp-items-style=\"default\" data-vp-items-click-action=\"popup_gallery\" data-vp-items-gap=\"15\" data-vp-items-gap-vertical=\"\" data-vp-pagination=\"load-more\" data-vp-next-page-url=\"\" data-vp-masonry-columns=\"3\" >\n\t<div class=\"vp-portfolio__preloader-wrap\">\n\t\t<div class=\"vp-portfolio__preloader\">\n\t\t\t<img decoding=\"async\" loading=\"eager\" src=\"https:\/\/www.pictofoundation.fr\/wp-content\/plugins\/visual-portfolio\/assets\/images\/logo-dark.svg\" alt=\"Visual Portfolio, Posts &amp; Image Gallery for WordPress\" width=\"20\" height=\"20\" data-skip-lazy>\n\t\t<\/div>\n\t<\/div>\n\t\t<div class=\"vp-portfolio__items-wrap\">\n\t\t\t\n<div class=\"vp-portfolio__items vp-portfolio__items-style-default vp-portfolio__items-show-overlay-hover\">\n\n\t\t<div\t\tclass=\"vp-portfolio__item-wrap vp-portfolio__item-uid-5781474b\" data-vp-filter=\"\" \t\t>\n\t\t\t<template class=\"vp-portfolio__item-popup\" data-vp-popup-img=\"https:\/\/www.pictofoundation.fr\/wp-content\/uploads\/2022\/02\/marina-gadonneix-tornade-couv.jpg\" data-vp-popup-img-srcset=\"https:\/\/www.pictofoundation.fr\/wp-content\/uploads\/2022\/02\/marina-gadonneix-tornade-couv.jpg 684w, https:\/\/www.pictofoundation.fr\/wp-content\/uploads\/2022\/02\/marina-gadonneix-tornade-couv-200x300.jpg 200w, https:\/\/www.pictofoundation.fr\/wp-content\/uploads\/2022\/02\/marina-gadonneix-tornade-couv-500x749.jpg 500w\" data-vp-popup-img-size=\"684x1024\" data-vp-popup-md-img=\"https:\/\/www.pictofoundation.fr\/wp-content\/uploads\/2022\/02\/marina-gadonneix-tornade-couv.jpg\" data-vp-popup-md-img-size=\"684x1024\" data-vp-popup-sm-img=\"https:\/\/www.pictofoundation.fr\/wp-content\/uploads\/2022\/02\/marina-gadonneix-tornade-couv-500x749.jpg\" data-vp-popup-sm-img-size=\"500x749\">\n\t\t\t<h3 class=\"vp-portfolio__item-popup-title\">\u00a9 Marina Gadonneix, Tornades, The Eyes Publishing<\/h3>\n\t\t<\/template>\n\t\t\t\t\t\t<figure class=\"vp-portfolio__item\">\n\t\t\t\t\n<div class=\"vp-portfolio__item-img-wrap\">\n\t<div class=\"vp-portfolio__item-img\">\n\t\t\t<a\n\t\thref=\"https:\/\/www.pictofoundation.fr\/wp-content\/uploads\/2022\/02\/marina-gadonneix-tornade-couv.jpg\"\n\t\t\t>\n\t\n\t\t<noscript><img loading=\"lazy\" decoding=\"async\" width=\"684\" height=\"1024\" data-skip-lazy src=\"https:\/\/www.pictofoundation.fr\/wp-content\/uploads\/2022\/02\/marina-gadonneix-tornade-couv.jpg\" class=\"wp-image-7077\" alt=\"\" srcset=\"https:\/\/www.pictofoundation.fr\/wp-content\/uploads\/2022\/02\/marina-gadonneix-tornade-couv.jpg 684w, https:\/\/www.pictofoundation.fr\/wp-content\/uploads\/2022\/02\/marina-gadonneix-tornade-couv-200x300.jpg 200w, https:\/\/www.pictofoundation.fr\/wp-content\/uploads\/2022\/02\/marina-gadonneix-tornade-couv-500x749.jpg 500w\" sizes=\"auto, (max-width: 684px) 100vw, 684px\" \/><\/noscript><img fetchpriority=\"high\" decoding=\"async\" width=\"684\" height=\"1024\" src=\"https:\/\/www.pictofoundation.fr\/wp-content\/uploads\/2022\/02\/marina-gadonneix-tornade-couv.jpg\" class=\"wp-image-7077 vp-lazyload\" alt srcset=\"data:image\/svg+xml;base64,PHN2ZyB3aWR0aD0iNjg0IiBoZWlnaHQ9IjEwMjQiIHZpZXdCb3g9IjAgMCA2ODQgMTAyNCIgZmlsbD0ibm9uZSIgeG1sbnM9Imh0dHA6Ly93d3cudzMub3JnLzIwMDAvc3ZnIj48L3N2Zz4=\" data-src=\"https:\/\/www.pictofoundation.fr\/wp-content\/uploads\/2022\/02\/marina-gadonneix-tornade-couv.jpg\" data-srcset=\"https:\/\/www.pictofoundation.fr\/wp-content\/uploads\/2022\/02\/marina-gadonneix-tornade-couv.jpg 684w, https:\/\/www.pictofoundation.fr\/wp-content\/uploads\/2022\/02\/marina-gadonneix-tornade-couv-200x300.jpg 200w, https:\/\/www.pictofoundation.fr\/wp-content\/uploads\/2022\/02\/marina-gadonneix-tornade-couv-500x749.jpg 500w\" data-sizes=\"auto\" loading=\"eager\">\n\t\t<div class=\"vp-portfolio__item-overlay\">\n\t\t\t\t\t<\/div>\n\n\t\t<\/a>\t<\/div>\n<\/div>\n\n<div class=\"vp-portfolio__item-overlay vp-portfolio__item-align-center\">\n\t<\/div>\t\t\t<\/figure>\n\t\t\t\t\t<\/div>\n\t\t\n\t\t<div\t\tclass=\"vp-portfolio__item-wrap vp-portfolio__item-uid-8d5943fc\" data-vp-filter=\"\" \t\t>\n\t\t\t<template class=\"vp-portfolio__item-popup\" data-vp-popup-img=\"https:\/\/www.pictofoundation.fr\/wp-content\/uploads\/2022\/02\/marina-gadonneix-tornade-1.jpg\" data-vp-popup-img-srcset=\"https:\/\/www.pictofoundation.fr\/wp-content\/uploads\/2022\/02\/marina-gadonneix-tornade-1.jpg 1024w, https:\/\/www.pictofoundation.fr\/wp-content\/uploads\/2022\/02\/marina-gadonneix-tornade-1-300x224.jpg 300w, https:\/\/www.pictofoundation.fr\/wp-content\/uploads\/2022\/02\/marina-gadonneix-tornade-1-768x574.jpg 768w, https:\/\/www.pictofoundation.fr\/wp-content\/uploads\/2022\/02\/marina-gadonneix-tornade-1-500x374.jpg 500w, https:\/\/www.pictofoundation.fr\/wp-content\/uploads\/2022\/02\/marina-gadonneix-tornade-1-800x598.jpg 800w\" data-vp-popup-img-size=\"1024x765\" data-vp-popup-md-img=\"https:\/\/www.pictofoundation.fr\/wp-content\/uploads\/2022\/02\/marina-gadonneix-tornade-1-800x598.jpg\" data-vp-popup-md-img-size=\"800x598\" data-vp-popup-sm-img=\"https:\/\/www.pictofoundation.fr\/wp-content\/uploads\/2022\/02\/marina-gadonneix-tornade-1-500x374.jpg\" data-vp-popup-sm-img-size=\"500x374\">\n\t\t\t<h3 class=\"vp-portfolio__item-popup-title\">\u00a9 Marina Gadonneix, Tornades, courtesy of Galerie Christophe Gaillard<\/h3>\n\t\t<\/template>\n\t\t\t\t\t\t<figure class=\"vp-portfolio__item\">\n\t\t\t\t\n<div class=\"vp-portfolio__item-img-wrap\">\n\t<div class=\"vp-portfolio__item-img\">\n\t\t\t<a\n\t\thref=\"https:\/\/www.pictofoundation.fr\/wp-content\/uploads\/2022\/02\/marina-gadonneix-tornade-1.jpg\"\n\t\t\t>\n\t\n\t\t<noscript><img loading=\"lazy\" decoding=\"async\" width=\"1024\" height=\"765\" data-skip-lazy src=\"https:\/\/www.pictofoundation.fr\/wp-content\/uploads\/2022\/02\/marina-gadonneix-tornade-1.jpg\" class=\"wp-image-7079\" alt=\"\" srcset=\"https:\/\/www.pictofoundation.fr\/wp-content\/uploads\/2022\/02\/marina-gadonneix-tornade-1.jpg 1024w, https:\/\/www.pictofoundation.fr\/wp-content\/uploads\/2022\/02\/marina-gadonneix-tornade-1-300x224.jpg 300w, https:\/\/www.pictofoundation.fr\/wp-content\/uploads\/2022\/02\/marina-gadonneix-tornade-1-768x574.jpg 768w, https:\/\/www.pictofoundation.fr\/wp-content\/uploads\/2022\/02\/marina-gadonneix-tornade-1-500x374.jpg 500w, https:\/\/www.pictofoundation.fr\/wp-content\/uploads\/2022\/02\/marina-gadonneix-tornade-1-800x598.jpg 800w\" sizes=\"auto, (max-width: 1024px) 100vw, 1024px\" \/><\/noscript><img decoding=\"async\" width=\"1024\" height=\"765\" src=\"https:\/\/www.pictofoundation.fr\/wp-content\/uploads\/2022\/02\/marina-gadonneix-tornade-1.jpg\" class=\"wp-image-7079 vp-lazyload\" alt srcset=\"data:image\/svg+xml;base64,PHN2ZyB3aWR0aD0iMTAyNCIgaGVpZ2h0PSI3NjUiIHZpZXdCb3g9IjAgMCAxMDI0IDc2NSIgZmlsbD0ibm9uZSIgeG1sbnM9Imh0dHA6Ly93d3cudzMub3JnLzIwMDAvc3ZnIj48L3N2Zz4=\" data-src=\"https:\/\/www.pictofoundation.fr\/wp-content\/uploads\/2022\/02\/marina-gadonneix-tornade-1.jpg\" data-srcset=\"https:\/\/www.pictofoundation.fr\/wp-content\/uploads\/2022\/02\/marina-gadonneix-tornade-1.jpg 1024w, https:\/\/www.pictofoundation.fr\/wp-content\/uploads\/2022\/02\/marina-gadonneix-tornade-1-300x224.jpg 300w, https:\/\/www.pictofoundation.fr\/wp-content\/uploads\/2022\/02\/marina-gadonneix-tornade-1-768x574.jpg 768w, https:\/\/www.pictofoundation.fr\/wp-content\/uploads\/2022\/02\/marina-gadonneix-tornade-1-500x374.jpg 500w, https:\/\/www.pictofoundation.fr\/wp-content\/uploads\/2022\/02\/marina-gadonneix-tornade-1-800x598.jpg 800w\" data-sizes=\"auto\" loading=\"eager\">\n\t\t<div class=\"vp-portfolio__item-overlay\">\n\t\t\t\t\t<\/div>\n\n\t\t<\/a>\t<\/div>\n<\/div>\n\n<div class=\"vp-portfolio__item-overlay vp-portfolio__item-align-center\">\n\t<\/div>\t\t\t<\/figure>\n\t\t\t\t\t<\/div>\n\t\t\n\t\t<div\t\tclass=\"vp-portfolio__item-wrap vp-portfolio__item-uid-43baadd1\" data-vp-filter=\"\" \t\t>\n\t\t\t<template class=\"vp-portfolio__item-popup\" data-vp-popup-img=\"https:\/\/www.pictofoundation.fr\/wp-content\/uploads\/2022\/02\/marina-gadonneix-tornade-2.jpg\" data-vp-popup-img-srcset=\"https:\/\/www.pictofoundation.fr\/wp-content\/uploads\/2022\/02\/marina-gadonneix-tornade-2.jpg 1024w, https:\/\/www.pictofoundation.fr\/wp-content\/uploads\/2022\/02\/marina-gadonneix-tornade-2-300x224.jpg 300w, https:\/\/www.pictofoundation.fr\/wp-content\/uploads\/2022\/02\/marina-gadonneix-tornade-2-768x575.jpg 768w, https:\/\/www.pictofoundation.fr\/wp-content\/uploads\/2022\/02\/marina-gadonneix-tornade-2-500x374.jpg 500w, https:\/\/www.pictofoundation.fr\/wp-content\/uploads\/2022\/02\/marina-gadonneix-tornade-2-800x598.jpg 800w\" data-vp-popup-img-size=\"1024x766\" data-vp-popup-md-img=\"https:\/\/www.pictofoundation.fr\/wp-content\/uploads\/2022\/02\/marina-gadonneix-tornade-2-800x598.jpg\" data-vp-popup-md-img-size=\"800x598\" data-vp-popup-sm-img=\"https:\/\/www.pictofoundation.fr\/wp-content\/uploads\/2022\/02\/marina-gadonneix-tornade-2-500x374.jpg\" data-vp-popup-sm-img-size=\"500x374\">\n\t\t\t<h3 class=\"vp-portfolio__item-popup-title\">\u00a9 Marina Gadonneix, Tornades, courtesy of Galerie Christophe Gaillard<\/h3>\n\t\t<\/template>\n\t\t\t\t\t\t<figure class=\"vp-portfolio__item\">\n\t\t\t\t\n<div class=\"vp-portfolio__item-img-wrap\">\n\t<div class=\"vp-portfolio__item-img\">\n\t\t\t<a\n\t\thref=\"https:\/\/www.pictofoundation.fr\/wp-content\/uploads\/2022\/02\/marina-gadonneix-tornade-2.jpg\"\n\t\t\t>\n\t\n\t\t<noscript><img loading=\"lazy\" decoding=\"async\" width=\"1024\" height=\"766\" data-skip-lazy src=\"https:\/\/www.pictofoundation.fr\/wp-content\/uploads\/2022\/02\/marina-gadonneix-tornade-2.jpg\" class=\"wp-image-7081\" alt=\"\" srcset=\"https:\/\/www.pictofoundation.fr\/wp-content\/uploads\/2022\/02\/marina-gadonneix-tornade-2.jpg 1024w, https:\/\/www.pictofoundation.fr\/wp-content\/uploads\/2022\/02\/marina-gadonneix-tornade-2-300x224.jpg 300w, https:\/\/www.pictofoundation.fr\/wp-content\/uploads\/2022\/02\/marina-gadonneix-tornade-2-768x575.jpg 768w, https:\/\/www.pictofoundation.fr\/wp-content\/uploads\/2022\/02\/marina-gadonneix-tornade-2-500x374.jpg 500w, https:\/\/www.pictofoundation.fr\/wp-content\/uploads\/2022\/02\/marina-gadonneix-tornade-2-800x598.jpg 800w\" sizes=\"auto, (max-width: 1024px) 100vw, 1024px\" \/><\/noscript><img decoding=\"async\" width=\"1024\" height=\"766\" src=\"https:\/\/www.pictofoundation.fr\/wp-content\/uploads\/2022\/02\/marina-gadonneix-tornade-2.jpg\" class=\"wp-image-7081 vp-lazyload\" alt srcset=\"data:image\/svg+xml;base64,PHN2ZyB3aWR0aD0iMTAyNCIgaGVpZ2h0PSI3NjYiIHZpZXdCb3g9IjAgMCAxMDI0IDc2NiIgZmlsbD0ibm9uZSIgeG1sbnM9Imh0dHA6Ly93d3cudzMub3JnLzIwMDAvc3ZnIj48L3N2Zz4=\" data-src=\"https:\/\/www.pictofoundation.fr\/wp-content\/uploads\/2022\/02\/marina-gadonneix-tornade-2.jpg\" data-srcset=\"https:\/\/www.pictofoundation.fr\/wp-content\/uploads\/2022\/02\/marina-gadonneix-tornade-2.jpg 1024w, https:\/\/www.pictofoundation.fr\/wp-content\/uploads\/2022\/02\/marina-gadonneix-tornade-2-300x224.jpg 300w, https:\/\/www.pictofoundation.fr\/wp-content\/uploads\/2022\/02\/marina-gadonneix-tornade-2-768x575.jpg 768w, https:\/\/www.pictofoundation.fr\/wp-content\/uploads\/2022\/02\/marina-gadonneix-tornade-2-500x374.jpg 500w, https:\/\/www.pictofoundation.fr\/wp-content\/uploads\/2022\/02\/marina-gadonneix-tornade-2-800x598.jpg 800w\" data-sizes=\"auto\" loading=\"eager\">\n\t\t<div class=\"vp-portfolio__item-overlay\">\n\t\t\t\t\t<\/div>\n\n\t\t<\/a>\t<\/div>\n<\/div>\n\n<div class=\"vp-portfolio__item-overlay vp-portfolio__item-align-center\">\n\t<\/div>\t\t\t<\/figure>\n\t\t\t\t\t<\/div>\n\t\t\n\t\t<div\t\tclass=\"vp-portfolio__item-wrap vp-portfolio__item-uid-90d4e54d\" data-vp-filter=\"\" \t\t>\n\t\t\t<template class=\"vp-portfolio__item-popup\" data-vp-popup-img=\"https:\/\/www.pictofoundation.fr\/wp-content\/uploads\/2022\/02\/marina-gadonneix-tornade-3.jpg\" data-vp-popup-img-srcset=\"https:\/\/www.pictofoundation.fr\/wp-content\/uploads\/2022\/02\/marina-gadonneix-tornade-3.jpg 1024w, https:\/\/www.pictofoundation.fr\/wp-content\/uploads\/2022\/02\/marina-gadonneix-tornade-3-300x224.jpg 300w, https:\/\/www.pictofoundation.fr\/wp-content\/uploads\/2022\/02\/marina-gadonneix-tornade-3-768x574.jpg 768w, https:\/\/www.pictofoundation.fr\/wp-content\/uploads\/2022\/02\/marina-gadonneix-tornade-3-500x374.jpg 500w, https:\/\/www.pictofoundation.fr\/wp-content\/uploads\/2022\/02\/marina-gadonneix-tornade-3-800x598.jpg 800w\" data-vp-popup-img-size=\"1024x765\" data-vp-popup-md-img=\"https:\/\/www.pictofoundation.fr\/wp-content\/uploads\/2022\/02\/marina-gadonneix-tornade-3-800x598.jpg\" data-vp-popup-md-img-size=\"800x598\" data-vp-popup-sm-img=\"https:\/\/www.pictofoundation.fr\/wp-content\/uploads\/2022\/02\/marina-gadonneix-tornade-3-500x374.jpg\" data-vp-popup-sm-img-size=\"500x374\">\n\t\t\t<h3 class=\"vp-portfolio__item-popup-title\">\u00a9 Marina Gadonneix, Tornades, courtesy of Galerie Christophe Gaillard<\/h3>\n\t\t<\/template>\n\t\t\t\t\t\t<figure class=\"vp-portfolio__item\">\n\t\t\t\t\n<div class=\"vp-portfolio__item-img-wrap\">\n\t<div class=\"vp-portfolio__item-img\">\n\t\t\t<a\n\t\thref=\"https:\/\/www.pictofoundation.fr\/wp-content\/uploads\/2022\/02\/marina-gadonneix-tornade-3.jpg\"\n\t\t\t>\n\t\n\t\t<noscript><img loading=\"lazy\" decoding=\"async\" width=\"1024\" height=\"765\" data-skip-lazy src=\"https:\/\/www.pictofoundation.fr\/wp-content\/uploads\/2022\/02\/marina-gadonneix-tornade-3.jpg\" class=\"wp-image-7083\" alt=\"\" srcset=\"https:\/\/www.pictofoundation.fr\/wp-content\/uploads\/2022\/02\/marina-gadonneix-tornade-3.jpg 1024w, https:\/\/www.pictofoundation.fr\/wp-content\/uploads\/2022\/02\/marina-gadonneix-tornade-3-300x224.jpg 300w, https:\/\/www.pictofoundation.fr\/wp-content\/uploads\/2022\/02\/marina-gadonneix-tornade-3-768x574.jpg 768w, https:\/\/www.pictofoundation.fr\/wp-content\/uploads\/2022\/02\/marina-gadonneix-tornade-3-500x374.jpg 500w, https:\/\/www.pictofoundation.fr\/wp-content\/uploads\/2022\/02\/marina-gadonneix-tornade-3-800x598.jpg 800w\" sizes=\"auto, (max-width: 1024px) 100vw, 1024px\" \/><\/noscript><img decoding=\"async\" width=\"1024\" height=\"765\" src=\"https:\/\/www.pictofoundation.fr\/wp-content\/uploads\/2022\/02\/marina-gadonneix-tornade-3.jpg\" class=\"wp-image-7083 vp-lazyload\" alt srcset=\"data:image\/svg+xml;base64,PHN2ZyB3aWR0aD0iMTAyNCIgaGVpZ2h0PSI3NjUiIHZpZXdCb3g9IjAgMCAxMDI0IDc2NSIgZmlsbD0ibm9uZSIgeG1sbnM9Imh0dHA6Ly93d3cudzMub3JnLzIwMDAvc3ZnIj48L3N2Zz4=\" data-src=\"https:\/\/www.pictofoundation.fr\/wp-content\/uploads\/2022\/02\/marina-gadonneix-tornade-3.jpg\" data-srcset=\"https:\/\/www.pictofoundation.fr\/wp-content\/uploads\/2022\/02\/marina-gadonneix-tornade-3.jpg 1024w, https:\/\/www.pictofoundation.fr\/wp-content\/uploads\/2022\/02\/marina-gadonneix-tornade-3-300x224.jpg 300w, https:\/\/www.pictofoundation.fr\/wp-content\/uploads\/2022\/02\/marina-gadonneix-tornade-3-768x574.jpg 768w, https:\/\/www.pictofoundation.fr\/wp-content\/uploads\/2022\/02\/marina-gadonneix-tornade-3-500x374.jpg 500w, https:\/\/www.pictofoundation.fr\/wp-content\/uploads\/2022\/02\/marina-gadonneix-tornade-3-800x598.jpg 800w\" data-sizes=\"auto\" loading=\"eager\">\n\t\t<div class=\"vp-portfolio__item-overlay\">\n\t\t\t\t\t<\/div>\n\n\t\t<\/a>\t<\/div>\n<\/div>\n\n<div class=\"vp-portfolio__item-overlay vp-portfolio__item-align-center\">\n\t<\/div>\t\t\t<\/figure>\n\t\t\t\t\t<\/div>\n\t\t\n\t\t<div\t\tclass=\"vp-portfolio__item-wrap vp-portfolio__item-uid-cb979c68\" data-vp-filter=\"\" \t\t>\n\t\t\t<template class=\"vp-portfolio__item-popup\" data-vp-popup-img=\"https:\/\/www.pictofoundation.fr\/wp-content\/uploads\/2022\/02\/marina-gadonneix-tornade-4.jpg\" data-vp-popup-img-srcset=\"https:\/\/www.pictofoundation.fr\/wp-content\/uploads\/2022\/02\/marina-gadonneix-tornade-4.jpg 1024w, https:\/\/www.pictofoundation.fr\/wp-content\/uploads\/2022\/02\/marina-gadonneix-tornade-4-300x224.jpg 300w, https:\/\/www.pictofoundation.fr\/wp-content\/uploads\/2022\/02\/marina-gadonneix-tornade-4-768x574.jpg 768w, https:\/\/www.pictofoundation.fr\/wp-content\/uploads\/2022\/02\/marina-gadonneix-tornade-4-500x374.jpg 500w, https:\/\/www.pictofoundation.fr\/wp-content\/uploads\/2022\/02\/marina-gadonneix-tornade-4-800x598.jpg 800w\" data-vp-popup-img-size=\"1024x765\" data-vp-popup-md-img=\"https:\/\/www.pictofoundation.fr\/wp-content\/uploads\/2022\/02\/marina-gadonneix-tornade-4-800x598.jpg\" data-vp-popup-md-img-size=\"800x598\" data-vp-popup-sm-img=\"https:\/\/www.pictofoundation.fr\/wp-content\/uploads\/2022\/02\/marina-gadonneix-tornade-4-500x374.jpg\" data-vp-popup-sm-img-size=\"500x374\">\n\t\t\t<h3 class=\"vp-portfolio__item-popup-title\">\u00a9 Marina Gadonneix, Tornades, courtesy of Galerie Christophe Gaillard<\/h3>\n\t\t<\/template>\n\t\t\t\t\t\t<figure class=\"vp-portfolio__item\">\n\t\t\t\t\n<div class=\"vp-portfolio__item-img-wrap\">\n\t<div class=\"vp-portfolio__item-img\">\n\t\t\t<a\n\t\thref=\"https:\/\/www.pictofoundation.fr\/wp-content\/uploads\/2022\/02\/marina-gadonneix-tornade-4.jpg\"\n\t\t\t>\n\t\n\t\t<noscript><img loading=\"lazy\" decoding=\"async\" width=\"1024\" height=\"765\" data-skip-lazy src=\"https:\/\/www.pictofoundation.fr\/wp-content\/uploads\/2022\/02\/marina-gadonneix-tornade-4.jpg\" class=\"wp-image-7085\" alt=\"\" srcset=\"https:\/\/www.pictofoundation.fr\/wp-content\/uploads\/2022\/02\/marina-gadonneix-tornade-4.jpg 1024w, https:\/\/www.pictofoundation.fr\/wp-content\/uploads\/2022\/02\/marina-gadonneix-tornade-4-300x224.jpg 300w, https:\/\/www.pictofoundation.fr\/wp-content\/uploads\/2022\/02\/marina-gadonneix-tornade-4-768x574.jpg 768w, https:\/\/www.pictofoundation.fr\/wp-content\/uploads\/2022\/02\/marina-gadonneix-tornade-4-500x374.jpg 500w, https:\/\/www.pictofoundation.fr\/wp-content\/uploads\/2022\/02\/marina-gadonneix-tornade-4-800x598.jpg 800w\" sizes=\"auto, (max-width: 1024px) 100vw, 1024px\" \/><\/noscript><img decoding=\"async\" width=\"1024\" height=\"765\" src=\"https:\/\/www.pictofoundation.fr\/wp-content\/uploads\/2022\/02\/marina-gadonneix-tornade-4.jpg\" class=\"wp-image-7085 vp-lazyload\" alt srcset=\"data:image\/svg+xml;base64,PHN2ZyB3aWR0aD0iMTAyNCIgaGVpZ2h0PSI3NjUiIHZpZXdCb3g9IjAgMCAxMDI0IDc2NSIgZmlsbD0ibm9uZSIgeG1sbnM9Imh0dHA6Ly93d3cudzMub3JnLzIwMDAvc3ZnIj48L3N2Zz4=\" data-src=\"https:\/\/www.pictofoundation.fr\/wp-content\/uploads\/2022\/02\/marina-gadonneix-tornade-4.jpg\" data-srcset=\"https:\/\/www.pictofoundation.fr\/wp-content\/uploads\/2022\/02\/marina-gadonneix-tornade-4.jpg 1024w, https:\/\/www.pictofoundation.fr\/wp-content\/uploads\/2022\/02\/marina-gadonneix-tornade-4-300x224.jpg 300w, https:\/\/www.pictofoundation.fr\/wp-content\/uploads\/2022\/02\/marina-gadonneix-tornade-4-768x574.jpg 768w, https:\/\/www.pictofoundation.fr\/wp-content\/uploads\/2022\/02\/marina-gadonneix-tornade-4-500x374.jpg 500w, https:\/\/www.pictofoundation.fr\/wp-content\/uploads\/2022\/02\/marina-gadonneix-tornade-4-800x598.jpg 800w\" data-sizes=\"auto\" loading=\"eager\">\n\t\t<div class=\"vp-portfolio__item-overlay\">\n\t\t\t\t\t<\/div>\n\n\t\t<\/a>\t<\/div>\n<\/div>\n\n<div class=\"vp-portfolio__item-overlay vp-portfolio__item-align-center\">\n\t<\/div>\t\t\t<\/figure>\n\t\t\t\t\t<\/div>\n\t\t\n<\/div>\n\t\t<\/div>\n\t\t\n<\/div>\n\n<div>&nbsp;<\/div>\n<div>&nbsp;<\/div>\n<p>From the series \u201cPhenomena\u201d that the artist has pursued between 2014 and 2019, Tornadoes stages and reconstructs these isolated whirlwinds that often make the news.<br \/>\nProduced in a scientific research facility dedicated to the analysis and reconstruction of natural phenomena, the photographs gathered in this book draw inspiration from the scientific and the spectacular to extract an evanescent cloudy form, a kind of poetic and enveloping atmosphere. The voluptuousness of the milky wind in contrast with the austerely black background, the delicacy of the grey levels sketching the architectural models, everything is highlighted by the artist in such a way as to let us be absorbed by the magic, the rhythm and the attraction of these extraordinary natural phenomena.<\/p>\n<p><strong>Informations :<\/strong><br \/>\nTornades<br \/>\nMarina Gadonneix<br \/>\nThe Eyes Publishing<br \/>\nMarch 2022<br \/>\n22 x 23 cm, 72 pages<br \/>\nDesign : Florian Brennemann<br \/>\nText : Marcelline Delbecq<br \/>\nFrench &amp; ENglish<br \/>\nISBN : 979-10-92727-48-7<br \/>\n39\u20ac<\/p>\n","protected":false},"excerpt":{"rendered":"<p>Marina Gadonneix est n\u00e9e en 1977 \u00e0 Paris, o\u00f9 elle vit et travaille. Elle est dipl\u00f4m\u00e9e de l\u2019\u00c9cole Nationale Sup\u00e9rieure de la Photographie d\u2019Arles en 2002 et repr\u00e9sent\u00e9e par la galerie Christophe Gaillard \u00e0 Paris.<br \/>\nSes oeuvres ont \u00e9t\u00e9 expos\u00e9es dans de nombreuses institutions, notamment aux Rencontres d\u2019Arles en 2006, 2012 et 2019, au Centre photographique d\u2019Ile de France en 2014, 2017 et actuellement dans le cadre de la trilogie \u00abla photographie \u00e0 l\u2019\u00e9preuve de l\u2019abstraction\u00bb (CPIF, Frac Normandie Rouen, Onde), \u00e0 la Kunsthalle de Tubingen, au Point du Jour \u00e0 Cherbourg, au mus\u00e9e de la Poste, ou encore au CEEAC de Strasbourg en ce moment \u00abPrismes, Goethe, r\u00e9flexions contemporaines\u00bb.<\/p>\n","protected":false},"author":3,"featured_media":6637,"comment_status":"closed","ping_status":"open","sticky":false,"template":"single-post-style-2.php","format":"standard","meta":{"_acf_changed":false,"_vp_format_video_url":"","_vp_image_focal_point":[],"footnotes":""},"categories":[113],"tags":[102],"class_list":["post-7203","post","type-post","status-publish","format-standard","has-post-thumbnail","hentry","category-prix-niepce-en","tag-prize-niepce"],"acf":[],"yoast_head":"<!-- This site is optimized with the Yoast SEO plugin v25.4 - https:\/\/yoast.com\/wordpress\/plugins\/seo\/ -->\n<title>Ni\u00e9pce Prize 2020 : Marina Gadonneix - Picto Foundation<\/title>\n<meta name=\"robots\" content=\"index, follow, max-snippet:-1, max-image-preview:large, max-video-preview:-1\" \/>\n<link rel=\"canonical\" href=\"https:\/\/www.pictofoundation.fr\/en\/niepce-prize-2020-marina-gadonneix\/\" \/>\n<meta property=\"og:locale\" content=\"en_US\" \/>\n<meta property=\"og:type\" content=\"article\" \/>\n<meta property=\"og:title\" content=\"Ni\u00e9pce Prize 2020 : Marina Gadonneix - Picto Foundation\" \/>\n<meta property=\"og:description\" content=\"Marina Gadonneix est n\u00e9e en 1977 \u00e0 Paris, o\u00f9 elle vit et travaille. Elle est dipl\u00f4m\u00e9e de l\u2019\u00c9cole Nationale Sup\u00e9rieure de la Photographie d\u2019Arles en 2002 et repr\u00e9sent\u00e9e par la galerie Christophe Gaillard \u00e0 Paris. Ses oeuvres ont \u00e9t\u00e9 expos\u00e9es dans de nombreuses institutions, notamment aux Rencontres d\u2019Arles en 2006, 2012 et 2019, au Centre photographique d\u2019Ile de France en 2014, 2017 et actuellement dans le cadre de la trilogie \u00abla photographie \u00e0 l\u2019\u00e9preuve de l\u2019abstraction\u00bb (CPIF, Frac Normandie Rouen, Onde), \u00e0 la Kunsthalle de Tubingen, au Point du Jour \u00e0 Cherbourg, au mus\u00e9e de la Poste, ou encore au CEEAC de Strasbourg en ce moment \u00abPrismes, Goethe, r\u00e9flexions contemporaines\u00bb.\" \/>\n<meta property=\"og:url\" content=\"https:\/\/www.pictofoundation.fr\/en\/niepce-prize-2020-marina-gadonneix\/\" \/>\n<meta property=\"og:site_name\" content=\"Picto Foundation\" \/>\n<meta property=\"article:published_time\" content=\"2020-11-16T14:53:15+00:00\" \/>\n<meta property=\"article:modified_time\" content=\"2022-03-28T17:14:15+00:00\" \/>\n<meta property=\"og:image\" content=\"https:\/\/www.pictofoundation.fr\/wp-content\/uploads\/2021\/07\/Prix-Nie\u0301pce2020.png\" \/>\n\t<meta property=\"og:image:width\" content=\"1015\" \/>\n\t<meta property=\"og:image:height\" content=\"814\" \/>\n\t<meta property=\"og:image:type\" content=\"image\/png\" \/>\n<meta name=\"author\" content=\"Ericka Weidmann\" \/>\n<meta name=\"twitter:card\" content=\"summary_large_image\" \/>\n<meta name=\"twitter:label1\" content=\"Written by\" \/>\n\t<meta name=\"twitter:data1\" content=\"Ericka Weidmann\" \/>\n\t<meta name=\"twitter:label2\" content=\"Est. reading time\" \/>\n\t<meta name=\"twitter:data2\" content=\"3 minutes\" \/>\n<script type=\"application\/ld+json\" class=\"yoast-schema-graph\">{\"@context\":\"https:\/\/schema.org\",\"@graph\":[{\"@type\":\"WebPage\",\"@id\":\"https:\/\/www.pictofoundation.fr\/en\/niepce-prize-2020-marina-gadonneix\/\",\"url\":\"https:\/\/www.pictofoundation.fr\/en\/niepce-prize-2020-marina-gadonneix\/\",\"name\":\"Ni\u00e9pce Prize 2020 : Marina Gadonneix - Picto Foundation\",\"isPartOf\":{\"@id\":\"https:\/\/www.pictofoundation.fr\/en\/#website\"},\"primaryImageOfPage\":{\"@id\":\"https:\/\/www.pictofoundation.fr\/en\/niepce-prize-2020-marina-gadonneix\/#primaryimage\"},\"image\":{\"@id\":\"https:\/\/www.pictofoundation.fr\/en\/niepce-prize-2020-marina-gadonneix\/#primaryimage\"},\"thumbnailUrl\":\"https:\/\/www.pictofoundation.fr\/wp-content\/uploads\/2021\/07\/Prix-Nie\u0301pce2020.png\",\"datePublished\":\"2020-11-16T14:53:15+00:00\",\"dateModified\":\"2022-03-28T17:14:15+00:00\",\"author\":{\"@id\":\"https:\/\/www.pictofoundation.fr\/en\/#\/schema\/person\/b80b86e5bfdeda634261a6b76495817c\"},\"breadcrumb\":{\"@id\":\"https:\/\/www.pictofoundation.fr\/en\/niepce-prize-2020-marina-gadonneix\/#breadcrumb\"},\"inLanguage\":\"en-US\",\"potentialAction\":[{\"@type\":\"ReadAction\",\"target\":[\"https:\/\/www.pictofoundation.fr\/en\/niepce-prize-2020-marina-gadonneix\/\"]}]},{\"@type\":\"ImageObject\",\"inLanguage\":\"en-US\",\"@id\":\"https:\/\/www.pictofoundation.fr\/en\/niepce-prize-2020-marina-gadonneix\/#primaryimage\",\"url\":\"https:\/\/www.pictofoundation.fr\/wp-content\/uploads\/2021\/07\/Prix-Nie\u0301pce2020.png\",\"contentUrl\":\"https:\/\/www.pictofoundation.fr\/wp-content\/uploads\/2021\/07\/Prix-Nie\u0301pce2020.png\",\"width\":1015,\"height\":814,\"caption\":\"\u00a9 Marine Gadonneix, laur\u00e9ate du Prix Ni\u00e9pce 2020\"},{\"@type\":\"BreadcrumbList\",\"@id\":\"https:\/\/www.pictofoundation.fr\/en\/niepce-prize-2020-marina-gadonneix\/#breadcrumb\",\"itemListElement\":[{\"@type\":\"ListItem\",\"position\":1,\"name\":\"Accueil\",\"item\":\"https:\/\/www.pictofoundation.fr\/en\/\"},{\"@type\":\"ListItem\",\"position\":2,\"name\":\"Ni\u00e9pce Prize 2020 : Marina Gadonneix\"}]},{\"@type\":\"WebSite\",\"@id\":\"https:\/\/www.pictofoundation.fr\/en\/#website\",\"url\":\"https:\/\/www.pictofoundation.fr\/en\/\",\"name\":\"Picto Foundation\",\"description\":\"Site de la fondation Picto, Groupe Picto\",\"potentialAction\":[{\"@type\":\"SearchAction\",\"target\":{\"@type\":\"EntryPoint\",\"urlTemplate\":\"https:\/\/www.pictofoundation.fr\/en\/?s={search_term_string}\"},\"query-input\":{\"@type\":\"PropertyValueSpecification\",\"valueRequired\":true,\"valueName\":\"search_term_string\"}}],\"inLanguage\":\"en-US\"},{\"@type\":\"Person\",\"@id\":\"https:\/\/www.pictofoundation.fr\/en\/#\/schema\/person\/b80b86e5bfdeda634261a6b76495817c\",\"name\":\"Ericka Weidmann\",\"url\":\"https:\/\/www.pictofoundation.fr\/en\/author\/ericka\/\"}]}<\/script>\n<!-- \/ Yoast SEO plugin. -->","yoast_head_json":{"title":"Ni\u00e9pce Prize 2020 : Marina Gadonneix - Picto Foundation","robots":{"index":"index","follow":"follow","max-snippet":"max-snippet:-1","max-image-preview":"max-image-preview:large","max-video-preview":"max-video-preview:-1"},"canonical":"https:\/\/www.pictofoundation.fr\/en\/niepce-prize-2020-marina-gadonneix\/","og_locale":"en_US","og_type":"article","og_title":"Ni\u00e9pce Prize 2020 : Marina Gadonneix - Picto Foundation","og_description":"Marina Gadonneix est n\u00e9e en 1977 \u00e0 Paris, o\u00f9 elle vit et travaille. Elle est dipl\u00f4m\u00e9e de l\u2019\u00c9cole Nationale Sup\u00e9rieure de la Photographie d\u2019Arles en 2002 et repr\u00e9sent\u00e9e par la galerie Christophe Gaillard \u00e0 Paris. Ses oeuvres ont \u00e9t\u00e9 expos\u00e9es dans de nombreuses institutions, notamment aux Rencontres d\u2019Arles en 2006, 2012 et 2019, au Centre photographique d\u2019Ile de France en 2014, 2017 et actuellement dans le cadre de la trilogie \u00abla photographie \u00e0 l\u2019\u00e9preuve de l\u2019abstraction\u00bb (CPIF, Frac Normandie Rouen, Onde), \u00e0 la Kunsthalle de Tubingen, au Point du Jour \u00e0 Cherbourg, au mus\u00e9e de la Poste, ou encore au CEEAC de Strasbourg en ce moment \u00abPrismes, Goethe, r\u00e9flexions contemporaines\u00bb.","og_url":"https:\/\/www.pictofoundation.fr\/en\/niepce-prize-2020-marina-gadonneix\/","og_site_name":"Picto Foundation","article_published_time":"2020-11-16T14:53:15+00:00","article_modified_time":"2022-03-28T17:14:15+00:00","og_image":[{"width":1015,"height":814,"url":"https:\/\/www.pictofoundation.fr\/wp-content\/uploads\/2021\/07\/Prix-Nie\u0301pce2020.png","type":"image\/png"}],"author":"Ericka Weidmann","twitter_card":"summary_large_image","twitter_misc":{"Written by":"Ericka Weidmann","Est. reading time":"3 minutes"},"schema":{"@context":"https:\/\/schema.org","@graph":[{"@type":"WebPage","@id":"https:\/\/www.pictofoundation.fr\/en\/niepce-prize-2020-marina-gadonneix\/","url":"https:\/\/www.pictofoundation.fr\/en\/niepce-prize-2020-marina-gadonneix\/","name":"Ni\u00e9pce Prize 2020 : Marina Gadonneix - Picto Foundation","isPartOf":{"@id":"https:\/\/www.pictofoundation.fr\/en\/#website"},"primaryImageOfPage":{"@id":"https:\/\/www.pictofoundation.fr\/en\/niepce-prize-2020-marina-gadonneix\/#primaryimage"},"image":{"@id":"https:\/\/www.pictofoundation.fr\/en\/niepce-prize-2020-marina-gadonneix\/#primaryimage"},"thumbnailUrl":"https:\/\/www.pictofoundation.fr\/wp-content\/uploads\/2021\/07\/Prix-Nie\u0301pce2020.png","datePublished":"2020-11-16T14:53:15+00:00","dateModified":"2022-03-28T17:14:15+00:00","author":{"@id":"https:\/\/www.pictofoundation.fr\/en\/#\/schema\/person\/b80b86e5bfdeda634261a6b76495817c"},"breadcrumb":{"@id":"https:\/\/www.pictofoundation.fr\/en\/niepce-prize-2020-marina-gadonneix\/#breadcrumb"},"inLanguage":"en-US","potentialAction":[{"@type":"ReadAction","target":["https:\/\/www.pictofoundation.fr\/en\/niepce-prize-2020-marina-gadonneix\/"]}]},{"@type":"ImageObject","inLanguage":"en-US","@id":"https:\/\/www.pictofoundation.fr\/en\/niepce-prize-2020-marina-gadonneix\/#primaryimage","url":"https:\/\/www.pictofoundation.fr\/wp-content\/uploads\/2021\/07\/Prix-Nie\u0301pce2020.png","contentUrl":"https:\/\/www.pictofoundation.fr\/wp-content\/uploads\/2021\/07\/Prix-Nie\u0301pce2020.png","width":1015,"height":814,"caption":"\u00a9 Marine Gadonneix, laur\u00e9ate du Prix Ni\u00e9pce 2020"},{"@type":"BreadcrumbList","@id":"https:\/\/www.pictofoundation.fr\/en\/niepce-prize-2020-marina-gadonneix\/#breadcrumb","itemListElement":[{"@type":"ListItem","position":1,"name":"Accueil","item":"https:\/\/www.pictofoundation.fr\/en\/"},{"@type":"ListItem","position":2,"name":"Ni\u00e9pce Prize 2020 : Marina Gadonneix"}]},{"@type":"WebSite","@id":"https:\/\/www.pictofoundation.fr\/en\/#website","url":"https:\/\/www.pictofoundation.fr\/en\/","name":"Picto Foundation","description":"Site de la fondation Picto, Groupe Picto","potentialAction":[{"@type":"SearchAction","target":{"@type":"EntryPoint","urlTemplate":"https:\/\/www.pictofoundation.fr\/en\/?s={search_term_string}"},"query-input":{"@type":"PropertyValueSpecification","valueRequired":true,"valueName":"search_term_string"}}],"inLanguage":"en-US"},{"@type":"Person","@id":"https:\/\/www.pictofoundation.fr\/en\/#\/schema\/person\/b80b86e5bfdeda634261a6b76495817c","name":"Ericka Weidmann","url":"https:\/\/www.pictofoundation.fr\/en\/author\/ericka\/"}]}},"_links":{"self":[{"href":"https:\/\/www.pictofoundation.fr\/en\/wp-json\/wp\/v2\/posts\/7203","targetHints":{"allow":["GET"]}}],"collection":[{"href":"https:\/\/www.pictofoundation.fr\/en\/wp-json\/wp\/v2\/posts"}],"about":[{"href":"https:\/\/www.pictofoundation.fr\/en\/wp-json\/wp\/v2\/types\/post"}],"author":[{"embeddable":true,"href":"https:\/\/www.pictofoundation.fr\/en\/wp-json\/wp\/v2\/users\/3"}],"replies":[{"embeddable":true,"href":"https:\/\/www.pictofoundation.fr\/en\/wp-json\/wp\/v2\/comments?post=7203"}],"version-history":[{"count":0,"href":"https:\/\/www.pictofoundation.fr\/en\/wp-json\/wp\/v2\/posts\/7203\/revisions"}],"wp:featuredmedia":[{"embeddable":true,"href":"https:\/\/www.pictofoundation.fr\/en\/wp-json\/wp\/v2\/media\/6637"}],"wp:attachment":[{"href":"https:\/\/www.pictofoundation.fr\/en\/wp-json\/wp\/v2\/media?parent=7203"}],"wp:term":[{"taxonomy":"category","embeddable":true,"href":"https:\/\/www.pictofoundation.fr\/en\/wp-json\/wp\/v2\/categories?post=7203"},{"taxonomy":"post_tag","embeddable":true,"href":"https:\/\/www.pictofoundation.fr\/en\/wp-json\/wp\/v2\/tags?post=7203"}],"curies":[{"name":"wp","href":"https:\/\/api.w.org\/{rel}","templated":true}]}}