{"id":7205,"date":"2021-11-24T12:34:27","date_gmt":"2021-11-24T11:34:27","guid":{"rendered":"https:\/\/www.pictofoundation.fr\/1648455247864\/le-prix-niepce-2021-expose-a-la-bnf\/"},"modified":"2022-03-28T19:08:56","modified_gmt":"2022-03-28T17:08:56","slug":"exhibition-of-niepce-prize-2021-at-bnf","status":"publish","type":"post","link":"https:\/\/www.pictofoundation.fr\/en\/exhibition-of-niepce-prize-2021-at-bnf\/","title":{"rendered":"Exhibition of Ni\u00e9pce Prize 2021 at BnF"},"content":{"rendered":"<figure id=\"attachment_3676\" aria-describedby=\"caption-attachment-3676\" style=\"width: 1024px\" class=\"wp-caption alignnone\"><img loading=\"lazy\" decoding=\"async\" class=\"size-full wp-image-3676\" src=\"http:\/\/www.pictofoundation.fr\/wp-content\/uploads\/2021\/06\/ELOY-DeGlace_\u00a9Gregoire_Eloy_Tendance_Floue-copie.jpg\" alt=\"\" width=\"1024\" height=\"768\" srcset=\"https:\/\/www.pictofoundation.fr\/wp-content\/uploads\/2021\/06\/ELOY-DeGlace_\u00a9Gregoire_Eloy_Tendance_Floue-copie.jpg 1024w, https:\/\/www.pictofoundation.fr\/wp-content\/uploads\/2021\/06\/ELOY-DeGlace_\u00a9Gregoire_Eloy_Tendance_Floue-copie-300x225.jpg 300w, https:\/\/www.pictofoundation.fr\/wp-content\/uploads\/2021\/06\/ELOY-DeGlace_\u00a9Gregoire_Eloy_Tendance_Floue-copie-768x576.jpg 768w, https:\/\/www.pictofoundation.fr\/wp-content\/uploads\/2021\/06\/ELOY-DeGlace_\u00a9Gregoire_Eloy_Tendance_Floue-copie-500x375.jpg 500w, https:\/\/www.pictofoundation.fr\/wp-content\/uploads\/2021\/06\/ELOY-DeGlace_\u00a9Gregoire_Eloy_Tendance_Floue-copie-800x600.jpg 800w\" sizes=\"auto, (max-width: 1024px) 100vw, 1024px\" \/><figcaption id=\"caption-attachment-3676\" class=\"wp-caption-text\">De Glace, Glacier du Rh\u00f4ne, 2020<br \/>\u00a9 Gr\u00e9goire Eloy \/ Tendance Floue<\/figcaption><\/figure>\n<p><strong>INFORMATIONS<\/strong><br \/>\nExhibition of laureate of Ni\u00e9pce Prize 2021<br \/>\nIn part of &#8220;La Photographie \u00e0 tout prix&#8221; exhibition<br \/>\nFrom November 23rd 2021 to February 20th, 2022<br \/>\nLieu : BnF &#8211; Biblioth\u00e8que nationale de France<br \/>\nQuai Fran\u00e7ois Mauriac<br \/>\n75013 Paris &#8211; France<br \/>\n<a href=\"https:\/\/www.bnf.fr\/\" target=\"_blank\" rel=\"noopener\">https:\/\/www.bnf.fr\/<\/a><\/p>\n","protected":false},"excerpt":{"rendered":"<p>INFORMATIONS Exhibition of laureate of Ni\u00e9pce Prize 2021 In part of &#8220;La Photographie \u00e0 tout prix&#8221; exhibition From November 23rd 2021 to February 20th, 2022 Lieu : BnF &#8211; Biblioth\u00e8que nationale de France Quai Fran\u00e7ois Mauriac 75013 Paris &#8211; France https:\/\/www.bnf.fr\/<\/p>\n","protected":false},"author":3,"featured_media":7011,"comment_status":"closed","ping_status":"open","sticky":false,"template":"single-post-style-2.php","format":"standard","meta":{"_acf_changed":false,"_vp_format_video_url":"","_vp_image_focal_point":[],"footnotes":""},"categories":[113],"tags":[102],"class_list":["post-7205","post","type-post","status-publish","format-standard","has-post-thumbnail","hentry","category-prix-niepce-en","tag-prize-niepce"],"acf":[],"yoast_head":"<!-- This site is optimized with the Yoast SEO plugin v25.4 - https:\/\/yoast.com\/wordpress\/plugins\/seo\/ -->\n<title>Exhibition of Ni\u00e9pce Prize 2021 at BnF - Picto Foundation<\/title>\n<meta name=\"robots\" content=\"index, follow, max-snippet:-1, max-image-preview:large, max-video-preview:-1\" \/>\n<link rel=\"canonical\" href=\"https:\/\/www.pictofoundation.fr\/en\/exhibition-of-niepce-prize-2021-at-bnf\/\" \/>\n<meta property=\"og:locale\" content=\"en_US\" \/>\n<meta property=\"og:type\" content=\"article\" \/>\n<meta property=\"og:title\" content=\"Exhibition of Ni\u00e9pce Prize 2021 at BnF - Picto Foundation\" \/>\n<meta property=\"og:description\" content=\"INFORMATIONS Exhibition of laureate of Ni\u00e9pce Prize 2021 In part of &#8220;La Photographie \u00e0 tout prix&#8221; exhibition From November 23rd 2021 to February 20th, 2022 Lieu : BnF &#8211; Biblioth\u00e8que nationale de France Quai Fran\u00e7ois Mauriac 75013 Paris &#8211; France https:\/\/www.bnf.fr\/\" \/>\n<meta property=\"og:url\" content=\"https:\/\/www.pictofoundation.fr\/en\/exhibition-of-niepce-prize-2021-at-bnf\/\" \/>\n<meta property=\"og:site_name\" content=\"Picto Foundation\" \/>\n<meta property=\"article:published_time\" content=\"2021-11-24T11:34:27+00:00\" \/>\n<meta property=\"article:modified_time\" content=\"2022-03-28T17:08:56+00:00\" \/>\n<meta property=\"og:image\" content=\"https:\/\/www.pictofoundation.fr\/wp-content\/uploads\/2021\/11\/La-Faille-Balmuccia-Italie-2016-copie.jpg\" \/>\n\t<meta property=\"og:image:width\" content=\"1500\" \/>\n\t<meta property=\"og:image:height\" content=\"800\" \/>\n\t<meta property=\"og:image:type\" content=\"image\/jpeg\" \/>\n<meta name=\"author\" content=\"Ericka Weidmann\" \/>\n<meta name=\"twitter:card\" content=\"summary_large_image\" \/>\n<meta name=\"twitter:label1\" content=\"Written by\" \/>\n\t<meta name=\"twitter:data1\" content=\"Ericka Weidmann\" \/>\n<script type=\"application\/ld+json\" class=\"yoast-schema-graph\">{\"@context\":\"https:\/\/schema.org\",\"@graph\":[{\"@type\":\"WebPage\",\"@id\":\"https:\/\/www.pictofoundation.fr\/en\/exhibition-of-niepce-prize-2021-at-bnf\/\",\"url\":\"https:\/\/www.pictofoundation.fr\/en\/exhibition-of-niepce-prize-2021-at-bnf\/\",\"name\":\"Exhibition of Ni\u00e9pce Prize 2021 at BnF - Picto Foundation\",\"isPartOf\":{\"@id\":\"https:\/\/www.pictofoundation.fr\/en\/#website\"},\"primaryImageOfPage\":{\"@id\":\"https:\/\/www.pictofoundation.fr\/en\/exhibition-of-niepce-prize-2021-at-bnf\/#primaryimage\"},\"image\":{\"@id\":\"https:\/\/www.pictofoundation.fr\/en\/exhibition-of-niepce-prize-2021-at-bnf\/#primaryimage\"},\"thumbnailUrl\":\"https:\/\/www.pictofoundation.fr\/wp-content\/uploads\/2021\/11\/La-Faille-Balmuccia-Italie-2016-copie.jpg\",\"datePublished\":\"2021-11-24T11:34:27+00:00\",\"dateModified\":\"2022-03-28T17:08:56+00:00\",\"author\":{\"@id\":\"https:\/\/www.pictofoundation.fr\/en\/#\/schema\/person\/b80b86e5bfdeda634261a6b76495817c\"},\"breadcrumb\":{\"@id\":\"https:\/\/www.pictofoundation.fr\/en\/exhibition-of-niepce-prize-2021-at-bnf\/#breadcrumb\"},\"inLanguage\":\"en-US\",\"potentialAction\":[{\"@type\":\"ReadAction\",\"target\":[\"https:\/\/www.pictofoundation.fr\/en\/exhibition-of-niepce-prize-2021-at-bnf\/\"]}]},{\"@type\":\"ImageObject\",\"inLanguage\":\"en-US\",\"@id\":\"https:\/\/www.pictofoundation.fr\/en\/exhibition-of-niepce-prize-2021-at-bnf\/#primaryimage\",\"url\":\"https:\/\/www.pictofoundation.fr\/wp-content\/uploads\/2021\/11\/La-Faille-Balmuccia-Italie-2016-copie.jpg\",\"contentUrl\":\"https:\/\/www.pictofoundation.fr\/wp-content\/uploads\/2021\/11\/La-Faille-Balmuccia-Italie-2016-copie.jpg\",\"width\":1500,\"height\":800,\"caption\":\"Gr\u00e9goire Eloy, laur\u00e9at Prix Ni\u00e9pce. La Faille, Balmuccia, Italie, 2016 \u00a9 Gr\u00e9goire Eloy, Tendance Floue\"},{\"@type\":\"BreadcrumbList\",\"@id\":\"https:\/\/www.pictofoundation.fr\/en\/exhibition-of-niepce-prize-2021-at-bnf\/#breadcrumb\",\"itemListElement\":[{\"@type\":\"ListItem\",\"position\":1,\"name\":\"Accueil\",\"item\":\"https:\/\/www.pictofoundation.fr\/en\/\"},{\"@type\":\"ListItem\",\"position\":2,\"name\":\"Exhibition of Ni\u00e9pce Prize 2021 at BnF\"}]},{\"@type\":\"WebSite\",\"@id\":\"https:\/\/www.pictofoundation.fr\/en\/#website\",\"url\":\"https:\/\/www.pictofoundation.fr\/en\/\",\"name\":\"Picto Foundation\",\"description\":\"Site de la fondation Picto, Groupe Picto\",\"potentialAction\":[{\"@type\":\"SearchAction\",\"target\":{\"@type\":\"EntryPoint\",\"urlTemplate\":\"https:\/\/www.pictofoundation.fr\/en\/?s={search_term_string}\"},\"query-input\":{\"@type\":\"PropertyValueSpecification\",\"valueRequired\":true,\"valueName\":\"search_term_string\"}}],\"inLanguage\":\"en-US\"},{\"@type\":\"Person\",\"@id\":\"https:\/\/www.pictofoundation.fr\/en\/#\/schema\/person\/b80b86e5bfdeda634261a6b76495817c\",\"name\":\"Ericka Weidmann\",\"url\":\"https:\/\/www.pictofoundation.fr\/en\/author\/ericka\/\"}]}<\/script>\n<!-- \/ Yoast SEO plugin. -->","yoast_head_json":{"title":"Exhibition of Ni\u00e9pce Prize 2021 at BnF - Picto Foundation","robots":{"index":"index","follow":"follow","max-snippet":"max-snippet:-1","max-image-preview":"max-image-preview:large","max-video-preview":"max-video-preview:-1"},"canonical":"https:\/\/www.pictofoundation.fr\/en\/exhibition-of-niepce-prize-2021-at-bnf\/","og_locale":"en_US","og_type":"article","og_title":"Exhibition of Ni\u00e9pce Prize 2021 at BnF - Picto Foundation","og_description":"INFORMATIONS Exhibition of laureate of Ni\u00e9pce Prize 2021 In part of &#8220;La Photographie \u00e0 tout prix&#8221; exhibition From November 23rd 2021 to February 20th, 2022 Lieu : BnF &#8211; Biblioth\u00e8que nationale de France Quai Fran\u00e7ois Mauriac 75013 Paris &#8211; France https:\/\/www.bnf.fr\/","og_url":"https:\/\/www.pictofoundation.fr\/en\/exhibition-of-niepce-prize-2021-at-bnf\/","og_site_name":"Picto Foundation","article_published_time":"2021-11-24T11:34:27+00:00","article_modified_time":"2022-03-28T17:08:56+00:00","og_image":[{"width":1500,"height":800,"url":"https:\/\/www.pictofoundation.fr\/wp-content\/uploads\/2021\/11\/La-Faille-Balmuccia-Italie-2016-copie.jpg","type":"image\/jpeg"}],"author":"Ericka Weidmann","twitter_card":"summary_large_image","twitter_misc":{"Written by":"Ericka Weidmann"},"schema":{"@context":"https:\/\/schema.org","@graph":[{"@type":"WebPage","@id":"https:\/\/www.pictofoundation.fr\/en\/exhibition-of-niepce-prize-2021-at-bnf\/","url":"https:\/\/www.pictofoundation.fr\/en\/exhibition-of-niepce-prize-2021-at-bnf\/","name":"Exhibition of Ni\u00e9pce Prize 2021 at BnF - Picto Foundation","isPartOf":{"@id":"https:\/\/www.pictofoundation.fr\/en\/#website"},"primaryImageOfPage":{"@id":"https:\/\/www.pictofoundation.fr\/en\/exhibition-of-niepce-prize-2021-at-bnf\/#primaryimage"},"image":{"@id":"https:\/\/www.pictofoundation.fr\/en\/exhibition-of-niepce-prize-2021-at-bnf\/#primaryimage"},"thumbnailUrl":"https:\/\/www.pictofoundation.fr\/wp-content\/uploads\/2021\/11\/La-Faille-Balmuccia-Italie-2016-copie.jpg","datePublished":"2021-11-24T11:34:27+00:00","dateModified":"2022-03-28T17:08:56+00:00","author":{"@id":"https:\/\/www.pictofoundation.fr\/en\/#\/schema\/person\/b80b86e5bfdeda634261a6b76495817c"},"breadcrumb":{"@id":"https:\/\/www.pictofoundation.fr\/en\/exhibition-of-niepce-prize-2021-at-bnf\/#breadcrumb"},"inLanguage":"en-US","potentialAction":[{"@type":"ReadAction","target":["https:\/\/www.pictofoundation.fr\/en\/exhibition-of-niepce-prize-2021-at-bnf\/"]}]},{"@type":"ImageObject","inLanguage":"en-US","@id":"https:\/\/www.pictofoundation.fr\/en\/exhibition-of-niepce-prize-2021-at-bnf\/#primaryimage","url":"https:\/\/www.pictofoundation.fr\/wp-content\/uploads\/2021\/11\/La-Faille-Balmuccia-Italie-2016-copie.jpg","contentUrl":"https:\/\/www.pictofoundation.fr\/wp-content\/uploads\/2021\/11\/La-Faille-Balmuccia-Italie-2016-copie.jpg","width":1500,"height":800,"caption":"Gr\u00e9goire Eloy, laur\u00e9at Prix Ni\u00e9pce. La Faille, Balmuccia, Italie, 2016 \u00a9 Gr\u00e9goire Eloy, Tendance Floue"},{"@type":"BreadcrumbList","@id":"https:\/\/www.pictofoundation.fr\/en\/exhibition-of-niepce-prize-2021-at-bnf\/#breadcrumb","itemListElement":[{"@type":"ListItem","position":1,"name":"Accueil","item":"https:\/\/www.pictofoundation.fr\/en\/"},{"@type":"ListItem","position":2,"name":"Exhibition of Ni\u00e9pce Prize 2021 at BnF"}]},{"@type":"WebSite","@id":"https:\/\/www.pictofoundation.fr\/en\/#website","url":"https:\/\/www.pictofoundation.fr\/en\/","name":"Picto Foundation","description":"Site de la fondation Picto, Groupe Picto","potentialAction":[{"@type":"SearchAction","target":{"@type":"EntryPoint","urlTemplate":"https:\/\/www.pictofoundation.fr\/en\/?s={search_term_string}"},"query-input":{"@type":"PropertyValueSpecification","valueRequired":true,"valueName":"search_term_string"}}],"inLanguage":"en-US"},{"@type":"Person","@id":"https:\/\/www.pictofoundation.fr\/en\/#\/schema\/person\/b80b86e5bfdeda634261a6b76495817c","name":"Ericka Weidmann","url":"https:\/\/www.pictofoundation.fr\/en\/author\/ericka\/"}]}},"_links":{"self":[{"href":"https:\/\/www.pictofoundation.fr\/en\/wp-json\/wp\/v2\/posts\/7205","targetHints":{"allow":["GET"]}}],"collection":[{"href":"https:\/\/www.pictofoundation.fr\/en\/wp-json\/wp\/v2\/posts"}],"about":[{"href":"https:\/\/www.pictofoundation.fr\/en\/wp-json\/wp\/v2\/types\/post"}],"author":[{"embeddable":true,"href":"https:\/\/www.pictofoundation.fr\/en\/wp-json\/wp\/v2\/users\/3"}],"replies":[{"embeddable":true,"href":"https:\/\/www.pictofoundation.fr\/en\/wp-json\/wp\/v2\/comments?post=7205"}],"version-history":[{"count":0,"href":"https:\/\/www.pictofoundation.fr\/en\/wp-json\/wp\/v2\/posts\/7205\/revisions"}],"wp:featuredmedia":[{"embeddable":true,"href":"https:\/\/www.pictofoundation.fr\/en\/wp-json\/wp\/v2\/media\/7011"}],"wp:attachment":[{"href":"https:\/\/www.pictofoundation.fr\/en\/wp-json\/wp\/v2\/media?parent=7205"}],"wp:term":[{"taxonomy":"category","embeddable":true,"href":"https:\/\/www.pictofoundation.fr\/en\/wp-json\/wp\/v2\/categories?post=7205"},{"taxonomy":"post_tag","embeddable":true,"href":"https:\/\/www.pictofoundation.fr\/en\/wp-json\/wp\/v2\/tags?post=7205"}],"curies":[{"name":"wp","href":"https:\/\/api.w.org\/{rel}","templated":true}]}}