{"id":8181,"date":"2022-12-15T10:00:32","date_gmt":"2022-12-15T09:00:32","guid":{"rendered":"https:\/\/www.pictofoundation.fr\/participer-a-la-troisieme-edition-de-picto-lab-experimenter-limage\/"},"modified":"2023-01-04T18:21:07","modified_gmt":"2023-01-04T17:21:07","slug":"call-for-applications-2023-artist-in-residence-picto-lab-experimenting-with-images","status":"publish","type":"post","link":"https:\/\/www.pictofoundation.fr\/en\/call-for-applications-2023-artist-in-residence-picto-lab-experimenting-with-images\/","title":{"rendered":"Call for applications 2023 : Residency programme PICTO LAB \/ EXPERIMENTING WITH IMAGES"},"content":{"rendered":"<p>AN EXPERIMENTATION AND CREATIVE RESIDENCY SUPPORTED BY A NETWORK OF EXPERTS<\/p>\n<p>PICTO LAB is an annual residency programme that offers a photographer an opportunity to experiment and create within PICTO\u2019s Parisian network of laboratories and production workshops for three months (May, June and July 2023).<\/p>\n<p>For this PICTO LAB programme, Picto Foundation joins forces with various partners who provide support and help publicise the work carried out by the artist-in-residence. These partners are La Fab. &#8211; agn\u00e8s b. endowment fund, the Cit\u00e9 internationale des arts, the a ppr oc he salon and the Dream Big and Grow Fast Foundation.<\/p>\n<p>PICTO LAB aims to facilitate the development of a new project, in particular by allowing a photographer to test techniques and protocols and to use them in unexpected ways to go beyond or explore new potential avenues for photography and its formal rendering.<\/p>\n<p>PICTO LAB is also a space for the photographer to meet and make contact with professionals who can contribute to the development of their work or interact with the residency project.<\/p>\n<p><strong>The call for applications is open to foreign artists.<\/strong> The residency includes a live-in studio or a studio at the Cit\u00e9 internationale des arts (at the Marais site). Travel expenses should be covered by the residency recipient.<\/p>\n<p><strong>APPLICATION REQUIREMENTS<\/strong><\/p>\n<p>\u2022 The PICTO LAB residency is open to photographers who have been working for at least two years. It is to be noted that the jury will be particularly responsive to applications for which such an opportunity could be a real springboard in their career.<\/p>\n<p>\u2022 PICTO FOUNDATION and its partners will support a photographer who has not yet been able to find the resources for experimentation, production and dissemination for the project submitted.<\/p>\n<p>\u2022 The photographer must be presented by a structure (art centre, institution, gallery, etc.) which is committed to presenting an exhibition or installation of the work produced by the resident in the calendar year following the completion of the PICTO LAB residency. This programme aims to extend a discussion around a project in the making, which, thanks to PICTO FOUNDATION and its partners, has the necessary means for experimentation and production. This presentation by the organisation sponsoring the application can only take place after the exhibition, or in agreement with the latter for any other date envisaged.<\/p>\n<p><strong>AGENDA<\/strong><\/p>\n<p>DEADLINE TO SUBMIT APPLICATIONS : FEBRUARY 5, 2023<br \/>\nNOMINATIONS SHORTLIST AND JURY MEETING : END FEBRUARY 2023<br \/>\nRESIDENCY RECIPIENT ANNOUNCEMENT : MID-MARCH 2023<br \/>\nCOMPLETION OF THE RESIDENCY : MAY 4 TO JULY 28, 2023<br \/>\nFIRST PRESENTATION IN CONJUNCTION WITH THE A PPR OC HE SALON : NOVEMBER 2023<\/p>\n<p><a href=\"https:\/\/www.pictofoundation.fr\/wp-content\/uploads\/2022\/12\/CAL_FOR_APPLICATIONS_-PICTO-LAB-2023.pdf\" target=\"_blank\" rel=\"noopener\"><strong>Download Call for applications<\/strong><\/a><\/p>\n<p>Photo : \u00a9 Lucas Leffler, laureate of PICTO LAB \/ EXPERIMENTING THE IMAGES 2023<\/p>\n","protected":false},"excerpt":{"rendered":"<p>PICTO LAB est un programme de r\u00e9sidence qui propose chaque ann\u00e9e \u00e0 un.e artiste de b\u00e9n\u00e9ficier d\u2019un accompagnement \u00e0 l\u2019exp\u00e9rimentation et \u00e0 la cr\u00e9ation pendant trois mois (mai-juin-juillet) \u00e0 Paris au sein du r\u00e9seau de laboratoires et d\u2019ateliers de production de PICTO.<\/p>\n","protected":false},"author":3,"featured_media":8165,"comment_status":"closed","ping_status":"open","sticky":false,"template":"single-post-style-2.php","format":"standard","meta":{"_acf_changed":false,"_vp_format_video_url":"","_vp_image_focal_point":[],"footnotes":""},"categories":[109,7],"tags":[112,111],"class_list":["post-8181","post","type-post","status-publish","format-standard","has-post-thumbnail","hentry","category-residence-en","category-uncategorized","tag-appel-a-candidature-en","tag-residence-en"],"acf":[],"yoast_head":"<!-- This site is optimized with the Yoast SEO plugin v25.4 - https:\/\/yoast.com\/wordpress\/plugins\/seo\/ -->\n<title>Call for applications 2023 : Residency programme PICTO LAB \/ EXPERIMENTING WITH IMAGES - Picto Foundation<\/title>\n<meta name=\"robots\" content=\"index, follow, max-snippet:-1, max-image-preview:large, max-video-preview:-1\" \/>\n<link rel=\"canonical\" href=\"https:\/\/www.pictofoundation.fr\/en\/call-for-applications-2023-artist-in-residence-picto-lab-experimenting-with-images\/\" \/>\n<meta property=\"og:locale\" content=\"en_US\" \/>\n<meta property=\"og:type\" content=\"article\" \/>\n<meta property=\"og:title\" content=\"Call for applications 2023 : Residency programme PICTO LAB \/ EXPERIMENTING WITH IMAGES - Picto Foundation\" \/>\n<meta property=\"og:description\" content=\"PICTO LAB est un programme de r\u00e9sidence qui propose chaque ann\u00e9e \u00e0 un.e artiste de b\u00e9n\u00e9ficier d\u2019un accompagnement \u00e0 l\u2019exp\u00e9rimentation et \u00e0 la cr\u00e9ation pendant trois mois (mai-juin-juillet) \u00e0 Paris au sein du r\u00e9seau de laboratoires et d\u2019ateliers de production de PICTO.\" \/>\n<meta property=\"og:url\" content=\"https:\/\/www.pictofoundation.fr\/en\/call-for-applications-2023-artist-in-residence-picto-lab-experimenting-with-images\/\" \/>\n<meta property=\"og:site_name\" content=\"Picto Foundation\" \/>\n<meta property=\"article:published_time\" content=\"2022-12-15T09:00:32+00:00\" \/>\n<meta property=\"article:modified_time\" content=\"2023-01-04T17:21:07+00:00\" \/>\n<meta property=\"og:image\" content=\"https:\/\/www.pictofoundation.fr\/wp-content\/uploads\/2022\/12\/Sans-titre-2-copie.jpg\" \/>\n\t<meta property=\"og:image:width\" content=\"1024\" \/>\n\t<meta property=\"og:image:height\" content=\"1529\" \/>\n\t<meta property=\"og:image:type\" content=\"image\/jpeg\" \/>\n<meta name=\"author\" content=\"Ericka Weidmann\" \/>\n<meta name=\"twitter:card\" content=\"summary_large_image\" \/>\n<meta name=\"twitter:label1\" content=\"Written by\" \/>\n\t<meta name=\"twitter:data1\" content=\"Ericka Weidmann\" \/>\n\t<meta name=\"twitter:label2\" content=\"Est. reading time\" \/>\n\t<meta name=\"twitter:data2\" content=\"2 minutes\" \/>\n<script type=\"application\/ld+json\" class=\"yoast-schema-graph\">{\"@context\":\"https:\/\/schema.org\",\"@graph\":[{\"@type\":\"WebPage\",\"@id\":\"https:\/\/www.pictofoundation.fr\/en\/call-for-applications-2023-artist-in-residence-picto-lab-experimenting-with-images\/\",\"url\":\"https:\/\/www.pictofoundation.fr\/en\/call-for-applications-2023-artist-in-residence-picto-lab-experimenting-with-images\/\",\"name\":\"Call for applications 2023 : Residency programme PICTO LAB \/ EXPERIMENTING WITH IMAGES - Picto Foundation\",\"isPartOf\":{\"@id\":\"https:\/\/www.pictofoundation.fr\/en\/#website\"},\"primaryImageOfPage\":{\"@id\":\"https:\/\/www.pictofoundation.fr\/en\/call-for-applications-2023-artist-in-residence-picto-lab-experimenting-with-images\/#primaryimage\"},\"image\":{\"@id\":\"https:\/\/www.pictofoundation.fr\/en\/call-for-applications-2023-artist-in-residence-picto-lab-experimenting-with-images\/#primaryimage\"},\"thumbnailUrl\":\"https:\/\/www.pictofoundation.fr\/wp-content\/uploads\/2022\/12\/Sans-titre-2-copie.jpg\",\"datePublished\":\"2022-12-15T09:00:32+00:00\",\"dateModified\":\"2023-01-04T17:21:07+00:00\",\"author\":{\"@id\":\"https:\/\/www.pictofoundation.fr\/en\/#\/schema\/person\/b80b86e5bfdeda634261a6b76495817c\"},\"breadcrumb\":{\"@id\":\"https:\/\/www.pictofoundation.fr\/en\/call-for-applications-2023-artist-in-residence-picto-lab-experimenting-with-images\/#breadcrumb\"},\"inLanguage\":\"en-US\",\"potentialAction\":[{\"@type\":\"ReadAction\",\"target\":[\"https:\/\/www.pictofoundation.fr\/en\/call-for-applications-2023-artist-in-residence-picto-lab-experimenting-with-images\/\"]}]},{\"@type\":\"ImageObject\",\"inLanguage\":\"en-US\",\"@id\":\"https:\/\/www.pictofoundation.fr\/en\/call-for-applications-2023-artist-in-residence-picto-lab-experimenting-with-images\/#primaryimage\",\"url\":\"https:\/\/www.pictofoundation.fr\/wp-content\/uploads\/2022\/12\/Sans-titre-2-copie.jpg\",\"contentUrl\":\"https:\/\/www.pictofoundation.fr\/wp-content\/uploads\/2022\/12\/Sans-titre-2-copie.jpg\",\"width\":1024,\"height\":1529},{\"@type\":\"BreadcrumbList\",\"@id\":\"https:\/\/www.pictofoundation.fr\/en\/call-for-applications-2023-artist-in-residence-picto-lab-experimenting-with-images\/#breadcrumb\",\"itemListElement\":[{\"@type\":\"ListItem\",\"position\":1,\"name\":\"Accueil\",\"item\":\"https:\/\/www.pictofoundation.fr\/en\/\"},{\"@type\":\"ListItem\",\"position\":2,\"name\":\"Call for applications 2023 : Residency programme PICTO LAB \/ EXPERIMENTING WITH IMAGES\"}]},{\"@type\":\"WebSite\",\"@id\":\"https:\/\/www.pictofoundation.fr\/en\/#website\",\"url\":\"https:\/\/www.pictofoundation.fr\/en\/\",\"name\":\"Picto Foundation\",\"description\":\"Site de la fondation Picto, Groupe Picto\",\"potentialAction\":[{\"@type\":\"SearchAction\",\"target\":{\"@type\":\"EntryPoint\",\"urlTemplate\":\"https:\/\/www.pictofoundation.fr\/en\/?s={search_term_string}\"},\"query-input\":{\"@type\":\"PropertyValueSpecification\",\"valueRequired\":true,\"valueName\":\"search_term_string\"}}],\"inLanguage\":\"en-US\"},{\"@type\":\"Person\",\"@id\":\"https:\/\/www.pictofoundation.fr\/en\/#\/schema\/person\/b80b86e5bfdeda634261a6b76495817c\",\"name\":\"Ericka Weidmann\",\"url\":\"https:\/\/www.pictofoundation.fr\/en\/author\/ericka\/\"}]}<\/script>\n<!-- \/ Yoast SEO plugin. -->","yoast_head_json":{"title":"Call for applications 2023 : Residency programme PICTO LAB \/ EXPERIMENTING WITH IMAGES - Picto Foundation","robots":{"index":"index","follow":"follow","max-snippet":"max-snippet:-1","max-image-preview":"max-image-preview:large","max-video-preview":"max-video-preview:-1"},"canonical":"https:\/\/www.pictofoundation.fr\/en\/call-for-applications-2023-artist-in-residence-picto-lab-experimenting-with-images\/","og_locale":"en_US","og_type":"article","og_title":"Call for applications 2023 : Residency programme PICTO LAB \/ EXPERIMENTING WITH IMAGES - Picto Foundation","og_description":"PICTO LAB est un programme de r\u00e9sidence qui propose chaque ann\u00e9e \u00e0 un.e artiste de b\u00e9n\u00e9ficier d\u2019un accompagnement \u00e0 l\u2019exp\u00e9rimentation et \u00e0 la cr\u00e9ation pendant trois mois (mai-juin-juillet) \u00e0 Paris au sein du r\u00e9seau de laboratoires et d\u2019ateliers de production de PICTO.","og_url":"https:\/\/www.pictofoundation.fr\/en\/call-for-applications-2023-artist-in-residence-picto-lab-experimenting-with-images\/","og_site_name":"Picto Foundation","article_published_time":"2022-12-15T09:00:32+00:00","article_modified_time":"2023-01-04T17:21:07+00:00","og_image":[{"width":1024,"height":1529,"url":"https:\/\/www.pictofoundation.fr\/wp-content\/uploads\/2022\/12\/Sans-titre-2-copie.jpg","type":"image\/jpeg"}],"author":"Ericka Weidmann","twitter_card":"summary_large_image","twitter_misc":{"Written by":"Ericka Weidmann","Est. reading time":"2 minutes"},"schema":{"@context":"https:\/\/schema.org","@graph":[{"@type":"WebPage","@id":"https:\/\/www.pictofoundation.fr\/en\/call-for-applications-2023-artist-in-residence-picto-lab-experimenting-with-images\/","url":"https:\/\/www.pictofoundation.fr\/en\/call-for-applications-2023-artist-in-residence-picto-lab-experimenting-with-images\/","name":"Call for applications 2023 : Residency programme PICTO LAB \/ EXPERIMENTING WITH IMAGES - Picto Foundation","isPartOf":{"@id":"https:\/\/www.pictofoundation.fr\/en\/#website"},"primaryImageOfPage":{"@id":"https:\/\/www.pictofoundation.fr\/en\/call-for-applications-2023-artist-in-residence-picto-lab-experimenting-with-images\/#primaryimage"},"image":{"@id":"https:\/\/www.pictofoundation.fr\/en\/call-for-applications-2023-artist-in-residence-picto-lab-experimenting-with-images\/#primaryimage"},"thumbnailUrl":"https:\/\/www.pictofoundation.fr\/wp-content\/uploads\/2022\/12\/Sans-titre-2-copie.jpg","datePublished":"2022-12-15T09:00:32+00:00","dateModified":"2023-01-04T17:21:07+00:00","author":{"@id":"https:\/\/www.pictofoundation.fr\/en\/#\/schema\/person\/b80b86e5bfdeda634261a6b76495817c"},"breadcrumb":{"@id":"https:\/\/www.pictofoundation.fr\/en\/call-for-applications-2023-artist-in-residence-picto-lab-experimenting-with-images\/#breadcrumb"},"inLanguage":"en-US","potentialAction":[{"@type":"ReadAction","target":["https:\/\/www.pictofoundation.fr\/en\/call-for-applications-2023-artist-in-residence-picto-lab-experimenting-with-images\/"]}]},{"@type":"ImageObject","inLanguage":"en-US","@id":"https:\/\/www.pictofoundation.fr\/en\/call-for-applications-2023-artist-in-residence-picto-lab-experimenting-with-images\/#primaryimage","url":"https:\/\/www.pictofoundation.fr\/wp-content\/uploads\/2022\/12\/Sans-titre-2-copie.jpg","contentUrl":"https:\/\/www.pictofoundation.fr\/wp-content\/uploads\/2022\/12\/Sans-titre-2-copie.jpg","width":1024,"height":1529},{"@type":"BreadcrumbList","@id":"https:\/\/www.pictofoundation.fr\/en\/call-for-applications-2023-artist-in-residence-picto-lab-experimenting-with-images\/#breadcrumb","itemListElement":[{"@type":"ListItem","position":1,"name":"Accueil","item":"https:\/\/www.pictofoundation.fr\/en\/"},{"@type":"ListItem","position":2,"name":"Call for applications 2023 : Residency programme PICTO LAB \/ EXPERIMENTING WITH IMAGES"}]},{"@type":"WebSite","@id":"https:\/\/www.pictofoundation.fr\/en\/#website","url":"https:\/\/www.pictofoundation.fr\/en\/","name":"Picto Foundation","description":"Site de la fondation Picto, Groupe Picto","potentialAction":[{"@type":"SearchAction","target":{"@type":"EntryPoint","urlTemplate":"https:\/\/www.pictofoundation.fr\/en\/?s={search_term_string}"},"query-input":{"@type":"PropertyValueSpecification","valueRequired":true,"valueName":"search_term_string"}}],"inLanguage":"en-US"},{"@type":"Person","@id":"https:\/\/www.pictofoundation.fr\/en\/#\/schema\/person\/b80b86e5bfdeda634261a6b76495817c","name":"Ericka Weidmann","url":"https:\/\/www.pictofoundation.fr\/en\/author\/ericka\/"}]}},"_links":{"self":[{"href":"https:\/\/www.pictofoundation.fr\/en\/wp-json\/wp\/v2\/posts\/8181","targetHints":{"allow":["GET"]}}],"collection":[{"href":"https:\/\/www.pictofoundation.fr\/en\/wp-json\/wp\/v2\/posts"}],"about":[{"href":"https:\/\/www.pictofoundation.fr\/en\/wp-json\/wp\/v2\/types\/post"}],"author":[{"embeddable":true,"href":"https:\/\/www.pictofoundation.fr\/en\/wp-json\/wp\/v2\/users\/3"}],"replies":[{"embeddable":true,"href":"https:\/\/www.pictofoundation.fr\/en\/wp-json\/wp\/v2\/comments?post=8181"}],"version-history":[{"count":0,"href":"https:\/\/www.pictofoundation.fr\/en\/wp-json\/wp\/v2\/posts\/8181\/revisions"}],"wp:featuredmedia":[{"embeddable":true,"href":"https:\/\/www.pictofoundation.fr\/en\/wp-json\/wp\/v2\/media\/8165"}],"wp:attachment":[{"href":"https:\/\/www.pictofoundation.fr\/en\/wp-json\/wp\/v2\/media?parent=8181"}],"wp:term":[{"taxonomy":"category","embeddable":true,"href":"https:\/\/www.pictofoundation.fr\/en\/wp-json\/wp\/v2\/categories?post=8181"},{"taxonomy":"post_tag","embeddable":true,"href":"https:\/\/www.pictofoundation.fr\/en\/wp-json\/wp\/v2\/tags?post=8181"}],"curies":[{"name":"wp","href":"https:\/\/api.w.org\/{rel}","templated":true}]}}